{"id":253637,"date":"2020-07-12T15:43:25","date_gmt":"2020-07-12T18:43:25","guid":{"rendered":"https:\/\/jundiai.sp.gov.br\/noticias\/?p=253637"},"modified":"2020-07-13T18:51:40","modified_gmt":"2020-07-13T21:51:40","slug":"nota-a-imprensa-75","status":"publish","type":"post","link":"https:\/\/jundiai.sp.gov.br\/noticias\/2020\/07\/12\/nota-a-imprensa-75\/","title":{"rendered":"Nota \u00e0 Imprensa"},"content":{"rendered":"<p>A Prefeitura de Jundia\u00ed informa que, neste domingo (12), o munic\u00edpio contabiliza mais dois \u00f3bitos de residentes na cidade causados pelo Novo Coronav\u00edrus.<\/p>\n<p>Um deles \u00e9 de um homem de 82 anos, portador de doen\u00e7a cardiovascular cr\u00f4nica, nefropatia e neoplasia. Foi internado no dia 22 de junho e faleceu em 11 de julho no Hospital S\u00e3o Vicente de Paulo.<\/p>\n<p>Outro \u00f3bito \u00e9 de uma mulher de 57 anos obesa. Ela foi internada no dia 29 de junho e faleceu em 11 de julho no S\u00e3o Vicente.<\/p>\n<p>Com estas mortes, Jundia\u00ed passa a contabilizar 236 \u00f3bitos positivos para COVID-19 desde o in\u00edcio da pandemia.<\/p>\n<p><strong>Assessoria de Imprensa<\/strong><\/p>\n","protected":false},"excerpt":{"rendered":"<p>A Prefeitura de Jundia\u00ed informa que, neste domingo (12), o munic\u00edpio contabiliza mais dois \u00f3bitos de residentes na cidade causados pelo Novo Coronav\u00edrus. Um deles \u00e9 de um homem de 82 anos, portador de doen\u00e7a cardiovascular cr\u00f4nica, nefropatia e neoplasia. Foi internado no dia 22 de junho e faleceu em 11 de julho no Hospital [&hellip;]<\/p>\n","protected":false},"author":54,"featured_media":247231,"comment_status":"closed","ping_status":"closed","sticky":false,"template":"","format":"standard","meta":{"footnotes":""},"categories":[2],"tags":[1500],"ods":[],"class_list":["post-253637","post","type-post","status-publish","format-standard","has-post-thumbnail","hentry","category-noticias","tag-coronavirus"],"_links":{"self":[{"href":"https:\/\/jundiai.sp.gov.br\/noticias\/wp-json\/wp\/v2\/posts\/253637","targetHints":{"allow":["GET"]}}],"collection":[{"href":"https:\/\/jundiai.sp.gov.br\/noticias\/wp-json\/wp\/v2\/posts"}],"about":[{"href":"https:\/\/jundiai.sp.gov.br\/noticias\/wp-json\/wp\/v2\/types\/post"}],"author":[{"embeddable":true,"href":"https:\/\/jundiai.sp.gov.br\/noticias\/wp-json\/wp\/v2\/users\/54"}],"replies":[{"embeddable":true,"href":"https:\/\/jundiai.sp.gov.br\/noticias\/wp-json\/wp\/v2\/comments?post=253637"}],"version-history":[{"count":1,"href":"https:\/\/jundiai.sp.gov.br\/noticias\/wp-json\/wp\/v2\/posts\/253637\/revisions"}],"predecessor-version":[{"id":253638,"href":"https:\/\/jundiai.sp.gov.br\/noticias\/wp-json\/wp\/v2\/posts\/253637\/revisions\/253638"}],"wp:featuredmedia":[{"embeddable":true,"href":"https:\/\/jundiai.sp.gov.br\/noticias\/wp-json\/wp\/v2\/media\/247231"}],"wp:attachment":[{"href":"https:\/\/jundiai.sp.gov.br\/noticias\/wp-json\/wp\/v2\/media?parent=253637"}],"wp:term":[{"taxonomy":"category","embeddable":true,"href":"https:\/\/jundiai.sp.gov.br\/noticias\/wp-json\/wp\/v2\/categories?post=253637"},{"taxonomy":"post_tag","embeddable":true,"href":"https:\/\/jundiai.sp.gov.br\/noticias\/wp-json\/wp\/v2\/tags?post=253637"},{"taxonomy":"ods","embeddable":true,"href":"https:\/\/jundiai.sp.gov.br\/noticias\/wp-json\/wp\/v2\/ods?post=253637"}],"curies":[{"name":"wp","href":"https:\/\/api.w.org\/{rel}","templated":true}]}}