{"id":253997,"date":"2020-07-17T17:20:52","date_gmt":"2020-07-17T20:20:52","guid":{"rendered":"https:\/\/jundiai.sp.gov.br\/noticias\/?p=253997"},"modified":"2020-07-17T17:20:52","modified_gmt":"2020-07-17T20:20:52","slug":"sao-vicente-implanta-totem-em-homenagem-aos-colaboradores-e-pacientes-recuperados-da-covid-19","status":"publish","type":"post","link":"https:\/\/jundiai.sp.gov.br\/noticias\/2020\/07\/17\/sao-vicente-implanta-totem-em-homenagem-aos-colaboradores-e-pacientes-recuperados-da-covid-19\/","title":{"rendered":"S\u00e3o Vicente implanta totem em homenagem aos colaboradores e pacientes recuperados da covid-19"},"content":{"rendered":"<p>Com o objetivo de parabenizar os funcion\u00e1rios pelo trabalho desenvolvido frente \u00e0 pandemia, e celebrar a alta dos pacientes recuperados da covid-19, o Hospital de Caridade S\u00e3o Vicente de Paulo (HSV), implantou nesta sexta-feira (17), um totem na entrada da institui\u00e7\u00e3o. O objeto contabiliza a quantidade de pacientes que j\u00e1 venceram a doen\u00e7a, al\u00e9m de possuir frases de motiva\u00e7\u00e3o e agradecimento.<\/p>\n<div id=\"attachment_253998\" style=\"width: 1034px\" class=\"wp-caption aligncenter\"><img loading=\"lazy\" decoding=\"async\" aria-describedby=\"caption-attachment-253998\" class=\"size-large wp-image-253998\" src=\"https:\/\/jundiai.sp.gov.br\/noticias\/wp-content\/uploads\/sites\/32\/2020\/07\/aline-orgulhosa-ao-lado-do-novo-totem-1187x960.jpg\" alt=\"\" width=\"1024\" height=\"828\" srcset=\"https:\/\/jundiai.sp.gov.br\/noticias\/wp-content\/uploads\/sites\/32\/2020\/07\/aline-orgulhosa-ao-lado-do-novo-totem-1187x960.jpg 1187w, https:\/\/jundiai.sp.gov.br\/noticias\/wp-content\/uploads\/sites\/32\/2020\/07\/aline-orgulhosa-ao-lado-do-novo-totem-300x243.jpg 300w, https:\/\/jundiai.sp.gov.br\/noticias\/wp-content\/uploads\/sites\/32\/2020\/07\/aline-orgulhosa-ao-lado-do-novo-totem-768x621.jpg 768w, https:\/\/jundiai.sp.gov.br\/noticias\/wp-content\/uploads\/sites\/32\/2020\/07\/aline-orgulhosa-ao-lado-do-novo-totem-1536x1242.jpg 1536w, https:\/\/jundiai.sp.gov.br\/noticias\/wp-content\/uploads\/sites\/32\/2020\/07\/aline-orgulhosa-ao-lado-do-novo-totem-2048x1656.jpg 2048w\" sizes=\"auto, (max-width: 1024px) 100vw, 1024px\" \/><p id=\"caption-attachment-253998\" class=\"wp-caption-text\">Aline &#8211; orgulhosa ao lado do novo totem<\/p><\/div>\n<p>Em solidariedade, o item foi doado pela empresa de comunica\u00e7\u00e3o visual, LUX Sign, que j\u00e1 havia realizado outras doa\u00e7\u00f5es ao hospital. \u201cN\u00f3s topamos de cara fazer a doa\u00e7\u00e3o desse totem, pois n\u00f3s entendemos que nessa fase de pandemia temos que ajudar uns aos outros. Fizemos de cora\u00e7\u00e3o e o hospital, querendo ou n\u00e3o, \u00e9 nosso, da popula\u00e7\u00e3o. Ficamos honrados em poder fazer parte desse projeto, principalmente pelo fato de noticiar algo bom, vemos tantas not\u00edcias ruins quando o que realmente importa s\u00e3o as not\u00edcias boas, pois em meio a toda essa crise tamb\u00e9m temos muitas vit\u00f3rias\u201d, explica o representante, Diego Lumasini de Campos.<\/p>\n<p>&nbsp;<\/p>\n<p>A iniciativa foi aprovada pelos pacientes, que no momento da alta, passam pelo objeto e se sentem parte dele, como o Sr. Marco Rog\u00e9rio Monteiro de Lima, de 47 anos, que recebeu alta na tarde de hoje, 17 de junho, e emocionado posou ao lado do totem. \u201cEstou muito feliz, gostei muito da homenagem\u201d, disse Marco ao se despedir da equipe na sa\u00edda da institui\u00e7\u00e3o.<\/p>\n<p>&nbsp;<\/p>\n<p>\u201cPara n\u00f3s \u00e9 um momento muito gratificante, ficamos felizes com todas as altas e na maioria das vezes at\u00e9 choramos junto com o paciente e com a fam\u00edlia\u201d, conta a recepcionista, Aline Tarley.<\/p>\n<p>&nbsp;<\/p>\n<div id=\"attachment_253999\" style=\"width: 1034px\" class=\"wp-caption aligncenter\"><img loading=\"lazy\" decoding=\"async\" aria-describedby=\"caption-attachment-253999\" class=\"size-large wp-image-253999\" src=\"https:\/\/jundiai.sp.gov.br\/noticias\/wp-content\/uploads\/sites\/32\/2020\/07\/marco-rogerio-posa-ao-lado-do-totem-na-despedida-do-hsv-1280x720.jpg\" alt=\"\" width=\"1024\" height=\"576\" srcset=\"https:\/\/jundiai.sp.gov.br\/noticias\/wp-content\/uploads\/sites\/32\/2020\/07\/marco-rogerio-posa-ao-lado-do-totem-na-despedida-do-hsv-1280x720.jpg 1280w, https:\/\/jundiai.sp.gov.br\/noticias\/wp-content\/uploads\/sites\/32\/2020\/07\/marco-rogerio-posa-ao-lado-do-totem-na-despedida-do-hsv-300x169.jpg 300w, https:\/\/jundiai.sp.gov.br\/noticias\/wp-content\/uploads\/sites\/32\/2020\/07\/marco-rogerio-posa-ao-lado-do-totem-na-despedida-do-hsv-768x432.jpg 768w, https:\/\/jundiai.sp.gov.br\/noticias\/wp-content\/uploads\/sites\/32\/2020\/07\/marco-rogerio-posa-ao-lado-do-totem-na-despedida-do-hsv-1536x864.jpg 1536w, https:\/\/jundiai.sp.gov.br\/noticias\/wp-content\/uploads\/sites\/32\/2020\/07\/marco-rogerio-posa-ao-lado-do-totem-na-despedida-do-hsv-2048x1152.jpg 2048w\" sizes=\"auto, (max-width: 1024px) 100vw, 1024px\" \/><p id=\"caption-attachment-253999\" class=\"wp-caption-text\">Marco Rog\u00e9rio posa ao lado do totem na despedida do HSV<\/p><\/div>\n<p>&nbsp;<\/p>\n<p>Foto: Divulga\u00e7\u00e3o Assessoria de Imprensa do HSV<\/p>\n","protected":false},"excerpt":{"rendered":"<p>Com o objetivo de parabenizar os funcion\u00e1rios pelo trabalho desenvolvido frente \u00e0 pandemia, e celebrar a alta dos pacientes recuperados da covid-19, o Hospital de Caridade S\u00e3o Vicente de Paulo (HSV), implantou nesta sexta-feira (17), um totem na entrada da institui\u00e7\u00e3o. O objeto contabiliza a quantidade de pacientes que j\u00e1 venceram a doen\u00e7a, al\u00e9m de [&hellip;]<\/p>\n","protected":false},"author":53,"featured_media":0,"comment_status":"closed","ping_status":"closed","sticky":false,"template":"","format":"standard","meta":{"footnotes":""},"categories":[2],"tags":[321],"ods":[],"class_list":["post-253997","post","type-post","status-publish","format-standard","hentry","category-noticias","tag-hospital-de-caridade-sao-vicente-de-paulo"],"_links":{"self":[{"href":"https:\/\/jundiai.sp.gov.br\/noticias\/wp-json\/wp\/v2\/posts\/253997","targetHints":{"allow":["GET"]}}],"collection":[{"href":"https:\/\/jundiai.sp.gov.br\/noticias\/wp-json\/wp\/v2\/posts"}],"about":[{"href":"https:\/\/jundiai.sp.gov.br\/noticias\/wp-json\/wp\/v2\/types\/post"}],"author":[{"embeddable":true,"href":"https:\/\/jundiai.sp.gov.br\/noticias\/wp-json\/wp\/v2\/users\/53"}],"replies":[{"embeddable":true,"href":"https:\/\/jundiai.sp.gov.br\/noticias\/wp-json\/wp\/v2\/comments?post=253997"}],"version-history":[{"count":1,"href":"https:\/\/jundiai.sp.gov.br\/noticias\/wp-json\/wp\/v2\/posts\/253997\/revisions"}],"predecessor-version":[{"id":254000,"href":"https:\/\/jundiai.sp.gov.br\/noticias\/wp-json\/wp\/v2\/posts\/253997\/revisions\/254000"}],"wp:attachment":[{"href":"https:\/\/jundiai.sp.gov.br\/noticias\/wp-json\/wp\/v2\/media?parent=253997"}],"wp:term":[{"taxonomy":"category","embeddable":true,"href":"https:\/\/jundiai.sp.gov.br\/noticias\/wp-json\/wp\/v2\/categories?post=253997"},{"taxonomy":"post_tag","embeddable":true,"href":"https:\/\/jundiai.sp.gov.br\/noticias\/wp-json\/wp\/v2\/tags?post=253997"},{"taxonomy":"ods","embeddable":true,"href":"https:\/\/jundiai.sp.gov.br\/noticias\/wp-json\/wp\/v2\/ods?post=253997"}],"curies":[{"name":"wp","href":"https:\/\/api.w.org\/{rel}","templated":true}]}}