{"id":254002,"date":"2020-07-17T17:40:25","date_gmt":"2020-07-17T20:40:25","guid":{"rendered":"https:\/\/jundiai.sp.gov.br\/noticias\/?p=254002"},"modified":"2020-07-17T17:46:04","modified_gmt":"2020-07-17T20:46:04","slug":"no-sao-vicente-10-altas-nesta-sexta-feira","status":"publish","type":"post","link":"https:\/\/jundiai.sp.gov.br\/noticias\/2020\/07\/17\/no-sao-vicente-10-altas-nesta-sexta-feira\/","title":{"rendered":"No S\u00e3o Vicente: 10 altas nesta sexta-feira"},"content":{"rendered":"<p>Para dez pacientes essa sexta-feira, dia 17, ser\u00e1 lembrada como uma data especial, na qual superaram uma das doen\u00e7as mais temidas do \u00faltimo s\u00e9culo. Todos tiveram alta m\u00e9dica do Hospital de Caridade S\u00e3o Vicente de Paulo (HSV) e do Hospital de Campanha do Munic\u00edpio ap\u00f3s o diagn\u00f3stico positivo para a covid-19.<\/p>\n<p>At\u00e9 o final da tarde, tr\u00eas pacientes internados no HSV deixaram a institui\u00e7\u00e3o, sendo homenageados com flores, gentilmente cedidas pela Keka Flores, e por meio de um totem implantado na recep\u00e7\u00e3o do Hospital, doado pela empresa de comunica\u00e7\u00e3o visual LUX Sign, para lembrar cada vit\u00f3ria \u2013 mais de 500 pessoas recuperadas &#8211; e tamb\u00e9m todos que est\u00e3o na linha de frente. At\u00e9 o final do dia, mais quatro pacientes ter\u00e3o alta. Dentre os que j\u00e1 foram pra casa est\u00e3o, Geraldo Jos\u00e9 de Selis, 77 anos, internado desde o dia 12 de julho; Mariana Paulino de Moura, 72 anos, internada durante exatos 30 dias; e Marco Rog\u00e9rio Monteiro de Lima, 47 anos, internado desde o dia 12 deste m\u00eas.<\/p>\n<p>J\u00e1 no Hospital de Campanha, tr\u00eas pacientes puderam se despedir da equipe e ir ao encontro de seus familiares. Levando consigo certificado impresso \u201ceu venci a covid-19\u201d. S\u00e3o eles, Geni Quintiliano, 50 anos, internada no dia 14 de julho; Valdeci da Silva, 58 anos, internado desde o dia 09 de julho; e Jos\u00e9 Ribeiro da Silva, 53 anos, internado no dia 12 de julho.<\/p>\n<p><strong>Foto: divulga\u00e7\u00e3o Assessoria de Imprensa HSV<\/strong><\/p>\n","protected":false},"excerpt":{"rendered":"<p>Para dez pacientes essa sexta-feira, dia 17, ser\u00e1 lembrada como uma data especial, na qual superaram uma das doen\u00e7as mais temidas do \u00faltimo s\u00e9culo. Todos tiveram alta m\u00e9dica do Hospital de Caridade S\u00e3o Vicente de Paulo (HSV) e do Hospital de Campanha do Munic\u00edpio ap\u00f3s o diagn\u00f3stico positivo para a covid-19. At\u00e9 o final da [&hellip;]<\/p>\n","protected":false},"author":53,"featured_media":253842,"comment_status":"closed","ping_status":"closed","sticky":false,"template":"","format":"standard","meta":{"footnotes":""},"categories":[2],"tags":[321],"ods":[],"class_list":["post-254002","post","type-post","status-publish","format-standard","has-post-thumbnail","hentry","category-noticias","tag-hospital-de-caridade-sao-vicente-de-paulo"],"_links":{"self":[{"href":"https:\/\/jundiai.sp.gov.br\/noticias\/wp-json\/wp\/v2\/posts\/254002","targetHints":{"allow":["GET"]}}],"collection":[{"href":"https:\/\/jundiai.sp.gov.br\/noticias\/wp-json\/wp\/v2\/posts"}],"about":[{"href":"https:\/\/jundiai.sp.gov.br\/noticias\/wp-json\/wp\/v2\/types\/post"}],"author":[{"embeddable":true,"href":"https:\/\/jundiai.sp.gov.br\/noticias\/wp-json\/wp\/v2\/users\/53"}],"replies":[{"embeddable":true,"href":"https:\/\/jundiai.sp.gov.br\/noticias\/wp-json\/wp\/v2\/comments?post=254002"}],"version-history":[{"count":4,"href":"https:\/\/jundiai.sp.gov.br\/noticias\/wp-json\/wp\/v2\/posts\/254002\/revisions"}],"predecessor-version":[{"id":254007,"href":"https:\/\/jundiai.sp.gov.br\/noticias\/wp-json\/wp\/v2\/posts\/254002\/revisions\/254007"}],"wp:featuredmedia":[{"embeddable":true,"href":"https:\/\/jundiai.sp.gov.br\/noticias\/wp-json\/wp\/v2\/media\/253842"}],"wp:attachment":[{"href":"https:\/\/jundiai.sp.gov.br\/noticias\/wp-json\/wp\/v2\/media?parent=254002"}],"wp:term":[{"taxonomy":"category","embeddable":true,"href":"https:\/\/jundiai.sp.gov.br\/noticias\/wp-json\/wp\/v2\/categories?post=254002"},{"taxonomy":"post_tag","embeddable":true,"href":"https:\/\/jundiai.sp.gov.br\/noticias\/wp-json\/wp\/v2\/tags?post=254002"},{"taxonomy":"ods","embeddable":true,"href":"https:\/\/jundiai.sp.gov.br\/noticias\/wp-json\/wp\/v2\/ods?post=254002"}],"curies":[{"name":"wp","href":"https:\/\/api.w.org\/{rel}","templated":true}]}}