{"id":254095,"date":"2020-07-21T12:21:56","date_gmt":"2020-07-21T15:21:56","guid":{"rendered":"https:\/\/jundiai.sp.gov.br\/noticias\/?p=254095"},"modified":"2020-07-21T16:51:53","modified_gmt":"2020-07-21T19:51:53","slug":"conselho-da-pessoa-com-deficiencia-tera-reuniao-on-line-aberta-ao-publico","status":"publish","type":"post","link":"https:\/\/jundiai.sp.gov.br\/noticias\/2020\/07\/21\/conselho-da-pessoa-com-deficiencia-tera-reuniao-on-line-aberta-ao-publico\/","title":{"rendered":"Conselho da Pessoa Com Defici\u00eancia ter\u00e1 reuni\u00e3o on-line aberta ao p\u00fablico"},"content":{"rendered":"<p>Ser\u00e1 realizada nesta quinta (23) a reuni\u00e3o ordin\u00e1ria do Conselho Municipal dos Direitos da Pessoa com Defici\u00eancia (CMDPCD), de forma on-line, devido \u00e0 pandemia do novo coronav\u00edrus. O encontro \u00e9 aberto ao p\u00fablico, a partir das 9h. Para participar, <a href=\"https:\/\/meet.google.com\/inu-vnus-omt?hs=122&amp;authuser=0\">basta clicar aqui<\/a>.<\/p>\n<p>Entre os temas da reuni\u00e3o, estar\u00e1 o atendimento das pessoas, nesse momento, por entidades como o N\u00facleo de Assist\u00eancia \u00e0 Pessoa com Defici\u00eancia (NAPD), Programa de Esportes e Atividades Motoras Adaptadas (PEAMA) e as unidades de gest\u00e3o de Educa\u00e7\u00e3o e Promo\u00e7\u00e3o da Sa\u00fade. Tamb\u00e9m ser\u00e1 discutido o novo formato das reuni\u00f5es durante a pandemia.<\/p>\n<div id=\"attachment_254111\" style=\"width: 1290px\" class=\"wp-caption aligncenter\"><img loading=\"lazy\" decoding=\"async\" aria-describedby=\"caption-attachment-254111\" class=\"size-full wp-image-254111\" src=\"https:\/\/jundiai.sp.gov.br\/noticias\/wp-content\/uploads\/sites\/32\/2020\/07\/conselho_pessoa_com_deficiencia-11-1.jpg\" alt=\"\" width=\"1280\" height=\"832\" srcset=\"https:\/\/jundiai.sp.gov.br\/noticias\/wp-content\/uploads\/sites\/32\/2020\/07\/conselho_pessoa_com_deficiencia-11-1.jpg 1280w, https:\/\/jundiai.sp.gov.br\/noticias\/wp-content\/uploads\/sites\/32\/2020\/07\/conselho_pessoa_com_deficiencia-11-1-300x195.jpg 300w, https:\/\/jundiai.sp.gov.br\/noticias\/wp-content\/uploads\/sites\/32\/2020\/07\/conselho_pessoa_com_deficiencia-11-1-768x499.jpg 768w\" sizes=\"auto, (max-width: 1280px) 100vw, 1280px\" \/><p id=\"caption-attachment-254111\" class=\"wp-caption-text\">Posse do CMDPCD, em agosto do ano passado: reuni\u00f5es on-line durante a pandemia<\/p><\/div>\n<p>O CMDPCD foi eleito para o bi\u00eanio 2019\/2021, conforme determina a Lei Municipal 6.059\/2003. O Conselho \u00e9 composto por 30 pessoas (entre titulares e suplentes), representando o Poder P\u00fablico, a Sociedade Civil, Movimentos e A\u00e7\u00f5es de PCD e outras entidades, e \u00e9 presidido por Ivanilde Oliveira de Jesus.<\/p>\n<p><strong>Assessoria de Imprensa<\/strong><br \/>\n<strong>Fotos: Fot\u00f3grafos PMJ<\/strong><\/p>\n<p>&nbsp;<\/p>\n","protected":false},"excerpt":{"rendered":"<p>Ser\u00e1 realizada nesta quinta (23) a reuni\u00e3o ordin\u00e1ria do Conselho Municipal dos Direitos da Pessoa com Defici\u00eancia (CMDPCD), de forma on-line, devido \u00e0 pandemia do novo coronav\u00edrus. O encontro \u00e9 aberto ao p\u00fablico, a partir das 9h. Para participar, basta clicar aqui. Entre os temas da reuni\u00e3o, estar\u00e1 o atendimento das pessoas, nesse momento, por [&hellip;]<\/p>\n","protected":false},"author":45,"featured_media":0,"comment_status":"closed","ping_status":"closed","sticky":false,"template":"","format":"standard","meta":{"footnotes":""},"categories":[2],"tags":[62,1440],"ods":[],"class_list":["post-254095","post","type-post","status-publish","format-standard","hentry","category-noticias","tag-casa-civil","tag-conselho-municipal-dos-direitos-da-pessoa-com-deficiencia"],"_links":{"self":[{"href":"https:\/\/jundiai.sp.gov.br\/noticias\/wp-json\/wp\/v2\/posts\/254095","targetHints":{"allow":["GET"]}}],"collection":[{"href":"https:\/\/jundiai.sp.gov.br\/noticias\/wp-json\/wp\/v2\/posts"}],"about":[{"href":"https:\/\/jundiai.sp.gov.br\/noticias\/wp-json\/wp\/v2\/types\/post"}],"author":[{"embeddable":true,"href":"https:\/\/jundiai.sp.gov.br\/noticias\/wp-json\/wp\/v2\/users\/45"}],"replies":[{"embeddable":true,"href":"https:\/\/jundiai.sp.gov.br\/noticias\/wp-json\/wp\/v2\/comments?post=254095"}],"version-history":[{"count":7,"href":"https:\/\/jundiai.sp.gov.br\/noticias\/wp-json\/wp\/v2\/posts\/254095\/revisions"}],"predecessor-version":[{"id":254154,"href":"https:\/\/jundiai.sp.gov.br\/noticias\/wp-json\/wp\/v2\/posts\/254095\/revisions\/254154"}],"wp:attachment":[{"href":"https:\/\/jundiai.sp.gov.br\/noticias\/wp-json\/wp\/v2\/media?parent=254095"}],"wp:term":[{"taxonomy":"category","embeddable":true,"href":"https:\/\/jundiai.sp.gov.br\/noticias\/wp-json\/wp\/v2\/categories?post=254095"},{"taxonomy":"post_tag","embeddable":true,"href":"https:\/\/jundiai.sp.gov.br\/noticias\/wp-json\/wp\/v2\/tags?post=254095"},{"taxonomy":"ods","embeddable":true,"href":"https:\/\/jundiai.sp.gov.br\/noticias\/wp-json\/wp\/v2\/ods?post=254095"}],"curies":[{"name":"wp","href":"https:\/\/api.w.org\/{rel}","templated":true}]}}