{"id":254649,"date":"2020-07-29T14:28:55","date_gmt":"2020-07-29T17:28:55","guid":{"rendered":"https:\/\/jundiai.sp.gov.br\/noticias\/?p=254649"},"modified":"2020-07-29T15:37:24","modified_gmt":"2020-07-29T18:37:24","slug":"pavimentacao-da-avenida-julius-pauli-no-ivoturucaia-esta-90-concluida","status":"publish","type":"post","link":"https:\/\/jundiai.sp.gov.br\/noticias\/2020\/07\/29\/pavimentacao-da-avenida-julius-pauli-no-ivoturucaia-esta-90-concluida\/","title":{"rendered":"Pavimenta\u00e7\u00e3o da avenida Julius Pauli, no Ivoturucaia, est\u00e1 90% conclu\u00edda"},"content":{"rendered":"<p>Um dos bairros lim\u00edtrofes de Jundia\u00ed, Ivoturucaia est\u00e1 localizado na regi\u00e3o Leste de Jundia\u00ed. Com parcela da \u00e1rea ainda produtiva rural, o bairro recebe investimentos em Infraestrutura e Educa\u00e7\u00e3o pela Prefeitura de Jundia\u00ed. Entre as obras em andamento, est\u00e1 a cobertura da quadra poliesportiva da Escola Municipal de Educa\u00e7\u00e3o B\u00e1sica (EMEB) Professora Luzia Francisca de Souza Martins e a drenagem, pavimenta\u00e7\u00e3o e ilumina\u00e7\u00e3o da avenida Julius Pauli, que liga o bairro \u00e0 regi\u00e3o da Col\u00f4nia. Na escola, 79,35% dos servi\u00e7os est\u00e3o finalizados; j\u00e1 a pavimenta\u00e7\u00e3o 90%.<\/p>\n<p>Claudionor Galego, 78 anos, mora na avenida Julius Pauli h\u00e1 mais de 30 anos, mesmo per\u00edodo que esperava pelo asfalto. &#8220;Aguardamos por essa obra h\u00e1 muito tempo. Hoje, ver o asfalto acontecer \u00e9 motivo de alegria&#8221;, comenta.<\/p>\n<div id=\"attachment_254662\" style=\"width: 1333px\" class=\"wp-caption aligncenter\"><img loading=\"lazy\" decoding=\"async\" aria-describedby=\"caption-attachment-254662\" class=\"size-full wp-image-254662\" src=\"https:\/\/jundiai.sp.gov.br\/noticias\/wp-content\/uploads\/sites\/32\/2020\/07\/prefeito_visita_obra_julius_pauli-72.jpg\" alt=\"\" width=\"1323\" height=\"882\" srcset=\"https:\/\/jundiai.sp.gov.br\/noticias\/wp-content\/uploads\/sites\/32\/2020\/07\/prefeito_visita_obra_julius_pauli-72.jpg 1323w, https:\/\/jundiai.sp.gov.br\/noticias\/wp-content\/uploads\/sites\/32\/2020\/07\/prefeito_visita_obra_julius_pauli-72-300x200.jpg 300w, https:\/\/jundiai.sp.gov.br\/noticias\/wp-content\/uploads\/sites\/32\/2020\/07\/prefeito_visita_obra_julius_pauli-72-1280x853.jpg 1280w, https:\/\/jundiai.sp.gov.br\/noticias\/wp-content\/uploads\/sites\/32\/2020\/07\/prefeito_visita_obra_julius_pauli-72-768x512.jpg 768w, https:\/\/jundiai.sp.gov.br\/noticias\/wp-content\/uploads\/sites\/32\/2020\/07\/prefeito_visita_obra_julius_pauli-72-450x300.jpg 450w\" sizes=\"auto, (max-width: 1323px) 100vw, 1323px\" \/><p id=\"caption-attachment-254662\" class=\"wp-caption-text\">Pavimenta\u00e7\u00e3o, drenagem e ilumina\u00e7\u00e3o da avenida Julius Pauli est\u00e1 pr\u00f3xima dos 90% de execu\u00e7\u00e3o<\/p><\/div>\n<p>&nbsp;<\/p>\n<p>Os servi\u00e7os foram vistoriados pelo Prefeito Luiz Fernando Machado, acompanhado pelos gestores das \u00e1reas na manh\u00e3 desta quarta-feira (29). &#8220;Ambas as obras foram iniciadas no m\u00eas de fevereiro e v\u00eam sendo executadas no prazo estabelecido. A quadra coberta na escola oferece mais um espa\u00e7o para aprendizagem dos alunos. No caso da pavimenta\u00e7\u00e3o, significa melhores condi\u00e7\u00f5es de mobilidade urbana para os moradores&#8221;, avalia o prefeito.<\/p>\n<p>A unidade de ensino, constru\u00edda em 2008, n\u00e3o passou por reforma anteriormente e recebe 680 alunos entre 4 anos a 10 anos. &#8220;O espa\u00e7o da escola \u00e9 grande e \u00e9 poss\u00edvel implementar v\u00e1rias brincadeiras direcionadas ao ar livre para o desenvolvimento motor e cognitivo. A Educa\u00e7\u00e3o inova ao propor desafios para que as crian\u00e7as, e, desta forma, as prepara para os anos futuros&#8221;, comenta a gestora da Unidade de Gest\u00e3o de Educa\u00e7\u00e3o (UGE), Vast\u00ed Ferrari Marques.<\/p>\n<p><img loading=\"lazy\" decoding=\"async\" class=\"size-full wp-image-254659 aligncenter\" src=\"https:\/\/jundiai.sp.gov.br\/noticias\/wp-content\/uploads\/sites\/32\/2020\/07\/prefeito_visita_obra_emeb_luzia_francisca-194.jpg\" alt=\"\" width=\"1323\" height=\"882\" srcset=\"https:\/\/jundiai.sp.gov.br\/noticias\/wp-content\/uploads\/sites\/32\/2020\/07\/prefeito_visita_obra_emeb_luzia_francisca-194.jpg 1323w, https:\/\/jundiai.sp.gov.br\/noticias\/wp-content\/uploads\/sites\/32\/2020\/07\/prefeito_visita_obra_emeb_luzia_francisca-194-300x200.jpg 300w, https:\/\/jundiai.sp.gov.br\/noticias\/wp-content\/uploads\/sites\/32\/2020\/07\/prefeito_visita_obra_emeb_luzia_francisca-194-1280x853.jpg 1280w, https:\/\/jundiai.sp.gov.br\/noticias\/wp-content\/uploads\/sites\/32\/2020\/07\/prefeito_visita_obra_emeb_luzia_francisca-194-768x512.jpg 768w, https:\/\/jundiai.sp.gov.br\/noticias\/wp-content\/uploads\/sites\/32\/2020\/07\/prefeito_visita_obra_emeb_luzia_francisca-194-450x300.jpg 450w\" sizes=\"auto, (max-width: 1323px) 100vw, 1323px\" \/><\/p>\n<p>De acordo com o gestor adjunto da Unidade de Gest\u00e3o de Infraestrutura e Servi\u00e7os P\u00fablicos, Ademir Pedro Victor, o asfaltamento da via de 1.650 metros de extens\u00e3o tem 11,42 mil metros quadrados de obra mais 4,2 mil metros de cal\u00e7adas, 29 pontos de verifica\u00e7\u00e3o e 52 bocas de lobo. &#8220;O asfalto usado na pavimenta\u00e7\u00e3o \u00e9 &#8216;ecol\u00f3gico&#8217;, tendo em sua composi\u00e7\u00e3o restos da fresagem (raspagem) de outras obras de recapeamento. Este reaproveitamento do material tem import\u00e2ncia para o meio ambiente e tamb\u00e9m gera economia de recursos aos cofres p\u00fablicos, al\u00e9m de garantir qualidade de vida para quem mora em ruas, antes, de terra&#8221;, salienta. O investimento na drenagem e pavimenta\u00e7\u00e3o \u00e9 de R$ 3,9 milh\u00f5es.<\/p>\n<p>Tamb\u00e9m acompanharam as vistorias os vereadores Rog\u00e9rio Ricardo e Rafael Antonucci.<\/p>\n<p><strong>Assessoria de Imprensa<\/strong><\/p>\n<p><strong>Fotos: Fot\u00f3grafos PMJ<\/strong><\/p>\n<p>&nbsp;<\/p>\n","protected":false},"excerpt":{"rendered":"<p>Um dos bairros lim\u00edtrofes de Jundia\u00ed, Ivoturucaia est\u00e1 localizado na regi\u00e3o Leste de Jundia\u00ed. Com parcela da \u00e1rea ainda produtiva rural, o bairro recebe investimentos em Infraestrutura e Educa\u00e7\u00e3o pela Prefeitura de Jundia\u00ed. Entre as obras em andamento, est\u00e1 a cobertura da quadra poliesportiva da Escola Municipal de Educa\u00e7\u00e3o B\u00e1sica (EMEB) Professora Luzia Francisca de [&hellip;]<\/p>\n","protected":false},"author":39,"featured_media":254662,"comment_status":"closed","ping_status":"closed","sticky":false,"template":"","format":"standard","meta":{"footnotes":""},"categories":[2],"tags":[6,985],"ods":[],"class_list":["post-254649","post","type-post","status-publish","format-standard","has-post-thumbnail","hentry","category-noticias","tag-educacao","tag-infraestrutura-e-servicos-publicos"],"_links":{"self":[{"href":"https:\/\/jundiai.sp.gov.br\/noticias\/wp-json\/wp\/v2\/posts\/254649","targetHints":{"allow":["GET"]}}],"collection":[{"href":"https:\/\/jundiai.sp.gov.br\/noticias\/wp-json\/wp\/v2\/posts"}],"about":[{"href":"https:\/\/jundiai.sp.gov.br\/noticias\/wp-json\/wp\/v2\/types\/post"}],"author":[{"embeddable":true,"href":"https:\/\/jundiai.sp.gov.br\/noticias\/wp-json\/wp\/v2\/users\/39"}],"replies":[{"embeddable":true,"href":"https:\/\/jundiai.sp.gov.br\/noticias\/wp-json\/wp\/v2\/comments?post=254649"}],"version-history":[{"count":18,"href":"https:\/\/jundiai.sp.gov.br\/noticias\/wp-json\/wp\/v2\/posts\/254649\/revisions"}],"predecessor-version":[{"id":254674,"href":"https:\/\/jundiai.sp.gov.br\/noticias\/wp-json\/wp\/v2\/posts\/254649\/revisions\/254674"}],"wp:featuredmedia":[{"embeddable":true,"href":"https:\/\/jundiai.sp.gov.br\/noticias\/wp-json\/wp\/v2\/media\/254662"}],"wp:attachment":[{"href":"https:\/\/jundiai.sp.gov.br\/noticias\/wp-json\/wp\/v2\/media?parent=254649"}],"wp:term":[{"taxonomy":"category","embeddable":true,"href":"https:\/\/jundiai.sp.gov.br\/noticias\/wp-json\/wp\/v2\/categories?post=254649"},{"taxonomy":"post_tag","embeddable":true,"href":"https:\/\/jundiai.sp.gov.br\/noticias\/wp-json\/wp\/v2\/tags?post=254649"},{"taxonomy":"ods","embeddable":true,"href":"https:\/\/jundiai.sp.gov.br\/noticias\/wp-json\/wp\/v2\/ods?post=254649"}],"curies":[{"name":"wp","href":"https:\/\/api.w.org\/{rel}","templated":true}]}}