{"id":254950,"date":"2020-07-31T16:44:14","date_gmt":"2020-07-31T19:44:14","guid":{"rendered":"https:\/\/jundiai.sp.gov.br\/noticias\/?p=254950"},"modified":"2020-07-31T16:44:14","modified_gmt":"2020-07-31T19:44:14","slug":"com-direito-a-homenagem-surpresa-sao-vicente-encerra-semana-com-mais-81-altas","status":"publish","type":"post","link":"https:\/\/jundiai.sp.gov.br\/noticias\/2020\/07\/31\/com-direito-a-homenagem-surpresa-sao-vicente-encerra-semana-com-mais-81-altas\/","title":{"rendered":"Com direito a homenagem surpresa, S\u00e3o Vicente encerra semana com mais 81 altas"},"content":{"rendered":"<p>O Hospital de Caridade S\u00e3o Vicente de Paulo (HSV) registrou, ao longo da semana, mais 81 altas de pacientes recuperados da covid-19. Entre as diversas a\u00e7\u00f5es de agradecimentos, os familiares enviaram doces, cartas, flores e at\u00e9 placas gravadas em a\u00e7o como forma de homenagear os profissionais de sa\u00fade que atuam na institui\u00e7\u00e3o.<\/p>\n<div id=\"attachment_254952\" style=\"width: 1050px\" class=\"wp-caption aligncenter\"><img loading=\"lazy\" decoding=\"async\" aria-describedby=\"caption-attachment-254952\" class=\"size-full wp-image-254952\" src=\"https:\/\/jundiai.sp.gov.br\/noticias\/wp-content\/uploads\/sites\/32\/2020\/07\/amilton-cassiano-87-anos.jpg\" alt=\"\" width=\"1040\" height=\"780\" srcset=\"https:\/\/jundiai.sp.gov.br\/noticias\/wp-content\/uploads\/sites\/32\/2020\/07\/amilton-cassiano-87-anos.jpg 1040w, https:\/\/jundiai.sp.gov.br\/noticias\/wp-content\/uploads\/sites\/32\/2020\/07\/amilton-cassiano-87-anos-300x225.jpg 300w, https:\/\/jundiai.sp.gov.br\/noticias\/wp-content\/uploads\/sites\/32\/2020\/07\/amilton-cassiano-87-anos-768x576.jpg 768w\" sizes=\"auto, (max-width: 1040px) 100vw, 1040px\" \/><p id=\"caption-attachment-254952\" class=\"wp-caption-text\">Amilton Cassiano &#8211; 87 anos<\/p><\/div>\n<p>Ademar Grego Filho, de 74 anos, foi um dos pacientes que venceram o coronav\u00edrus. \u201cEstou muito feliz. Eu desejo tudo de melhor para os funcion\u00e1rios de todos os setores e principalmente dos que cuidaram de mim. Quem planta o bem, colhe o bem. Que Deus aben\u00e7oe voc\u00eas\u201d.<\/p>\n<p>&nbsp;<\/p>\n<p>Tamb\u00e9m celebraram a boa not\u00edcia, Amilton Cassiano, de 87 anos, Marcia Donizete, de 57 anos, Rosalina Cruz de Lima, de 59 anos, Angela Ines Bueno Esbrissa, de 63 anos, Laerte Siqueira, de 67 anos, entre tantos outros guerreiros.<\/p>\n<p>&nbsp;<\/p>\n<p>Nesta sexta-feira (31), tamb\u00e9m compareceu ao hospital, o paciente Tiago Silso das Neves, de 39 anos, que ap\u00f3s ficar internado com a doen\u00e7a no m\u00eas passado, resolveu fazer uma surpresa para o hospital e a equipe m\u00e9dica que o atendeu.<\/p>\n<p>&nbsp;<\/p>\n<p>\u201c\u00c9 uma forma de expressar minha gratid\u00e3o por tudo que esses m\u00e9dicos e o hospital fizeram por mim, por terem feito eu voltar para minha fam\u00edlia. Atrav\u00e9s dessas placas, eu gostaria de ressaltar a import\u00e2ncia de todos os funcion\u00e1rios, desde os servi\u00e7os gerais, at\u00e9 a diretoria. Muito obrigado\u201d, disse Tiago durante a homenagem.<\/p>\n<p>&nbsp;<\/p>\n<p>\u201cA gente fica muito feliz, de verdade. Nosso maior presente \u00e9 ver n\u00e3o s\u00f3 a sua recupera\u00e7\u00e3o, mas de todos os pacientes. N\u00e3o tem nada que pague isso\u201d, agradeceu a Dra. Luciana Cristina Polli, durante o encontro.<\/p>\n<div id=\"attachment_254953\" style=\"width: 1034px\" class=\"wp-caption aligncenter\"><img loading=\"lazy\" decoding=\"async\" aria-describedby=\"caption-attachment-254953\" class=\"size-large wp-image-254953\" src=\"https:\/\/jundiai.sp.gov.br\/noticias\/wp-content\/uploads\/sites\/32\/2020\/07\/tiago-ao-lado-da-equipe-medica-e-dos-representantes-do-hospital-o-assessor-da-superintendencia-alexandre-mezei-e-a-colaboradora-selma-moraes-1280x720.jpg\" alt=\"\" width=\"1024\" height=\"576\" srcset=\"https:\/\/jundiai.sp.gov.br\/noticias\/wp-content\/uploads\/sites\/32\/2020\/07\/tiago-ao-lado-da-equipe-medica-e-dos-representantes-do-hospital-o-assessor-da-superintendencia-alexandre-mezei-e-a-colaboradora-selma-moraes-1280x720.jpg 1280w, https:\/\/jundiai.sp.gov.br\/noticias\/wp-content\/uploads\/sites\/32\/2020\/07\/tiago-ao-lado-da-equipe-medica-e-dos-representantes-do-hospital-o-assessor-da-superintendencia-alexandre-mezei-e-a-colaboradora-selma-moraes-300x169.jpg 300w, https:\/\/jundiai.sp.gov.br\/noticias\/wp-content\/uploads\/sites\/32\/2020\/07\/tiago-ao-lado-da-equipe-medica-e-dos-representantes-do-hospital-o-assessor-da-superintendencia-alexandre-mezei-e-a-colaboradora-selma-moraes-768x432.jpg 768w, https:\/\/jundiai.sp.gov.br\/noticias\/wp-content\/uploads\/sites\/32\/2020\/07\/tiago-ao-lado-da-equipe-medica-e-dos-representantes-do-hospital-o-assessor-da-superintendencia-alexandre-mezei-e-a-colaboradora-selma-moraes-1536x864.jpg 1536w, https:\/\/jundiai.sp.gov.br\/noticias\/wp-content\/uploads\/sites\/32\/2020\/07\/tiago-ao-lado-da-equipe-medica-e-dos-representantes-do-hospital-o-assessor-da-superintendencia-alexandre-mezei-e-a-colaboradora-selma-moraes-2048x1152.jpg 2048w\" sizes=\"auto, (max-width: 1024px) 100vw, 1024px\" \/><p id=\"caption-attachment-254953\" class=\"wp-caption-text\">Tiago ao lado da equipe m\u00e9dica e dos representantes do hospital, o Assessor da Superintend\u00eancia, Alexandre Mezei e a colaboradora, Selma Moraes<\/p><\/div>\n<div id=\"attachment_254954\" style=\"width: 730px\" class=\"wp-caption aligncenter\"><img loading=\"lazy\" decoding=\"async\" aria-describedby=\"caption-attachment-254954\" class=\"size-large wp-image-254954\" src=\"https:\/\/jundiai.sp.gov.br\/noticias\/wp-content\/uploads\/sites\/32\/2020\/07\/angela-ines-bueno-esbrissa-63-anos-720x960.jpg\" alt=\"\" width=\"720\" height=\"960\" srcset=\"https:\/\/jundiai.sp.gov.br\/noticias\/wp-content\/uploads\/sites\/32\/2020\/07\/angela-ines-bueno-esbrissa-63-anos-720x960.jpg 720w, https:\/\/jundiai.sp.gov.br\/noticias\/wp-content\/uploads\/sites\/32\/2020\/07\/angela-ines-bueno-esbrissa-63-anos-300x400.jpg 300w, https:\/\/jundiai.sp.gov.br\/noticias\/wp-content\/uploads\/sites\/32\/2020\/07\/angela-ines-bueno-esbrissa-63-anos-768x1024.jpg 768w, https:\/\/jundiai.sp.gov.br\/noticias\/wp-content\/uploads\/sites\/32\/2020\/07\/angela-ines-bueno-esbrissa-63-anos.jpg 780w\" sizes=\"auto, (max-width: 720px) 100vw, 720px\" \/><p id=\"caption-attachment-254954\" class=\"wp-caption-text\">Angela In\u00eas Bueno Esbrissa &#8211; 63 anos<\/p><\/div>\n<p>&nbsp;<\/p>\n<p>Fotos: Assessoria de Imprensa HSV<\/p>\n","protected":false},"excerpt":{"rendered":"<p>O Hospital de Caridade S\u00e3o Vicente de Paulo (HSV) registrou, ao longo da semana, mais 81 altas de pacientes recuperados da covid-19. Entre as diversas a\u00e7\u00f5es de agradecimentos, os familiares enviaram doces, cartas, flores e at\u00e9 placas gravadas em a\u00e7o como forma de homenagear os profissionais de sa\u00fade que atuam na institui\u00e7\u00e3o. Ademar Grego Filho, [&hellip;]<\/p>\n","protected":false},"author":53,"featured_media":0,"comment_status":"closed","ping_status":"closed","sticky":false,"template":"","format":"standard","meta":{"footnotes":""},"categories":[2],"tags":[321],"ods":[],"class_list":["post-254950","post","type-post","status-publish","format-standard","hentry","category-noticias","tag-hospital-de-caridade-sao-vicente-de-paulo"],"_links":{"self":[{"href":"https:\/\/jundiai.sp.gov.br\/noticias\/wp-json\/wp\/v2\/posts\/254950","targetHints":{"allow":["GET"]}}],"collection":[{"href":"https:\/\/jundiai.sp.gov.br\/noticias\/wp-json\/wp\/v2\/posts"}],"about":[{"href":"https:\/\/jundiai.sp.gov.br\/noticias\/wp-json\/wp\/v2\/types\/post"}],"author":[{"embeddable":true,"href":"https:\/\/jundiai.sp.gov.br\/noticias\/wp-json\/wp\/v2\/users\/53"}],"replies":[{"embeddable":true,"href":"https:\/\/jundiai.sp.gov.br\/noticias\/wp-json\/wp\/v2\/comments?post=254950"}],"version-history":[{"count":1,"href":"https:\/\/jundiai.sp.gov.br\/noticias\/wp-json\/wp\/v2\/posts\/254950\/revisions"}],"predecessor-version":[{"id":254955,"href":"https:\/\/jundiai.sp.gov.br\/noticias\/wp-json\/wp\/v2\/posts\/254950\/revisions\/254955"}],"wp:attachment":[{"href":"https:\/\/jundiai.sp.gov.br\/noticias\/wp-json\/wp\/v2\/media?parent=254950"}],"wp:term":[{"taxonomy":"category","embeddable":true,"href":"https:\/\/jundiai.sp.gov.br\/noticias\/wp-json\/wp\/v2\/categories?post=254950"},{"taxonomy":"post_tag","embeddable":true,"href":"https:\/\/jundiai.sp.gov.br\/noticias\/wp-json\/wp\/v2\/tags?post=254950"},{"taxonomy":"ods","embeddable":true,"href":"https:\/\/jundiai.sp.gov.br\/noticias\/wp-json\/wp\/v2\/ods?post=254950"}],"curies":[{"name":"wp","href":"https:\/\/api.w.org\/{rel}","templated":true}]}}