{"id":255024,"date":"2020-08-04T12:59:32","date_gmt":"2020-08-04T15:59:32","guid":{"rendered":"https:\/\/jundiai.sp.gov.br\/noticias\/?p=255024"},"modified":"2020-08-04T12:59:32","modified_gmt":"2020-08-04T15:59:32","slug":"ubss-em-obras-ampliacoes-e-reformas-para-o-atendimento-a-populacao","status":"publish","type":"post","link":"https:\/\/jundiai.sp.gov.br\/noticias\/2020\/08\/04\/ubss-em-obras-ampliacoes-e-reformas-para-o-atendimento-a-populacao\/","title":{"rendered":"UBSs em obras: amplia\u00e7\u00f5es e reformas para o atendimento \u00e0 popula\u00e7\u00e3o"},"content":{"rendered":"<p>Desde o ano de 2017, a Prefeitura de Jundia\u00ed desencadeou in\u00fameras obras para a melhoria dos espa\u00e7os de atendimento em Sa\u00fade. J\u00e1 foram entregues as reformas nas Unidades B\u00e1sicas de Sa\u00fade (UBSs) Tulipas, Maring\u00e1, Jundia\u00ed Mirim, Jardim do Lago, Travi\u00fa e Rio Acima, Casa de Apoio do Corrupira e Santa Gertrudes, Cl\u00ednica da Fam\u00edlia e Unidade de Pronto Atendimento (UPA) Novo Horizonte.<\/p>\n<p>Interven\u00e7\u00f5es tamb\u00e9m est\u00e3o sendo realizadas no Centro de Especialidades Odontol\u00f3gicas (CEO), Centro de Atendimento Psicossocial (CAPS) 2, Ambulat\u00f3rio de Sa\u00fade da Mulher e Ambulat\u00f3rio de Sa\u00fade do Idoso. Para os pr\u00f3ximos meses ser\u00e3o entregues as obras das UBSs Comercial, S\u00e3o Camilo, Santa Gertrudes, Corrupira, Agapeama e Retiro. Os investimentos somam: R$ 2,8 milh\u00f5es.<\/p>\n<div id=\"attachment_255182\" style=\"width: 1034px\" class=\"wp-caption aligncenter\"><img loading=\"lazy\" decoding=\"async\" aria-describedby=\"caption-attachment-255182\" class=\"size-large wp-image-255182\" src=\"https:\/\/jundiai.sp.gov.br\/noticias\/wp-content\/uploads\/sites\/32\/2020\/08\/reforma_ubs_sao_camilo-86-1280x854.jpg\" alt=\"\" width=\"1024\" height=\"683\" srcset=\"https:\/\/jundiai.sp.gov.br\/noticias\/wp-content\/uploads\/sites\/32\/2020\/08\/reforma_ubs_sao_camilo-86-1280x854.jpg 1280w, https:\/\/jundiai.sp.gov.br\/noticias\/wp-content\/uploads\/sites\/32\/2020\/08\/reforma_ubs_sao_camilo-86-300x200.jpg 300w, https:\/\/jundiai.sp.gov.br\/noticias\/wp-content\/uploads\/sites\/32\/2020\/08\/reforma_ubs_sao_camilo-86-768x512.jpg 768w, https:\/\/jundiai.sp.gov.br\/noticias\/wp-content\/uploads\/sites\/32\/2020\/08\/reforma_ubs_sao_camilo-86-1536x1024.jpg 1536w, https:\/\/jundiai.sp.gov.br\/noticias\/wp-content\/uploads\/sites\/32\/2020\/08\/reforma_ubs_sao_camilo-86-450x300.jpg 450w, https:\/\/jundiai.sp.gov.br\/noticias\/wp-content\/uploads\/sites\/32\/2020\/08\/reforma_ubs_sao_camilo-86.jpg 1984w\" sizes=\"auto, (max-width: 1024px) 100vw, 1024px\" \/><p id=\"caption-attachment-255182\" class=\"wp-caption-text\">UBS S\u00e3o Camilo est\u00e1 em obras para renova\u00e7\u00e3o e adequa\u00e7\u00e3o geral do espa\u00e7o<\/p><\/div>\n<p>A obra com maior investimento \u00e9 no Santa Gertrudes, com R$ 674.251,64 empenhados pelo Avan\u00e7a Jundia\u00ed para a amplia\u00e7\u00e3o do pr\u00e9dio em 60%, com a constru\u00e7\u00e3o de dois banheiros para funcion\u00e1rios, dois banheiros para pacientes, constru\u00e7\u00e3o de sala de ger\u00eancia, uma sala de agentes, um almoxarifado, tr\u00eas consult\u00f3rios, uma sala de vacina, reforma da sala de curativos, constru\u00e7\u00e3o de sala de espera com 80 lugares, reforma da cobertura para ambul\u00e2ncia e da sala de reuni\u00f5es. A obra tem 25% conclu\u00eddo.<\/p>\n<p>A segunda obra com maior investimento na rede de Aten\u00e7\u00e3o B\u00e1sica \u00e9 a UBS Comercial, que j\u00e1 tem 57% da obra conclu\u00edda e valor total de R$ 628.400,33. O pr\u00e9dio contar\u00e1 com adequa\u00e7\u00e3o na alvenaria, amplia\u00e7\u00e3o dos banheiros e da recep\u00e7\u00e3o, constru\u00e7\u00e3o da sala do p\u00f3s consulta, banheiros dos funcion\u00e1rios e do abrigo de lixo, revis\u00e3o do telhado, troca do piso, esquadrias, portas e pintura.<\/p>\n<div id=\"attachment_255171\" style=\"width: 1034px\" class=\"wp-caption aligncenter\"><img loading=\"lazy\" decoding=\"async\" aria-describedby=\"caption-attachment-255171\" class=\"size-large wp-image-255171\" src=\"https:\/\/jundiai.sp.gov.br\/noticias\/wp-content\/uploads\/sites\/32\/2020\/08\/ubs_comercial-5-1280x853.jpg\" alt=\"\" width=\"1024\" height=\"682\" srcset=\"https:\/\/jundiai.sp.gov.br\/noticias\/wp-content\/uploads\/sites\/32\/2020\/08\/ubs_comercial-5-1280x853.jpg 1280w, https:\/\/jundiai.sp.gov.br\/noticias\/wp-content\/uploads\/sites\/32\/2020\/08\/ubs_comercial-5-300x200.jpg 300w, https:\/\/jundiai.sp.gov.br\/noticias\/wp-content\/uploads\/sites\/32\/2020\/08\/ubs_comercial-5-768x512.jpg 768w, https:\/\/jundiai.sp.gov.br\/noticias\/wp-content\/uploads\/sites\/32\/2020\/08\/ubs_comercial-5-1536x1024.jpg 1536w, https:\/\/jundiai.sp.gov.br\/noticias\/wp-content\/uploads\/sites\/32\/2020\/08\/ubs_comercial-5-2048x1365.jpg 2048w, https:\/\/jundiai.sp.gov.br\/noticias\/wp-content\/uploads\/sites\/32\/2020\/08\/ubs_comercial-5-450x300.jpg 450w\" sizes=\"auto, (max-width: 1024px) 100vw, 1024px\" \/><p id=\"caption-attachment-255171\" class=\"wp-caption-text\">UBS Comercial est\u00e1 em reforma para adequa\u00e7\u00e3o do espa\u00e7o e amplia\u00e7\u00e3o para o atendimento<\/p><\/div>\n<p>A obra para a melhor adequa\u00e7\u00e3o do espa\u00e7o e atendimento na UBS Retiro e Pronto Atendimento (PA) conta com investimento de R$ 601.499,36 para amplia\u00e7\u00e3o com adequa\u00e7\u00e3o da entrada, uma sala de espera, recep\u00e7\u00e3o e tr\u00eas banheiros (inclusive para pessoas com necessidades especiais). A obra est\u00e1 com 55% j\u00e1 executado.<\/p>\n<p>Com mais de 60% j\u00e1 conclu\u00eddo, a reforma na UBS Corrupira contemplar\u00e1 a constru\u00e7\u00e3o de mureta, gradil, port\u00e3o de fechamento, piso em concreto, abrigo de bomba e de compressor e instala\u00e7\u00e3o de piso podot\u00e1til, revis\u00e3o do telhado, troca de esquadrias e de revestimentos, revis\u00e3o el\u00e9trica e pintura do pr\u00e9dio, que n\u00e3o recebia investimentos h\u00e1 muitos anos. O investimento ser\u00e1 de\u00a0 R$ 338 mil.<\/p>\n<p>No S\u00e3o Camilo, a obra de R$ 275,8 mil\u00a0 tem mais de 20% executado. No total, o espa\u00e7o receber\u00e1 pintura interna e externa de paredes e esquadrias, constru\u00e7\u00e3o de abrigo para g\u00e1s, troca de pe\u00e7as sanit\u00e1rias, torneiras, instala\u00e7\u00e3o de arm\u00e1rios e adequa\u00e7\u00f5es hidr\u00e1ulicas e el\u00e9tricas.<\/p>\n<div id=\"attachment_255183\" style=\"width: 1034px\" class=\"wp-caption aligncenter\"><img loading=\"lazy\" decoding=\"async\" aria-describedby=\"caption-attachment-255183\" class=\"size-large wp-image-255183\" src=\"https:\/\/jundiai.sp.gov.br\/noticias\/wp-content\/uploads\/sites\/32\/2020\/08\/ubs_santa_gertrudes-21-1280x853.jpg\" alt=\"\" width=\"1024\" height=\"682\" srcset=\"https:\/\/jundiai.sp.gov.br\/noticias\/wp-content\/uploads\/sites\/32\/2020\/08\/ubs_santa_gertrudes-21-1280x853.jpg 1280w, https:\/\/jundiai.sp.gov.br\/noticias\/wp-content\/uploads\/sites\/32\/2020\/08\/ubs_santa_gertrudes-21-300x200.jpg 300w, https:\/\/jundiai.sp.gov.br\/noticias\/wp-content\/uploads\/sites\/32\/2020\/08\/ubs_santa_gertrudes-21-768x512.jpg 768w, https:\/\/jundiai.sp.gov.br\/noticias\/wp-content\/uploads\/sites\/32\/2020\/08\/ubs_santa_gertrudes-21-450x300.jpg 450w, https:\/\/jundiai.sp.gov.br\/noticias\/wp-content\/uploads\/sites\/32\/2020\/08\/ubs_santa_gertrudes-21.jpg 1323w\" sizes=\"auto, (max-width: 1024px) 100vw, 1024px\" \/><p id=\"caption-attachment-255183\" class=\"wp-caption-text\">UBS Santa Gertrudes tem reforma para a amplia\u00e7\u00e3o da sala de espera e em outras depend\u00eancias<\/p><\/div>\n<p>Iniciada em junho, com menos de 10% de trabalho j\u00e1 executado, a UBS Agapeama\/Vila Esperan\u00e7a ter\u00e1 investimento total de R$ 321.061,03 para a execu\u00e7\u00e3o de pavimento asf\u00e1ltico no estacionamento, revis\u00e3o e reparos nos port\u00f5es de ve\u00edculos e pedestres, rebaixamento de guia, instala\u00e7\u00e3o de port\u00e3o, aumento da sala de dispensa\u00e7\u00e3o, instala\u00e7\u00e3o de equipamentos nos sanit\u00e1rios, reparos em trincas e revestimentos, reparos na cobertura, instala\u00e7\u00e3o de escov\u00f3dromo, recoloca\u00e7\u00e3o de esquadrias.<\/p>\n<p>&#8220;Requalificar a estrutura da Aten\u00e7\u00e3o B\u00e1sica \u00e9 oferecer qualidade e amplia\u00e7\u00e3o no servi\u00e7o prestado \u00e0 popula\u00e7\u00e3o e intensificar o prop\u00f3sito desses equipamentos, que \u00e9 a promo\u00e7\u00e3o e a preven\u00e7\u00e3o \u00e0 Sa\u00fade&#8221;, explica o gestor da Unidade de Gest\u00e3o de Promo\u00e7\u00e3o da Sa\u00fade (UGPS) Tiago Texera.<\/p>\n<div id=\"attachment_255173\" style=\"width: 1034px\" class=\"wp-caption aligncenter\"><img loading=\"lazy\" decoding=\"async\" aria-describedby=\"caption-attachment-255173\" class=\"size-large wp-image-255173\" src=\"https:\/\/jundiai.sp.gov.br\/noticias\/wp-content\/uploads\/sites\/32\/2020\/08\/reforma_ubs_corrupira-52-1280x854.jpg\" alt=\"\" width=\"1024\" height=\"683\" srcset=\"https:\/\/jundiai.sp.gov.br\/noticias\/wp-content\/uploads\/sites\/32\/2020\/08\/reforma_ubs_corrupira-52-1280x854.jpg 1280w, https:\/\/jundiai.sp.gov.br\/noticias\/wp-content\/uploads\/sites\/32\/2020\/08\/reforma_ubs_corrupira-52-300x200.jpg 300w, https:\/\/jundiai.sp.gov.br\/noticias\/wp-content\/uploads\/sites\/32\/2020\/08\/reforma_ubs_corrupira-52-768x512.jpg 768w, https:\/\/jundiai.sp.gov.br\/noticias\/wp-content\/uploads\/sites\/32\/2020\/08\/reforma_ubs_corrupira-52-1536x1024.jpg 1536w, https:\/\/jundiai.sp.gov.br\/noticias\/wp-content\/uploads\/sites\/32\/2020\/08\/reforma_ubs_corrupira-52-450x300.jpg 450w, https:\/\/jundiai.sp.gov.br\/noticias\/wp-content\/uploads\/sites\/32\/2020\/08\/reforma_ubs_corrupira-52.jpg 1984w\" sizes=\"auto, (max-width: 1024px) 100vw, 1024px\" \/><p id=\"caption-attachment-255173\" class=\"wp-caption-text\">UBS Corrupira passa por reforma completa para a adequa\u00e7\u00e3o dos espa\u00e7os, ambi\u00eancia e acessibilidade<\/p><\/div>\n<p><strong>Assessoria de Imprensa<\/strong><br \/>\n<strong>Fotos: Fot\u00f3grafos PMJ<\/strong><\/p>\n","protected":false},"excerpt":{"rendered":"<p>Desde o ano de 2017, a Prefeitura de Jundia\u00ed desencadeou in\u00fameras obras para a melhoria dos espa\u00e7os de atendimento em Sa\u00fade. J\u00e1 foram entregues as reformas nas Unidades B\u00e1sicas de Sa\u00fade (UBSs) Tulipas, Maring\u00e1, Jundia\u00ed Mirim, Jardim do Lago, Travi\u00fa e Rio Acima, Casa de Apoio do Corrupira e Santa Gertrudes, Cl\u00ednica da Fam\u00edlia e [&hellip;]<\/p>\n","protected":false},"author":39,"featured_media":255181,"comment_status":"closed","ping_status":"closed","sticky":false,"template":"","format":"standard","meta":{"footnotes":""},"categories":[2],"tags":[1500,981],"ods":[],"class_list":["post-255024","post","type-post","status-publish","format-standard","has-post-thumbnail","hentry","category-noticias","tag-coronavirus","tag-promocao-da-saude"],"_links":{"self":[{"href":"https:\/\/jundiai.sp.gov.br\/noticias\/wp-json\/wp\/v2\/posts\/255024","targetHints":{"allow":["GET"]}}],"collection":[{"href":"https:\/\/jundiai.sp.gov.br\/noticias\/wp-json\/wp\/v2\/posts"}],"about":[{"href":"https:\/\/jundiai.sp.gov.br\/noticias\/wp-json\/wp\/v2\/types\/post"}],"author":[{"embeddable":true,"href":"https:\/\/jundiai.sp.gov.br\/noticias\/wp-json\/wp\/v2\/users\/39"}],"replies":[{"embeddable":true,"href":"https:\/\/jundiai.sp.gov.br\/noticias\/wp-json\/wp\/v2\/comments?post=255024"}],"version-history":[{"count":13,"href":"https:\/\/jundiai.sp.gov.br\/noticias\/wp-json\/wp\/v2\/posts\/255024\/revisions"}],"predecessor-version":[{"id":255184,"href":"https:\/\/jundiai.sp.gov.br\/noticias\/wp-json\/wp\/v2\/posts\/255024\/revisions\/255184"}],"wp:featuredmedia":[{"embeddable":true,"href":"https:\/\/jundiai.sp.gov.br\/noticias\/wp-json\/wp\/v2\/media\/255181"}],"wp:attachment":[{"href":"https:\/\/jundiai.sp.gov.br\/noticias\/wp-json\/wp\/v2\/media?parent=255024"}],"wp:term":[{"taxonomy":"category","embeddable":true,"href":"https:\/\/jundiai.sp.gov.br\/noticias\/wp-json\/wp\/v2\/categories?post=255024"},{"taxonomy":"post_tag","embeddable":true,"href":"https:\/\/jundiai.sp.gov.br\/noticias\/wp-json\/wp\/v2\/tags?post=255024"},{"taxonomy":"ods","embeddable":true,"href":"https:\/\/jundiai.sp.gov.br\/noticias\/wp-json\/wp\/v2\/ods?post=255024"}],"curies":[{"name":"wp","href":"https:\/\/api.w.org\/{rel}","templated":true}]}}