{"id":255341,"date":"2020-08-05T17:48:14","date_gmt":"2020-08-05T20:48:14","guid":{"rendered":"https:\/\/jundiai.sp.gov.br\/noticias\/?p=255341"},"modified":"2020-08-05T17:54:12","modified_gmt":"2020-08-05T20:54:12","slug":"morre-athon-premiado-cao-da-gm-de-jundiai-e-integrante-do-guinness-book","status":"publish","type":"post","link":"https:\/\/jundiai.sp.gov.br\/noticias\/2020\/08\/05\/morre-athon-premiado-cao-da-gm-de-jundiai-e-integrante-do-guinness-book\/","title":{"rendered":"Morre Athon, premiado c\u00e3o da GM de Jundia\u00ed e integrante do Guinness Book"},"content":{"rendered":"<p>O Canil da Guarda Municipal de Jundia\u00ed perdeu nesta quarta-feira (05) um de seus animais mais valorosos &#8211; o c\u00e3o Athon, da ra\u00e7a pastor belga Malinois. Ele integrou a Corpora\u00e7\u00e3o por oito anos e estava aposentado desde 2017.<\/p>\n<p>Athon tinha 13 anos e sete meses e, segundo o veterin\u00e1rio do Canil, Dr. Cl\u00f3vis Sproesser, come\u00e7ou a se sentir mal na madrugada desta quarta-feira. Rapidamente foi levado para uma cl\u00ednica, onde passou por um procedimento cir\u00fargico, vindo a falecer \u00e0 tarde. \u201cA necropsia constatou trombose que comprometeu o ba\u00e7o e a vasculariza\u00e7\u00e3o do est\u00f4mago, causando necrose e ruptura, sendo essa a causa da morte\u201d, explicou o veterin\u00e1rio.<\/p>\n<div id=\"attachment_255342\" style=\"width: 829px\" class=\"wp-caption aligncenter\"><img loading=\"lazy\" decoding=\"async\" aria-describedby=\"caption-attachment-255342\" class=\"size-large wp-image-255342\" src=\"https:\/\/jundiai.sp.gov.br\/noticias\/wp-content\/uploads\/sites\/32\/2020\/08\/athon_2-819x960.jpeg\" alt=\"Em 2009, Athon ajudou a localizar quase nove toneladas de maconha no fundo falso de um caminh\u00e3o em Itatiba\" width=\"819\" height=\"960\" srcset=\"https:\/\/jundiai.sp.gov.br\/noticias\/wp-content\/uploads\/sites\/32\/2020\/08\/athon_2-819x960.jpeg 819w, https:\/\/jundiai.sp.gov.br\/noticias\/wp-content\/uploads\/sites\/32\/2020\/08\/athon_2-300x352.jpeg 300w, https:\/\/jundiai.sp.gov.br\/noticias\/wp-content\/uploads\/sites\/32\/2020\/08\/athon_2-768x900.jpeg 768w, https:\/\/jundiai.sp.gov.br\/noticias\/wp-content\/uploads\/sites\/32\/2020\/08\/athon_2.jpeg 1036w\" sizes=\"auto, (max-width: 819px) 100vw, 819px\" \/><p id=\"caption-attachment-255342\" class=\"wp-caption-text\">Em 2009, Athon ajudou a localizar quase nove toneladas de maconha no fundo falso de um caminh\u00e3o em Itatiba<\/p><\/div>\n<p>Um dos c\u00e3es mais premiados em competi\u00e7\u00f5es policiais em \u00e2mbito nacional, Athon \u00e9 recordista mundial na apreens\u00e3o de drogas, estando atualmente no Guinness Book, o livro dos recordes. Em 2009, durante um apoio do Canil da Guarda Municipal de Jundia\u00ed \u00e0 Pol\u00edcia Rodovi\u00e1ria, em abordagem a um caminh\u00e3o na Rodovia Romildo Prado, em Itatiba, a equipe que conduzia o animal (GMs Danilo e Durval) encontrou quase nove toneladas de maconha escondidas em um fundo falso do ve\u00edculo. Colocado em cima do caminh\u00e3o e farejando minuciosamente, o c\u00e3o encontrou o entorpecente. Al\u00e9m de drogas, Athon tamb\u00e9m tinha bom faro para localizar armas.<\/p>\n<p>O subinspetor Daniel da Silva, um dos chefes do Canil, lembrou que outra qualidade do c\u00e3o que merece destaque era se apresentar para as crian\u00e7as. \u201cEle interagia muito rapidamente com a garotada nos eventos, tendo dessa forma uma aproxima\u00e7\u00e3o muito grande com a popula\u00e7\u00e3o\u201d, destacou.<\/p>\n<p>Athon ser\u00e1 cremado em local ainda indefinido. Filho de Iris, uma pastora belga Malinois da primeira gera\u00e7\u00e3o de farejadores, o animal era pai de Sadan e foi o respons\u00e1vel pela continuidade da linhagem de grandes campe\u00f5es no Canil da GMJ.<\/p>\n<p><strong>Assessoria de Imprensa<\/strong><br \/>\n<strong>Fotos: Fot\u00f3grafos PMJ<\/strong><\/p>\n","protected":false},"excerpt":{"rendered":"<p>O Canil da Guarda Municipal de Jundia\u00ed perdeu nesta quarta-feira (05) um de seus animais mais valorosos &#8211; o c\u00e3o Athon, da ra\u00e7a pastor belga Malinois. Ele integrou a Corpora\u00e7\u00e3o por oito anos e estava aposentado desde 2017. Athon tinha 13 anos e sete meses e, segundo o veterin\u00e1rio do Canil, Dr. Cl\u00f3vis Sproesser, come\u00e7ou [&hellip;]<\/p>\n","protected":false},"author":54,"featured_media":255343,"comment_status":"closed","ping_status":"closed","sticky":false,"template":"","format":"standard","meta":{"footnotes":""},"categories":[2],"tags":[31,948],"ods":[],"class_list":["post-255341","post","type-post","status-publish","format-standard","has-post-thumbnail","hentry","category-noticias","tag-guarda-municipal","tag-seguranca-municipal"],"_links":{"self":[{"href":"https:\/\/jundiai.sp.gov.br\/noticias\/wp-json\/wp\/v2\/posts\/255341","targetHints":{"allow":["GET"]}}],"collection":[{"href":"https:\/\/jundiai.sp.gov.br\/noticias\/wp-json\/wp\/v2\/posts"}],"about":[{"href":"https:\/\/jundiai.sp.gov.br\/noticias\/wp-json\/wp\/v2\/types\/post"}],"author":[{"embeddable":true,"href":"https:\/\/jundiai.sp.gov.br\/noticias\/wp-json\/wp\/v2\/users\/54"}],"replies":[{"embeddable":true,"href":"https:\/\/jundiai.sp.gov.br\/noticias\/wp-json\/wp\/v2\/comments?post=255341"}],"version-history":[{"count":3,"href":"https:\/\/jundiai.sp.gov.br\/noticias\/wp-json\/wp\/v2\/posts\/255341\/revisions"}],"predecessor-version":[{"id":255348,"href":"https:\/\/jundiai.sp.gov.br\/noticias\/wp-json\/wp\/v2\/posts\/255341\/revisions\/255348"}],"wp:featuredmedia":[{"embeddable":true,"href":"https:\/\/jundiai.sp.gov.br\/noticias\/wp-json\/wp\/v2\/media\/255343"}],"wp:attachment":[{"href":"https:\/\/jundiai.sp.gov.br\/noticias\/wp-json\/wp\/v2\/media?parent=255341"}],"wp:term":[{"taxonomy":"category","embeddable":true,"href":"https:\/\/jundiai.sp.gov.br\/noticias\/wp-json\/wp\/v2\/categories?post=255341"},{"taxonomy":"post_tag","embeddable":true,"href":"https:\/\/jundiai.sp.gov.br\/noticias\/wp-json\/wp\/v2\/tags?post=255341"},{"taxonomy":"ods","embeddable":true,"href":"https:\/\/jundiai.sp.gov.br\/noticias\/wp-json\/wp\/v2\/ods?post=255341"}],"curies":[{"name":"wp","href":"https:\/\/api.w.org\/{rel}","templated":true}]}}