{"id":255353,"date":"2020-08-06T16:13:00","date_gmt":"2020-08-06T19:13:00","guid":{"rendered":"https:\/\/jundiai.sp.gov.br\/noticias\/?p=255353"},"modified":"2020-08-06T16:14:21","modified_gmt":"2020-08-06T19:14:21","slug":"800-mascaras-de-pano-sao-entregues-para-moradores-da-vila-ana","status":"publish","type":"post","link":"https:\/\/jundiai.sp.gov.br\/noticias\/2020\/08\/06\/800-mascaras-de-pano-sao-entregues-para-moradores-da-vila-ana\/","title":{"rendered":"800 m\u00e1scaras s\u00e3o entregues para moradores da Vila Ana"},"content":{"rendered":"<p>A Prefeitura de Jundia\u00ed, por meio do Comit\u00ea de Enfrentamento ao Coronav\u00edrus (CEC), promoveu nesta quinta-feirqa (6) a entrega de 800 m\u00e1scaras de tecido na regi\u00e3o da Vila Ana. Foram 600 m\u00e1scaras para adultos, doadas pela empresa Rodrigues e Marcondes Empreendimentos e Participa\u00e7\u00f5es Ltda, e mais 200 infantis doadas pela Funda\u00e7\u00e3o Antonio Antonieta Cintra Gordinho (FAAGC).<\/p>\n<p>A a\u00e7\u00e3o contou com a participa\u00e7\u00e3o de servidores da Unidade de Gest\u00e3o de Promo\u00e7\u00e3o da Sa\u00fade (UGPS). No total, at\u00e9 o momento, a Prefeitura j\u00e1 doou mais de 117 mil m\u00e1scaras em terminais de \u00f4nibus, feiras livres e em diversos bairros nas \u00e1reas de maior vulnerabilidade social.<\/p>\n<div id=\"attachment_255400\" style=\"width: 1333px\" class=\"wp-caption aligncenter\"><img loading=\"lazy\" decoding=\"async\" aria-describedby=\"caption-attachment-255400\" class=\"size-full wp-image-255400\" src=\"https:\/\/jundiai.sp.gov.br\/noticias\/wp-content\/uploads\/sites\/32\/2020\/08\/entrega_de_mascaras_vila_ana-65.jpg\" alt=\"\" width=\"1323\" height=\"882\" srcset=\"https:\/\/jundiai.sp.gov.br\/noticias\/wp-content\/uploads\/sites\/32\/2020\/08\/entrega_de_mascaras_vila_ana-65.jpg 1323w, https:\/\/jundiai.sp.gov.br\/noticias\/wp-content\/uploads\/sites\/32\/2020\/08\/entrega_de_mascaras_vila_ana-65-300x200.jpg 300w, https:\/\/jundiai.sp.gov.br\/noticias\/wp-content\/uploads\/sites\/32\/2020\/08\/entrega_de_mascaras_vila_ana-65-1280x853.jpg 1280w, https:\/\/jundiai.sp.gov.br\/noticias\/wp-content\/uploads\/sites\/32\/2020\/08\/entrega_de_mascaras_vila_ana-65-768x512.jpg 768w, https:\/\/jundiai.sp.gov.br\/noticias\/wp-content\/uploads\/sites\/32\/2020\/08\/entrega_de_mascaras_vila_ana-65-450x300.jpg 450w\" sizes=\"auto, (max-width: 1323px) 100vw, 1323px\" \/><p id=\"caption-attachment-255400\" class=\"wp-caption-text\">Crian\u00e7as tamb\u00e9m receberam m\u00e1scaras na Vila Ana: mais de 11 mil m\u00e1scaras j\u00e1 foram entregues em toda a cidade<\/p><\/div>\n<p>De acordo com a Unidade de Promo\u00e7\u00e3o da Sa\u00fade, a a\u00e7\u00e3o agrega for\u00e7as para o enfrentamento ao coronav\u00edrus. As doa\u00e7\u00f5es de empresas e entidades, segundo o setor, t\u00eam sido fundamentais, seja em termos de Equipamentos de Prote\u00e7\u00e3o Individual (EPIs) para os servidores na linha de frente ou m\u00e1scaras para a distribui\u00e7\u00e3o para a popula\u00e7\u00e3o.<\/p>\n<p>A doa\u00e7\u00e3o de m\u00e1scaras e EPIs \u00e9 articulada pela Rede Jundia\u00ed de Coopera\u00e7\u00e3o, vinculada \u00e0 Unidade de Gest\u00e3o de Governo e Finan\u00e7as (UGGF), e oficializada pela UGPS com fundamento na Lei 8.901\/2018, que regulamenta apoio privado \u00e0s a\u00e7\u00f5es de interesse p\u00fablico. Informa\u00e7\u00f5es sobre doa\u00e7\u00f5es para o combate \u00e0 Covid-19 podem ser obtidas pelo e-mail redecooperacao@jundiai.sp.gov.br, pelo telefone 4589-8602 ou pelo site https:\/\/jundiai.sp.gov.br\/coronavirus\/doacao\/.<\/p>\n<p><strong>Assessoria de Imprensa<\/strong><br \/>\n<strong>Fotos: Fot\u00f3grafos PMJ<\/strong><\/p>\n","protected":false},"excerpt":{"rendered":"<p>A Prefeitura de Jundia\u00ed, por meio do Comit\u00ea de Enfrentamento ao Coronav\u00edrus (CEC), promoveu nesta quinta-feirqa (6) a entrega de 800 m\u00e1scaras de tecido na regi\u00e3o da Vila Ana. Foram 600 m\u00e1scaras para adultos, doadas pela empresa Rodrigues e Marcondes Empreendimentos e Participa\u00e7\u00f5es Ltda, e mais 200 infantis doadas pela Funda\u00e7\u00e3o Antonio Antonieta Cintra Gordinho [&hellip;]<\/p>\n","protected":false},"author":45,"featured_media":255400,"comment_status":"closed","ping_status":"closed","sticky":false,"template":"","format":"standard","meta":{"footnotes":""},"categories":[2],"tags":[62,1500,983,981,1051],"ods":[],"class_list":["post-255353","post","type-post","status-publish","format-standard","has-post-thumbnail","hentry","category-noticias","tag-casa-civil","tag-coronavirus","tag-governo-e-financas","tag-promocao-da-saude","tag-rede-jundiai-de-cooperacao"],"_links":{"self":[{"href":"https:\/\/jundiai.sp.gov.br\/noticias\/wp-json\/wp\/v2\/posts\/255353","targetHints":{"allow":["GET"]}}],"collection":[{"href":"https:\/\/jundiai.sp.gov.br\/noticias\/wp-json\/wp\/v2\/posts"}],"about":[{"href":"https:\/\/jundiai.sp.gov.br\/noticias\/wp-json\/wp\/v2\/types\/post"}],"author":[{"embeddable":true,"href":"https:\/\/jundiai.sp.gov.br\/noticias\/wp-json\/wp\/v2\/users\/45"}],"replies":[{"embeddable":true,"href":"https:\/\/jundiai.sp.gov.br\/noticias\/wp-json\/wp\/v2\/comments?post=255353"}],"version-history":[{"count":8,"href":"https:\/\/jundiai.sp.gov.br\/noticias\/wp-json\/wp\/v2\/posts\/255353\/revisions"}],"predecessor-version":[{"id":255403,"href":"https:\/\/jundiai.sp.gov.br\/noticias\/wp-json\/wp\/v2\/posts\/255353\/revisions\/255403"}],"wp:featuredmedia":[{"embeddable":true,"href":"https:\/\/jundiai.sp.gov.br\/noticias\/wp-json\/wp\/v2\/media\/255400"}],"wp:attachment":[{"href":"https:\/\/jundiai.sp.gov.br\/noticias\/wp-json\/wp\/v2\/media?parent=255353"}],"wp:term":[{"taxonomy":"category","embeddable":true,"href":"https:\/\/jundiai.sp.gov.br\/noticias\/wp-json\/wp\/v2\/categories?post=255353"},{"taxonomy":"post_tag","embeddable":true,"href":"https:\/\/jundiai.sp.gov.br\/noticias\/wp-json\/wp\/v2\/tags?post=255353"},{"taxonomy":"ods","embeddable":true,"href":"https:\/\/jundiai.sp.gov.br\/noticias\/wp-json\/wp\/v2\/ods?post=255353"}],"curies":[{"name":"wp","href":"https:\/\/api.w.org\/{rel}","templated":true}]}}