{"id":255782,"date":"2020-08-12T15:11:14","date_gmt":"2020-08-12T18:11:14","guid":{"rendered":"https:\/\/jundiai.sp.gov.br\/noticias\/?p=255782"},"modified":"2020-08-12T15:11:14","modified_gmt":"2020-08-12T18:11:14","slug":"fumas-conclui-regularizacao-de-103-moradias-na-vila-nova-esperanca","status":"publish","type":"post","link":"https:\/\/jundiai.sp.gov.br\/noticias\/2020\/08\/12\/fumas-conclui-regularizacao-de-103-moradias-na-vila-nova-esperanca\/","title":{"rendered":"FUMAS conclui regulariza\u00e7\u00e3o de 103 moradias na Vila Nova Esperan\u00e7a"},"content":{"rendered":"<p>As fam\u00edlias residentes na Vila Nova Esperan\u00e7a podem comemorar a conclus\u00e3o da \u00faltima etapa de regulariza\u00e7\u00e3o do empreendimento habitacional de interesse social.<\/p>\n<p>Localizado na Rua Guilherme Augusto Baad, o n\u00facleo conta agora com 103 moradias com t\u00edtulos de propriedade oficializados atrav\u00e9s da Lei Federal N\u00ba 13.465\/2017, que dispensa o habite-se para constru\u00e7\u00f5es de interesse social em bairros submetidos \u00e0 regulariza\u00e7\u00e3o fundi\u00e1ria. <\/p>\n<p>Com a finaliza\u00e7\u00e3o do processo de regulariza\u00e7\u00e3o e a averba\u00e7\u00e3o da \u00e1rea constru\u00edda nas respectivas matr\u00edculas, as fam\u00edlias receber\u00e3o a propriedade dos im\u00f3veis em que residem nos nomes de seus respectivos titulares.<\/p>\n<p>\u201c\u00c9 sempre gratificante concluir um trabalho de regulariza\u00e7\u00e3o porque \u00e9 o momento em que a fam\u00edlia passa a ter a seguran\u00e7a de morar em seu pr\u00f3prio im\u00f3vel\u201d, destacou Solange Marques,  superintendente da FUMAS.<\/p>\n<p>Para Solange, a averba\u00e7\u00e3o das \u00e1reas constru\u00eddas das unidades habitacionais da Vila Nova Esperan\u00e7a tamb\u00e9m representa um marco importante para os trabalhos da Funda\u00e7\u00e3o: a finaliza\u00e7\u00e3o dos projetos de regulariza\u00e7\u00e3o de interesse social que j\u00e1 estava com o parcelamento regularizado, mas que ainda faltava o acerto em documenta\u00e7\u00e3o das moradias edificadas sob responsabilidade da FUMAS. \u201cDepois da Vila Palma, Vila Padre Renato e Parque Residencial das Flores I e II, s\u00f3 faltava concluir a Vila Nova Esperan\u00e7a e agora est\u00e1 tudo pronto\u201d, finalizou.<\/p>\n<p><em><strong>Assessoria de Imprensa &#8211; FUMAS<br \/>\nFotos: Divulga\u00e7\u00e3o<\/strong><\/em><\/p>\n","protected":false},"excerpt":{"rendered":"<p>As fam\u00edlias residentes na Vila Nova Esperan\u00e7a podem comemorar a conclus\u00e3o da \u00faltima etapa de regulariza\u00e7\u00e3o do empreendimento habitacional de interesse social. Localizado na Rua Guilherme Augusto Baad, o n\u00facleo conta agora com 103 moradias com t\u00edtulos de propriedade oficializados atrav\u00e9s da Lei Federal N\u00ba 13.465\/2017, que dispensa o habite-se para constru\u00e7\u00f5es de interesse social [&hellip;]<\/p>\n","protected":false},"author":40,"featured_media":255783,"comment_status":"closed","ping_status":"closed","sticky":false,"template":"","format":"standard","meta":{"footnotes":""},"categories":[2],"tags":[49,490],"ods":[],"class_list":["post-255782","post","type-post","status-publish","format-standard","has-post-thumbnail","hentry","category-noticias","tag-fundacao-municipal-de-acao-social-fumas","tag-habitacao"],"_links":{"self":[{"href":"https:\/\/jundiai.sp.gov.br\/noticias\/wp-json\/wp\/v2\/posts\/255782","targetHints":{"allow":["GET"]}}],"collection":[{"href":"https:\/\/jundiai.sp.gov.br\/noticias\/wp-json\/wp\/v2\/posts"}],"about":[{"href":"https:\/\/jundiai.sp.gov.br\/noticias\/wp-json\/wp\/v2\/types\/post"}],"author":[{"embeddable":true,"href":"https:\/\/jundiai.sp.gov.br\/noticias\/wp-json\/wp\/v2\/users\/40"}],"replies":[{"embeddable":true,"href":"https:\/\/jundiai.sp.gov.br\/noticias\/wp-json\/wp\/v2\/comments?post=255782"}],"version-history":[{"count":1,"href":"https:\/\/jundiai.sp.gov.br\/noticias\/wp-json\/wp\/v2\/posts\/255782\/revisions"}],"predecessor-version":[{"id":255784,"href":"https:\/\/jundiai.sp.gov.br\/noticias\/wp-json\/wp\/v2\/posts\/255782\/revisions\/255784"}],"wp:featuredmedia":[{"embeddable":true,"href":"https:\/\/jundiai.sp.gov.br\/noticias\/wp-json\/wp\/v2\/media\/255783"}],"wp:attachment":[{"href":"https:\/\/jundiai.sp.gov.br\/noticias\/wp-json\/wp\/v2\/media?parent=255782"}],"wp:term":[{"taxonomy":"category","embeddable":true,"href":"https:\/\/jundiai.sp.gov.br\/noticias\/wp-json\/wp\/v2\/categories?post=255782"},{"taxonomy":"post_tag","embeddable":true,"href":"https:\/\/jundiai.sp.gov.br\/noticias\/wp-json\/wp\/v2\/tags?post=255782"},{"taxonomy":"ods","embeddable":true,"href":"https:\/\/jundiai.sp.gov.br\/noticias\/wp-json\/wp\/v2\/ods?post=255782"}],"curies":[{"name":"wp","href":"https:\/\/api.w.org\/{rel}","templated":true}]}}