{"id":255846,"date":"2020-08-13T12:39:35","date_gmt":"2020-08-13T15:39:35","guid":{"rendered":"https:\/\/jundiai.sp.gov.br\/noticias\/?p=255846"},"modified":"2020-08-13T12:39:35","modified_gmt":"2020-08-13T15:39:35","slug":"live-da-tvtec-apresenta-projeto-para-saude-emocional-em-familia","status":"publish","type":"post","link":"https:\/\/jundiai.sp.gov.br\/noticias\/2020\/08\/13\/live-da-tvtec-apresenta-projeto-para-saude-emocional-em-familia\/","title":{"rendered":"Live da TVTEC apresenta projeto para sa\u00fade emocional em fam\u00edlia"},"content":{"rendered":"<p>Em tempos de isolamento social e mudan\u00e7as radicais no cotidiano, como estimular a sa\u00fade emocional em fam\u00edlia? Esse foi o tema da live (transmiss\u00e3o ao vivo) da TVTEC Jundia\u00ed na manh\u00e3 desta quinta-feira (13), dentro da s\u00e9rie de lives \u201cEduca\u00e7\u00e3o em Tempos de Pandemia\u201d. A transmiss\u00e3o ocorreu pelas redes sociais YouTube e Facebook e tamb\u00e9m pelo Canal 24 da NET, com media\u00e7\u00e3o da jornalista Luciana Coutinho.<\/p>\n<p>As convidadas desta edi\u00e7\u00e3o foram T\u00e2nia Roveri do Amaral, diretora do Departamento de Forma\u00e7\u00e3o da Unidade de Gest\u00e3o de Educa\u00e7\u00e3o (UGE), e Silmara Meireles, psic\u00f3loga Mestre em Educa\u00e7\u00e3o pela Unicamp e gestora dos programas \u201cAmigos do Zippy\u201d e \u201cPassaporte Habilidades para a Vida\u201d pela Associa\u00e7\u00e3o pela Sa\u00fade Emocional de Crian\u00e7as &#8211; ASEC\/Movimento Saber Lidar.<\/p>\n<p>&nbsp;<\/p>\n<div id=\"attachment_255848\" style=\"width: 1034px\" class=\"wp-caption aligncenter\"><img loading=\"lazy\" decoding=\"async\" aria-describedby=\"caption-attachment-255848\" class=\"size-large wp-image-255848\" src=\"https:\/\/jundiai.sp.gov.br\/noticias\/wp-content\/uploads\/sites\/32\/2020\/08\/reuniao_online_tv_tec-1280x854.jpg\" alt=\"\" width=\"1024\" height=\"683\" srcset=\"https:\/\/jundiai.sp.gov.br\/noticias\/wp-content\/uploads\/sites\/32\/2020\/08\/reuniao_online_tv_tec-1280x854.jpg 1280w, https:\/\/jundiai.sp.gov.br\/noticias\/wp-content\/uploads\/sites\/32\/2020\/08\/reuniao_online_tv_tec-300x200.jpg 300w, https:\/\/jundiai.sp.gov.br\/noticias\/wp-content\/uploads\/sites\/32\/2020\/08\/reuniao_online_tv_tec-768x512.jpg 768w, https:\/\/jundiai.sp.gov.br\/noticias\/wp-content\/uploads\/sites\/32\/2020\/08\/reuniao_online_tv_tec-1536x1024.jpg 1536w, https:\/\/jundiai.sp.gov.br\/noticias\/wp-content\/uploads\/sites\/32\/2020\/08\/reuniao_online_tv_tec-450x300.jpg 450w, https:\/\/jundiai.sp.gov.br\/noticias\/wp-content\/uploads\/sites\/32\/2020\/08\/reuniao_online_tv_tec.jpg 1984w\" sizes=\"auto, (max-width: 1024px) 100vw, 1024px\" \/><p id=\"caption-attachment-255848\" class=\"wp-caption-text\">S\u00e9rie \u201cEduca\u00e7\u00e3o em Tempos de Pandemia\u201d \u00e9 transmitida via redes sociais e TV a cabo: reflex\u00f5es sobre Educa\u00e7\u00e3o<\/p><\/div>\n<p>A live foi o primeiro passo para o lan\u00e7amento do projeto Sa\u00fade Emocional em Fam\u00edlia, voltado a todas as fam\u00edlias dos alunos matriculados na rede municipal de ensino, de zero a 10 anos, e tamb\u00e9m para os alunos do a os alunos do Centro Municipal de Educa\u00e7\u00e3o de Jovens e Adultos (CMEJA). \u201cCom esse projeto, as fam\u00edlias poder\u00e3o potencializar o desenvolvimento emocional das crian\u00e7as, adolescentes e adultos por meio de atividades realizadas em casa, com a participa\u00e7\u00e3o de todos. Os pais poder\u00e3o ter a oportunidade de aprender conceitos b\u00e1sicos de sa\u00fade emocional para desenvolverem um novo olhar para a educa\u00e7\u00e3o de seus filhos\u201d, explica a diretora T\u00e2nia.<\/p>\n<p>Esses materiais estar\u00e3o dispon\u00edveis para as fam\u00edlias a partir da pr\u00f3xima semana por meio da Plataforma da Educa\u00e7\u00e3o (no site da Prefeitura) e atrav\u00e9s das escolas.<\/p>\n<p>A live trouxe v\u00eddeos de EMEBs e fam\u00edlias mostrando o que fazem para diminuir a ansiedade do momento atual, incluindo brincadeiras e atividades on-line. \u201cQuando a fam\u00edlia se envolve, o aprendizado fica muito melhor\u201d, destacou Silmara. J\u00e1 as atividades com as crian\u00e7as em casa foram ressaltadas pela diretora T\u00e2nia. \u201cElas n\u00e3o precisar ser muito extensas, ou envolver muitos materiais; s\u00f3 \u00e9 preciso ter vontade e disponibilidade para um momento de escuta\u201d, afirmou.<\/p>\n<p>Voltadas aos educadores locais, as transmiss\u00f5es abrem espa\u00e7o para a intera\u00e7\u00e3o com a comunidade, visando o acolhimento, a import\u00e2ncia do bom planejamento e outras adapta\u00e7\u00f5es surgidas diante da pandemia do Coronav\u00edrus.<\/p>\n<p><strong>Assessoria de Imprensa<\/strong><br \/>\n<strong>Fotos: Fot\u00f3grafos PMJ<\/strong><\/p>\n","protected":false},"excerpt":{"rendered":"<p>Em tempos de isolamento social e mudan\u00e7as radicais no cotidiano, como estimular a sa\u00fade emocional em fam\u00edlia? Esse foi o tema da live (transmiss\u00e3o ao vivo) da TVTEC Jundia\u00ed na manh\u00e3 desta quinta-feira (13), dentro da s\u00e9rie de lives \u201cEduca\u00e7\u00e3o em Tempos de Pandemia\u201d. A transmiss\u00e3o ocorreu pelas redes sociais YouTube e Facebook e tamb\u00e9m [&hellip;]<\/p>\n","protected":false},"author":45,"featured_media":0,"comment_status":"closed","ping_status":"closed","sticky":false,"template":"","format":"standard","meta":{"footnotes":""},"categories":[2],"tags":[304,1500,6,1346],"ods":[],"class_list":["post-255846","post","type-post","status-publish","format-standard","hentry","category-noticias","tag-centro-municipal-de-educacao-de-jovens-e-adultos-cmeja","tag-coronavirus","tag-educacao","tag-emebs"],"_links":{"self":[{"href":"https:\/\/jundiai.sp.gov.br\/noticias\/wp-json\/wp\/v2\/posts\/255846","targetHints":{"allow":["GET"]}}],"collection":[{"href":"https:\/\/jundiai.sp.gov.br\/noticias\/wp-json\/wp\/v2\/posts"}],"about":[{"href":"https:\/\/jundiai.sp.gov.br\/noticias\/wp-json\/wp\/v2\/types\/post"}],"author":[{"embeddable":true,"href":"https:\/\/jundiai.sp.gov.br\/noticias\/wp-json\/wp\/v2\/users\/45"}],"replies":[{"embeddable":true,"href":"https:\/\/jundiai.sp.gov.br\/noticias\/wp-json\/wp\/v2\/comments?post=255846"}],"version-history":[{"count":4,"href":"https:\/\/jundiai.sp.gov.br\/noticias\/wp-json\/wp\/v2\/posts\/255846\/revisions"}],"predecessor-version":[{"id":255858,"href":"https:\/\/jundiai.sp.gov.br\/noticias\/wp-json\/wp\/v2\/posts\/255846\/revisions\/255858"}],"wp:attachment":[{"href":"https:\/\/jundiai.sp.gov.br\/noticias\/wp-json\/wp\/v2\/media?parent=255846"}],"wp:term":[{"taxonomy":"category","embeddable":true,"href":"https:\/\/jundiai.sp.gov.br\/noticias\/wp-json\/wp\/v2\/categories?post=255846"},{"taxonomy":"post_tag","embeddable":true,"href":"https:\/\/jundiai.sp.gov.br\/noticias\/wp-json\/wp\/v2\/tags?post=255846"},{"taxonomy":"ods","embeddable":true,"href":"https:\/\/jundiai.sp.gov.br\/noticias\/wp-json\/wp\/v2\/ods?post=255846"}],"curies":[{"name":"wp","href":"https:\/\/api.w.org\/{rel}","templated":true}]}}