{"id":255871,"date":"2020-08-13T15:51:54","date_gmt":"2020-08-13T18:51:54","guid":{"rendered":"https:\/\/jundiai.sp.gov.br\/noticias\/?p=255871"},"modified":"2020-08-13T15:51:54","modified_gmt":"2020-08-13T18:51:54","slug":"211-lotes-da-fase-1-do-novo-horizonte-sao-registrados-em-cartorio","status":"publish","type":"post","link":"https:\/\/jundiai.sp.gov.br\/noticias\/2020\/08\/13\/211-lotes-da-fase-1-do-novo-horizonte-sao-registrados-em-cartorio\/","title":{"rendered":"211 lotes da Fase 1 do Novo Horizonte s\u00e3o registrados em cart\u00f3rio"},"content":{"rendered":"<p>A primeira etapa da Regulariza\u00e7\u00e3o Fundi\u00e1ria do Jardim Novo Horizonte est\u00e1 conclu\u00edda. A Prefeitura de Jundia\u00ed, atrav\u00e9s da FUMAS (Funda\u00e7\u00e3o Municipal de A\u00e7\u00e3o Social), com apoio do Departamento de Licenciamento de Obras e Instala\u00e7\u00f5es (DELOI &#8211; UGPUMA), acaba de registrar a matr\u00edcula de 211 lotes e 21 \u00e1reas p\u00fablicas (entre ruas e vielas) referentes \u00e0 Fase 1 da regulariza\u00e7\u00e3o do bairro. <\/p>\n<div id=\"attachment_255872\" style=\"width: 1034px\" class=\"wp-caption alignright\"><img loading=\"lazy\" decoding=\"async\" aria-describedby=\"caption-attachment-255872\" src=\"https:\/\/jundiai.sp.gov.br\/noticias\/wp-content\/uploads\/sites\/32\/2020\/08\/jardim-novo-horizonte-regularizacao-de-211-lotes-e-areas-publicas-1280x853.jpg\" alt=\"\" width=\"1024\" height=\"682\" class=\"size-large wp-image-255872\" srcset=\"https:\/\/jundiai.sp.gov.br\/noticias\/wp-content\/uploads\/sites\/32\/2020\/08\/jardim-novo-horizonte-regularizacao-de-211-lotes-e-areas-publicas-1280x853.jpg 1280w, https:\/\/jundiai.sp.gov.br\/noticias\/wp-content\/uploads\/sites\/32\/2020\/08\/jardim-novo-horizonte-regularizacao-de-211-lotes-e-areas-publicas-300x200.jpg 300w, https:\/\/jundiai.sp.gov.br\/noticias\/wp-content\/uploads\/sites\/32\/2020\/08\/jardim-novo-horizonte-regularizacao-de-211-lotes-e-areas-publicas-768x512.jpg 768w, https:\/\/jundiai.sp.gov.br\/noticias\/wp-content\/uploads\/sites\/32\/2020\/08\/jardim-novo-horizonte-regularizacao-de-211-lotes-e-areas-publicas-1536x1024.jpg 1536w, https:\/\/jundiai.sp.gov.br\/noticias\/wp-content\/uploads\/sites\/32\/2020\/08\/jardim-novo-horizonte-regularizacao-de-211-lotes-e-areas-publicas-2048x1365.jpg 2048w, https:\/\/jundiai.sp.gov.br\/noticias\/wp-content\/uploads\/sites\/32\/2020\/08\/jardim-novo-horizonte-regularizacao-de-211-lotes-e-areas-publicas-450x300.jpg 450w\" sizes=\"auto, (max-width: 1024px) 100vw, 1024px\" \/><p id=\"caption-attachment-255872\" class=\"wp-caption-text\">Al\u00e9m dos lotes, 21 \u00e1reas p\u00fablicas \u2013 entre ruas e vielas \u2013 tamb\u00e9m est\u00e3o devidamente regularizadas<\/p><\/div>\n<p>\u201cCom isto, agora temos as matr\u00edculas dos terrenos e das edifica\u00e7\u00f5es todas em nome da FUMAS, uma etapa importante para chegarmos ao objetivo final, que \u00e9 o de transmitir a titularidade do im\u00f3vel \u00e0s fam\u00edlias beneficiadas\u201d, salientou a superintendente da FUMAS, Solange Marques.<br \/>\n<strong><br \/>\nDemais fases<\/strong><\/p>\n<p>Os trabalhos de Regulariza\u00e7\u00e3o Fundi\u00e1ria tamb\u00e9m est\u00e3o em andamento para as demais etapas, especialmente para a Fase 2 (que vai do n\u00ba 4923 ao n\u00ba 5601) e Fase 3 (do n\u00ba 4341 ap n\u00ba 4903), ambas j\u00e1 com o LEPAC (Levantamento Planialtim\u00e9trico Cadastral) conclu\u00eddo e projeto em estudo. \u201cEstas duas fases juntas compreendem cerca de 500 lotes distribu\u00eddos numa \u00e1rea de aproximadamente 104 mil m\u00b2\u201d, observou Solange.<\/p>\n<p>J\u00e1 nas demais fases &#8211; de 4 a 9 \u2013 a Regulariza\u00e7\u00e3o ocorrer\u00e1 em parceria com o Programa Cidade Legal, da Secretaria Estadual de Habita\u00e7\u00e3o, assim como nos bairros Vila Marajoara, Rententem, Jardim Antonieta e Jardim Vit\u00f3ria (N\u00facleo Balsan). \u201cDiante das restri\u00e7\u00f5es or\u00e7ament\u00e1rias que temos vivido nos \u00faltimos tempos e considerando os recursos escassos para novos projetos habitacionais de interesse social, a pr\u00e1tica da Regulariza\u00e7\u00e3o Fundi\u00e1ria de im\u00f3veis localizados em loteamentos irregulares acaba sendo uma alternativa eficaz para assegurar uma melhoria da condi\u00e7\u00e3o de vida dessas fam\u00edlias\u201d, concluiu a superintendente.<\/p>\n<p><em><strong>Assessoria de Imprensa \u2013 FUMAS<br \/>\nFotos: Divulga\u00e7\u00e3o<\/strong><\/em><\/p>\n","protected":false},"excerpt":{"rendered":"<p>A primeira etapa da Regulariza\u00e7\u00e3o Fundi\u00e1ria do Jardim Novo Horizonte est\u00e1 conclu\u00edda. A Prefeitura de Jundia\u00ed, atrav\u00e9s da FUMAS (Funda\u00e7\u00e3o Municipal de A\u00e7\u00e3o Social), com apoio do Departamento de Licenciamento de Obras e Instala\u00e7\u00f5es (DELOI &#8211; UGPUMA), acaba de registrar a matr\u00edcula de 211 lotes e 21 \u00e1reas p\u00fablicas (entre ruas e vielas) referentes \u00e0 [&hellip;]<\/p>\n","protected":false},"author":40,"featured_media":0,"comment_status":"closed","ping_status":"closed","sticky":false,"template":"","format":"standard","meta":{"footnotes":""},"categories":[2],"tags":[49,490],"ods":[],"class_list":["post-255871","post","type-post","status-publish","format-standard","hentry","category-noticias","tag-fundacao-municipal-de-acao-social-fumas","tag-habitacao"],"_links":{"self":[{"href":"https:\/\/jundiai.sp.gov.br\/noticias\/wp-json\/wp\/v2\/posts\/255871","targetHints":{"allow":["GET"]}}],"collection":[{"href":"https:\/\/jundiai.sp.gov.br\/noticias\/wp-json\/wp\/v2\/posts"}],"about":[{"href":"https:\/\/jundiai.sp.gov.br\/noticias\/wp-json\/wp\/v2\/types\/post"}],"author":[{"embeddable":true,"href":"https:\/\/jundiai.sp.gov.br\/noticias\/wp-json\/wp\/v2\/users\/40"}],"replies":[{"embeddable":true,"href":"https:\/\/jundiai.sp.gov.br\/noticias\/wp-json\/wp\/v2\/comments?post=255871"}],"version-history":[{"count":2,"href":"https:\/\/jundiai.sp.gov.br\/noticias\/wp-json\/wp\/v2\/posts\/255871\/revisions"}],"predecessor-version":[{"id":255874,"href":"https:\/\/jundiai.sp.gov.br\/noticias\/wp-json\/wp\/v2\/posts\/255871\/revisions\/255874"}],"wp:attachment":[{"href":"https:\/\/jundiai.sp.gov.br\/noticias\/wp-json\/wp\/v2\/media?parent=255871"}],"wp:term":[{"taxonomy":"category","embeddable":true,"href":"https:\/\/jundiai.sp.gov.br\/noticias\/wp-json\/wp\/v2\/categories?post=255871"},{"taxonomy":"post_tag","embeddable":true,"href":"https:\/\/jundiai.sp.gov.br\/noticias\/wp-json\/wp\/v2\/tags?post=255871"},{"taxonomy":"ods","embeddable":true,"href":"https:\/\/jundiai.sp.gov.br\/noticias\/wp-json\/wp\/v2\/ods?post=255871"}],"curies":[{"name":"wp","href":"https:\/\/api.w.org\/{rel}","templated":true}]}}