{"id":255950,"date":"2020-08-14T16:30:35","date_gmt":"2020-08-14T19:30:35","guid":{"rendered":"https:\/\/jundiai.sp.gov.br\/noticias\/?p=255950"},"modified":"2020-08-14T18:15:23","modified_gmt":"2020-08-14T21:15:23","slug":"nota-a-imprensa-108","status":"publish","type":"post","link":"https:\/\/jundiai.sp.gov.br\/noticias\/2020\/08\/14\/nota-a-imprensa-108\/","title":{"rendered":"Nota \u00e0 Imprensa"},"content":{"rendered":"<p>A Prefeitura de Jundia\u00ed informa que, nesta sexta-feira (14), o munic\u00edpio contabiliza cinco \u00f3bitos de residentes na cidade causado pelo Novo Coronav\u00edrus:<\/p>\n<p>Mulher, 53 anos, obesa, portadora de doen\u00e7a cardiovascular cr\u00f4nica e neoplasia. Foi internada no Hospital S\u00e3o Vicente de Paulo (HSV) no dia 11\/07 e \u00f3bito registrado em 13\/08, j\u00e1 positivo para COVID-19.<\/p>\n<p>Homem, 65 anos, portador de doen\u00e7a cardiovascular cr\u00f4nica. Foi internado no Hospital S\u00e3o Vicente de Paulo (HSV) no dia 02\/08\u00a0 \u00f3bito registrado no dia 13\/08, j\u00e1 positivo para COVID-19.<\/p>\n<p>Homem, 79 anos, portador de doen\u00e7a cardiovascular cr\u00f4nica e diabetes. Foi internado no Hospital S\u00e3o Vicente de Paulo (HSV) no dia 09\/08 e \u00f3bito registrado no dia 13\/08, j\u00e1 positivo para COVID-19.<\/p>\n<p>Mulher, 66 anos, portadora de doen\u00e7a cardiovascular cr\u00f4nica e diabetes. Foi internado no Hospital S\u00e3o Vicente de Paulo (HSV) no dia 31\/07 e \u00f3bito registrado nesta sexta-feira (14), j\u00e1 positivo para COVID-19.<\/p>\n<p>Homem, 66 anos, obeso, portador de doen\u00e7a cardiovascular e nefropatia cr\u00f4nica. Foi internado no Hospital S\u00e3o Vicente de Paulo (HSV) no dia 05\/08 e \u00f3bito registrado nesta sexta-feira (14), j\u00e1 positivo para COVID-19.<\/p>\n<p>Com esta morte, a cidade passa a contabilizar 343 \u00f3bitos positivos para COVID-19 desde o in\u00edcio da pandemia.<\/p>\n<p><strong>Assessoria de Imprensa<\/strong><\/p>\n","protected":false},"excerpt":{"rendered":"<p>A Prefeitura de Jundia\u00ed informa que, nesta sexta-feira (14), o munic\u00edpio contabiliza cinco \u00f3bitos de residentes na cidade causado pelo Novo Coronav\u00edrus: Mulher, 53 anos, obesa, portadora de doen\u00e7a cardiovascular cr\u00f4nica e neoplasia. Foi internada no Hospital S\u00e3o Vicente de Paulo (HSV) no dia 11\/07 e \u00f3bito registrado em 13\/08, j\u00e1 positivo para COVID-19. Homem, [&hellip;]<\/p>\n","protected":false},"author":39,"featured_media":246446,"comment_status":"closed","ping_status":"closed","sticky":false,"template":"","format":"standard","meta":{"footnotes":""},"categories":[2],"tags":[1500],"ods":[],"class_list":["post-255950","post","type-post","status-publish","format-standard","has-post-thumbnail","hentry","category-noticias","tag-coronavirus"],"_links":{"self":[{"href":"https:\/\/jundiai.sp.gov.br\/noticias\/wp-json\/wp\/v2\/posts\/255950","targetHints":{"allow":["GET"]}}],"collection":[{"href":"https:\/\/jundiai.sp.gov.br\/noticias\/wp-json\/wp\/v2\/posts"}],"about":[{"href":"https:\/\/jundiai.sp.gov.br\/noticias\/wp-json\/wp\/v2\/types\/post"}],"author":[{"embeddable":true,"href":"https:\/\/jundiai.sp.gov.br\/noticias\/wp-json\/wp\/v2\/users\/39"}],"replies":[{"embeddable":true,"href":"https:\/\/jundiai.sp.gov.br\/noticias\/wp-json\/wp\/v2\/comments?post=255950"}],"version-history":[{"count":2,"href":"https:\/\/jundiai.sp.gov.br\/noticias\/wp-json\/wp\/v2\/posts\/255950\/revisions"}],"predecessor-version":[{"id":255953,"href":"https:\/\/jundiai.sp.gov.br\/noticias\/wp-json\/wp\/v2\/posts\/255950\/revisions\/255953"}],"wp:featuredmedia":[{"embeddable":true,"href":"https:\/\/jundiai.sp.gov.br\/noticias\/wp-json\/wp\/v2\/media\/246446"}],"wp:attachment":[{"href":"https:\/\/jundiai.sp.gov.br\/noticias\/wp-json\/wp\/v2\/media?parent=255950"}],"wp:term":[{"taxonomy":"category","embeddable":true,"href":"https:\/\/jundiai.sp.gov.br\/noticias\/wp-json\/wp\/v2\/categories?post=255950"},{"taxonomy":"post_tag","embeddable":true,"href":"https:\/\/jundiai.sp.gov.br\/noticias\/wp-json\/wp\/v2\/tags?post=255950"},{"taxonomy":"ods","embeddable":true,"href":"https:\/\/jundiai.sp.gov.br\/noticias\/wp-json\/wp\/v2\/ods?post=255950"}],"curies":[{"name":"wp","href":"https:\/\/api.w.org\/{rel}","templated":true}]}}