{"id":256072,"date":"2020-08-21T17:40:51","date_gmt":"2020-08-21T20:40:51","guid":{"rendered":"https:\/\/jundiai.sp.gov.br\/noticias\/?p=256072"},"modified":"2020-08-21T21:08:04","modified_gmt":"2020-08-22T00:08:04","slug":"com-regras-rigidas-sanitarias-nis-retoma-78-das-consultas-e-exames","status":"publish","type":"post","link":"https:\/\/jundiai.sp.gov.br\/noticias\/2020\/08\/21\/com-regras-rigidas-sanitarias-nis-retoma-78-das-consultas-e-exames\/","title":{"rendered":"Com regras r\u00edgidas sanit\u00e1rias, NIS retoma 78% das consultas e exames"},"content":{"rendered":"<p>O N\u00facleo Integrado de Sa\u00fade (NIS), ambulat\u00f3rio de especialidades e exames da Unidade de Gest\u00e3o de Promo\u00e7\u00e3o da Sa\u00fade (UGPS) da Prefeitura de Jundia\u00ed (maior ambulat\u00f3rio da cidade), retorna gradativamente ao patamar anterior \u00e0 pandemia do Novo Coronav\u00edrus e j\u00e1 alcan\u00e7a 78% da produ\u00e7\u00e3o em rela\u00e7\u00e3o ao m\u00eas de julho do ano passado. Com o regramento r\u00edgido sanit\u00e1rio e controle de acesso, o fluxo de atendimento garante seguran\u00e7a contra o v\u00edrus Sars-CoV-2.<\/p>\n<p>Das 23 mil consultas realizadas em julho de 2019, no mesmo m\u00eas, durante a pandemia, as equipes dos ambulat\u00f3rios realizaram 18 mil, ou seja, recupera\u00e7\u00e3o de 78%. De acordo com o m\u00e9dico gerente do NIS, Alberto Iobbi J\u00fanior, o atendimento \u00e0s mais de 30 especialidades ofertadas no espa\u00e7o \u00e9 feito com espa\u00e7amento nos hor\u00e1rios. &#8220;O NIS permanece aberto durante todo o per\u00edodo de pandemia para o acolhimento \u00e0 popula\u00e7\u00e3o que apresentasse qualquer tipo de intercorr\u00eancia. Com a retomada da agenda de consultas, no m\u00eas de maio, al\u00e9m das prioridades encaminhadas pelas Unidades B\u00e1sicas de Sa\u00fade (UBSs), os pacientes em acompanhamento pelo equipamento tamb\u00e9m voltaram&#8221;, explica o gerente.<\/p>\n<div id=\"attachment_256099\" style=\"width: 1034px\" class=\"wp-caption aligncenter\"><img loading=\"lazy\" decoding=\"async\" aria-describedby=\"caption-attachment-256099\" class=\"size-large wp-image-256099\" src=\"https:\/\/jundiai.sp.gov.br\/noticias\/wp-content\/uploads\/sites\/32\/2020\/08\/novos_procedimentos_nis-18-1280x854.jpg\" alt=\"\" width=\"1024\" height=\"683\" srcset=\"https:\/\/jundiai.sp.gov.br\/noticias\/wp-content\/uploads\/sites\/32\/2020\/08\/novos_procedimentos_nis-18-1280x854.jpg 1280w, https:\/\/jundiai.sp.gov.br\/noticias\/wp-content\/uploads\/sites\/32\/2020\/08\/novos_procedimentos_nis-18-300x200.jpg 300w, https:\/\/jundiai.sp.gov.br\/noticias\/wp-content\/uploads\/sites\/32\/2020\/08\/novos_procedimentos_nis-18-768x512.jpg 768w, https:\/\/jundiai.sp.gov.br\/noticias\/wp-content\/uploads\/sites\/32\/2020\/08\/novos_procedimentos_nis-18-1536x1024.jpg 1536w, https:\/\/jundiai.sp.gov.br\/noticias\/wp-content\/uploads\/sites\/32\/2020\/08\/novos_procedimentos_nis-18-450x300.jpg 450w, https:\/\/jundiai.sp.gov.br\/noticias\/wp-content\/uploads\/sites\/32\/2020\/08\/novos_procedimentos_nis-18.jpg 1984w\" sizes=\"auto, (max-width: 1024px) 100vw, 1024px\" \/><p id=\"caption-attachment-256099\" class=\"wp-caption-text\">Espa\u00e7amento, aferi\u00e7\u00e3o de temperatura, disponibiliza\u00e7\u00e3o de \u00e1lcool gel e controle de acesso garantem conforto e seguran\u00e7a para os usu\u00e1rios do NIS<\/p><\/div>\n<p>Conforme explica o m\u00e9dico, al\u00e9m do controle de acesso na quantidade de pessoas por andar (25 e cada um dos tr\u00eas pavimentos), ainda \u00e9 aferida a temperatura dos usu\u00e1rios agendados. &#8220;Os servidores utilizam equipamentos de prote\u00e7\u00e3o individual (EPIs) e o pr\u00f3prio espa\u00e7o foi adequado com anteparos nos guich\u00eas para prote\u00e7\u00e3o&#8221;, explica.<\/p>\n<p>Os agendamentos s\u00e3o realizados pela equipe do NIS, portanto, \u00e9 fundamental que o usu\u00e1rio mantenha as informa\u00e7\u00f5es cadastrais atualizadas para o contato.<\/p>\n<p><strong>Assessoria de Imprensa<\/strong><br \/>\n<strong>Fotos: Fot\u00f3grafos PMJ<\/strong><\/p>\n<p>&nbsp;<\/p>\n","protected":false},"excerpt":{"rendered":"<p>O N\u00facleo Integrado de Sa\u00fade (NIS), ambulat\u00f3rio de especialidades e exames da Unidade de Gest\u00e3o de Promo\u00e7\u00e3o da Sa\u00fade (UGPS) da Prefeitura de Jundia\u00ed (maior ambulat\u00f3rio da cidade), retorna gradativamente ao patamar anterior \u00e0 pandemia do Novo Coronav\u00edrus e j\u00e1 alcan\u00e7a 78% da produ\u00e7\u00e3o em rela\u00e7\u00e3o ao m\u00eas de julho do ano passado. Com o [&hellip;]<\/p>\n","protected":false},"author":39,"featured_media":256100,"comment_status":"closed","ping_status":"closed","sticky":false,"template":"","format":"standard","meta":{"footnotes":""},"categories":[2],"tags":[1500],"ods":[],"class_list":["post-256072","post","type-post","status-publish","format-standard","has-post-thumbnail","hentry","category-noticias","tag-coronavirus"],"_links":{"self":[{"href":"https:\/\/jundiai.sp.gov.br\/noticias\/wp-json\/wp\/v2\/posts\/256072","targetHints":{"allow":["GET"]}}],"collection":[{"href":"https:\/\/jundiai.sp.gov.br\/noticias\/wp-json\/wp\/v2\/posts"}],"about":[{"href":"https:\/\/jundiai.sp.gov.br\/noticias\/wp-json\/wp\/v2\/types\/post"}],"author":[{"embeddable":true,"href":"https:\/\/jundiai.sp.gov.br\/noticias\/wp-json\/wp\/v2\/users\/39"}],"replies":[{"embeddable":true,"href":"https:\/\/jundiai.sp.gov.br\/noticias\/wp-json\/wp\/v2\/comments?post=256072"}],"version-history":[{"count":16,"href":"https:\/\/jundiai.sp.gov.br\/noticias\/wp-json\/wp\/v2\/posts\/256072\/revisions"}],"predecessor-version":[{"id":256126,"href":"https:\/\/jundiai.sp.gov.br\/noticias\/wp-json\/wp\/v2\/posts\/256072\/revisions\/256126"}],"wp:featuredmedia":[{"embeddable":true,"href":"https:\/\/jundiai.sp.gov.br\/noticias\/wp-json\/wp\/v2\/media\/256100"}],"wp:attachment":[{"href":"https:\/\/jundiai.sp.gov.br\/noticias\/wp-json\/wp\/v2\/media?parent=256072"}],"wp:term":[{"taxonomy":"category","embeddable":true,"href":"https:\/\/jundiai.sp.gov.br\/noticias\/wp-json\/wp\/v2\/categories?post=256072"},{"taxonomy":"post_tag","embeddable":true,"href":"https:\/\/jundiai.sp.gov.br\/noticias\/wp-json\/wp\/v2\/tags?post=256072"},{"taxonomy":"ods","embeddable":true,"href":"https:\/\/jundiai.sp.gov.br\/noticias\/wp-json\/wp\/v2\/ods?post=256072"}],"curies":[{"name":"wp","href":"https:\/\/api.w.org\/{rel}","templated":true}]}}