{"id":256110,"date":"2020-08-21T17:39:25","date_gmt":"2020-08-21T20:39:25","guid":{"rendered":"https:\/\/jundiai.sp.gov.br\/noticias\/?p=256110"},"modified":"2020-08-21T17:39:25","modified_gmt":"2020-08-21T20:39:25","slug":"kit-de-alimentacao-escolar-sera-entregue-nos-dias-27-e-28-de-agosto","status":"publish","type":"post","link":"https:\/\/jundiai.sp.gov.br\/noticias\/2020\/08\/21\/kit-de-alimentacao-escolar-sera-entregue-nos-dias-27-e-28-de-agosto\/","title":{"rendered":"Kit de Alimenta\u00e7\u00e3o Escolar ser\u00e1 entregue nos dias 27 e 28 de agosto"},"content":{"rendered":"<p>Os pais dos alunos da Rede Municipal de Ensino de Jundia\u00ed com direito ao Kit de Alimenta\u00e7\u00e3o Escolar poder\u00e3o retirar o benef\u00edcio referente a agosto nos dias 27 e 28 (quinta e sexta-feira da pr\u00f3xima semana). O kit, fornecido pela Prefeitura desde o in\u00edcio da pandemia do Novo Coronav\u00edrus, \u00e9 voltado \u00e0s fam\u00edlias dos estudantes da Educa\u00e7\u00e3o Infantil, Ensino Fundamental e Educa\u00e7\u00e3o de Jovens e Adultos (EJA) em vulnerabilidade social, previamente cadastradas pela Unidade de Gest\u00e3o de Educa\u00e7\u00e3o (UGE).<\/p>\n<p>A retirada deve ser feita na unidade de ensino em que os alunos s\u00e3o matriculados, das 8h \u00e0s 16. Nas escolas contratadas, a entrega ser\u00e1 feita de 24 a 26 de agosto, no mesmo hor\u00e1rio.<\/p>\n<div id=\"attachment_256114\" style=\"width: 1034px\" class=\"wp-caption aligncenter\"><img loading=\"lazy\" decoding=\"async\" aria-describedby=\"caption-attachment-256114\" class=\"size-large wp-image-256114\" src=\"https:\/\/jundiai.sp.gov.br\/noticias\/wp-content\/uploads\/sites\/32\/2020\/08\/entrega_kit_alimentacao_morada_das_vinhas-101-1280x853.jpg\" alt=\"Kit \u00e9 voltado \u00e0s fam\u00edlias dos estudantes da Educa\u00e7\u00e3o Infantil, Ensino Fundamental e Educa\u00e7\u00e3o de Jovens e Adultos (EJA) em vulnerabilidade social\" width=\"1024\" height=\"682\" srcset=\"https:\/\/jundiai.sp.gov.br\/noticias\/wp-content\/uploads\/sites\/32\/2020\/08\/entrega_kit_alimentacao_morada_das_vinhas-101-1280x853.jpg 1280w, https:\/\/jundiai.sp.gov.br\/noticias\/wp-content\/uploads\/sites\/32\/2020\/08\/entrega_kit_alimentacao_morada_das_vinhas-101-300x200.jpg 300w, https:\/\/jundiai.sp.gov.br\/noticias\/wp-content\/uploads\/sites\/32\/2020\/08\/entrega_kit_alimentacao_morada_das_vinhas-101-768x512.jpg 768w, https:\/\/jundiai.sp.gov.br\/noticias\/wp-content\/uploads\/sites\/32\/2020\/08\/entrega_kit_alimentacao_morada_das_vinhas-101-450x300.jpg 450w, https:\/\/jundiai.sp.gov.br\/noticias\/wp-content\/uploads\/sites\/32\/2020\/08\/entrega_kit_alimentacao_morada_das_vinhas-101.jpg 1323w\" sizes=\"auto, (max-width: 1024px) 100vw, 1024px\" \/><p id=\"caption-attachment-256114\" class=\"wp-caption-text\">Kit \u00e9 voltado \u00e0s fam\u00edlias dos estudantes da Educa\u00e7\u00e3o Infantil, Ensino Fundamental e Educa\u00e7\u00e3o de Jovens e Adultos (EJA) em vulnerabilidade social<\/p><\/div>\n<p>O benef\u00edcio ser\u00e1 composto por produtos perec\u00edveis, como legumes, verduras e carne de frango congelada com temperos. Tamb\u00e9m est\u00e3o no kit uma cesta b\u00e1sica, que inclui 5 kg de arroz, 2 kg de feij\u00e3o, 1 kg de macarr\u00e3o, \u00f3leo, quatro pacotes de biscoito salgado sem gl\u00faten, polpa de tomate e sardinha, al\u00e9m de p\u00e3o tipo bisnaga e seis ma\u00e7\u00e3s.<\/p>\n<p>Desde o in\u00edcio da oferta dos kits, no m\u00eas de mar\u00e7o, a administra\u00e7\u00e3o j\u00e1 distribuiu 74 toneladas de arroz, 23 toneladas de feij\u00e3o, 22 mil d\u00fazias de ovos, 23 toneladas de leite em p\u00f3 e 20 toneladas de molho de tomate. Nas escolas que contam com o projeto das Plantas Aliment\u00edcias N\u00e3o Convencionais (PANCs), o ma\u00e7o de uma esp\u00e9cie ser\u00e1 entregue para a fam\u00edlia enriquecer sua alimenta\u00e7\u00e3o.<\/p>\n<p>Segundo a diretora do Departamento de Nutri\u00e7\u00e3o e Alimenta\u00e7\u00e3o (DAN) da UGE, Maria Angela Delgado, a escolha dos itens para a composi\u00e7\u00e3o da cesta priorizou o lado nutricional. \u201cO kit oferece alimentos equilibrados, com prote\u00edna e carboidrato, valorizando ainda a import\u00e2ncia de vitaminas e minerais. Isso \u00e9 fundamental principalmente para as crian\u00e7as, pela quest\u00e3o da imunidade neste per\u00edodo de inverno\u201d, completou Maria Angela.<\/p>\n<p><strong>Assessoria de Imprensa<\/strong><br \/>\n<strong>Fotos: Fot\u00f3grafos PMJ<\/strong><\/p>\n","protected":false},"excerpt":{"rendered":"<p>Os pais dos alunos da Rede Municipal de Ensino de Jundia\u00ed com direito ao Kit de Alimenta\u00e7\u00e3o Escolar poder\u00e3o retirar o benef\u00edcio referente a agosto nos dias 27 e 28 (quinta e sexta-feira da pr\u00f3xima semana). O kit, fornecido pela Prefeitura desde o in\u00edcio da pandemia do Novo Coronav\u00edrus, \u00e9 voltado \u00e0s fam\u00edlias dos estudantes [&hellip;]<\/p>\n","protected":false},"author":54,"featured_media":256113,"comment_status":"closed","ping_status":"closed","sticky":false,"template":"","format":"standard","meta":{"footnotes":""},"categories":[2],"tags":[1500,6],"ods":[],"class_list":["post-256110","post","type-post","status-publish","format-standard","has-post-thumbnail","hentry","category-noticias","tag-coronavirus","tag-educacao"],"_links":{"self":[{"href":"https:\/\/jundiai.sp.gov.br\/noticias\/wp-json\/wp\/v2\/posts\/256110","targetHints":{"allow":["GET"]}}],"collection":[{"href":"https:\/\/jundiai.sp.gov.br\/noticias\/wp-json\/wp\/v2\/posts"}],"about":[{"href":"https:\/\/jundiai.sp.gov.br\/noticias\/wp-json\/wp\/v2\/types\/post"}],"author":[{"embeddable":true,"href":"https:\/\/jundiai.sp.gov.br\/noticias\/wp-json\/wp\/v2\/users\/54"}],"replies":[{"embeddable":true,"href":"https:\/\/jundiai.sp.gov.br\/noticias\/wp-json\/wp\/v2\/comments?post=256110"}],"version-history":[{"count":2,"href":"https:\/\/jundiai.sp.gov.br\/noticias\/wp-json\/wp\/v2\/posts\/256110\/revisions"}],"predecessor-version":[{"id":256115,"href":"https:\/\/jundiai.sp.gov.br\/noticias\/wp-json\/wp\/v2\/posts\/256110\/revisions\/256115"}],"wp:featuredmedia":[{"embeddable":true,"href":"https:\/\/jundiai.sp.gov.br\/noticias\/wp-json\/wp\/v2\/media\/256113"}],"wp:attachment":[{"href":"https:\/\/jundiai.sp.gov.br\/noticias\/wp-json\/wp\/v2\/media?parent=256110"}],"wp:term":[{"taxonomy":"category","embeddable":true,"href":"https:\/\/jundiai.sp.gov.br\/noticias\/wp-json\/wp\/v2\/categories?post=256110"},{"taxonomy":"post_tag","embeddable":true,"href":"https:\/\/jundiai.sp.gov.br\/noticias\/wp-json\/wp\/v2\/tags?post=256110"},{"taxonomy":"ods","embeddable":true,"href":"https:\/\/jundiai.sp.gov.br\/noticias\/wp-json\/wp\/v2\/ods?post=256110"}],"curies":[{"name":"wp","href":"https:\/\/api.w.org\/{rel}","templated":true}]}}