{"id":256530,"date":"2020-09-12T16:01:45","date_gmt":"2020-09-12T19:01:45","guid":{"rendered":"https:\/\/jundiai.sp.gov.br\/noticias\/?p=256530"},"modified":"2020-09-15T09:53:43","modified_gmt":"2020-09-15T12:53:43","slug":"nota-a-imprensa-132","status":"publish","type":"post","link":"https:\/\/jundiai.sp.gov.br\/noticias\/2020\/09\/12\/nota-a-imprensa-132\/","title":{"rendered":"Nota \u00e0 imprensa"},"content":{"rendered":"<p>A Prefeitura de Jundia\u00ed informa que, neste s\u00e1bado (12), o munic\u00edpio contabiliza um \u00f3bito de residente na cidade causado pelo Novo Coronav\u00edrus:<\/p>\n<p>Homem, 60 anos, portador de doen\u00e7a cardiovascular cr\u00f4nica. Foi internado no Hospital S\u00e3o Vicente (HSV) em 23 de agosto e faleceu neste s\u00e1bado, dia 12, j\u00e1 positivo para COVID-19.<\/p>\n<p>Com esta morte, a cidade passa a contabilizar 390 \u00f3bitos positivos para COVID-19 desde o in\u00edcio da pandemia.<\/p>\n<p><img loading=\"lazy\" decoding=\"async\" class=\"aligncenter size-large wp-image-256539\" src=\"https:\/\/jundiai.sp.gov.br\/noticias\/wp-content\/uploads\/sites\/32\/2020\/09\/slide1-12-960x960.jpg\" alt=\"\" width=\"960\" height=\"960\" srcset=\"https:\/\/jundiai.sp.gov.br\/noticias\/wp-content\/uploads\/sites\/32\/2020\/09\/slide1-12-960x960.jpg 960w, https:\/\/jundiai.sp.gov.br\/noticias\/wp-content\/uploads\/sites\/32\/2020\/09\/slide1-12-300x300.jpg 300w, https:\/\/jundiai.sp.gov.br\/noticias\/wp-content\/uploads\/sites\/32\/2020\/09\/slide1-12-100x100.jpg 100w, https:\/\/jundiai.sp.gov.br\/noticias\/wp-content\/uploads\/sites\/32\/2020\/09\/slide1-12-768x768.jpg 768w, https:\/\/jundiai.sp.gov.br\/noticias\/wp-content\/uploads\/sites\/32\/2020\/09\/slide1-12.jpg 1365w\" sizes=\"auto, (max-width: 960px) 100vw, 960px\" \/><\/p>\n<p><strong>Assessoria de Imprensa<\/strong><\/p>\n<p>&nbsp;<\/p>\n","protected":false},"excerpt":{"rendered":"<p>A Prefeitura de Jundia\u00ed informa que, neste s\u00e1bado (12), o munic\u00edpio contabiliza um \u00f3bito de residente na cidade causado pelo Novo Coronav\u00edrus: Homem, 60 anos, portador de doen\u00e7a cardiovascular cr\u00f4nica. Foi internado no Hospital S\u00e3o Vicente (HSV) em 23 de agosto e faleceu neste s\u00e1bado, dia 12, j\u00e1 positivo para COVID-19. Com esta morte, a [&hellip;]<\/p>\n","protected":false},"author":45,"featured_media":256539,"comment_status":"closed","ping_status":"closed","sticky":false,"template":"","format":"standard","meta":{"footnotes":""},"categories":[2],"tags":[1500],"ods":[],"class_list":["post-256530","post","type-post","status-publish","format-standard","has-post-thumbnail","hentry","category-noticias","tag-coronavirus"],"_links":{"self":[{"href":"https:\/\/jundiai.sp.gov.br\/noticias\/wp-json\/wp\/v2\/posts\/256530","targetHints":{"allow":["GET"]}}],"collection":[{"href":"https:\/\/jundiai.sp.gov.br\/noticias\/wp-json\/wp\/v2\/posts"}],"about":[{"href":"https:\/\/jundiai.sp.gov.br\/noticias\/wp-json\/wp\/v2\/types\/post"}],"author":[{"embeddable":true,"href":"https:\/\/jundiai.sp.gov.br\/noticias\/wp-json\/wp\/v2\/users\/45"}],"replies":[{"embeddable":true,"href":"https:\/\/jundiai.sp.gov.br\/noticias\/wp-json\/wp\/v2\/comments?post=256530"}],"version-history":[{"count":5,"href":"https:\/\/jundiai.sp.gov.br\/noticias\/wp-json\/wp\/v2\/posts\/256530\/revisions"}],"predecessor-version":[{"id":256540,"href":"https:\/\/jundiai.sp.gov.br\/noticias\/wp-json\/wp\/v2\/posts\/256530\/revisions\/256540"}],"wp:featuredmedia":[{"embeddable":true,"href":"https:\/\/jundiai.sp.gov.br\/noticias\/wp-json\/wp\/v2\/media\/256539"}],"wp:attachment":[{"href":"https:\/\/jundiai.sp.gov.br\/noticias\/wp-json\/wp\/v2\/media?parent=256530"}],"wp:term":[{"taxonomy":"category","embeddable":true,"href":"https:\/\/jundiai.sp.gov.br\/noticias\/wp-json\/wp\/v2\/categories?post=256530"},{"taxonomy":"post_tag","embeddable":true,"href":"https:\/\/jundiai.sp.gov.br\/noticias\/wp-json\/wp\/v2\/tags?post=256530"},{"taxonomy":"ods","embeddable":true,"href":"https:\/\/jundiai.sp.gov.br\/noticias\/wp-json\/wp\/v2\/ods?post=256530"}],"curies":[{"name":"wp","href":"https:\/\/api.w.org\/{rel}","templated":true}]}}