{"id":256870,"date":"2020-09-30T15:06:27","date_gmt":"2020-09-30T18:06:27","guid":{"rendered":"https:\/\/jundiai.sp.gov.br\/noticias\/?p=256870"},"modified":"2020-09-30T16:38:43","modified_gmt":"2020-09-30T19:38:43","slug":"metas-fiscais-sao-apresentados-em-audiencia-publica","status":"publish","type":"post","link":"https:\/\/jundiai.sp.gov.br\/noticias\/2020\/09\/30\/metas-fiscais-sao-apresentados-em-audiencia-publica\/","title":{"rendered":"Metas fiscais s\u00e3o apresentadas em audi\u00eancia p\u00fablica"},"content":{"rendered":"\n<p>As metas fiscais do munic\u00edpio, referentes ao segundo quadrimestre de 2020, foram apresentadas em audi\u00eancia p\u00fablica realizada na C\u00e2mara Municipal, segunda-feira (28), em cumprimento a Lei de Responsabilidade Fiscal (LRF).<\/p>\n\n\n\n<p>Devido \u00e0 pandemia de Covid-19, n\u00e3o houve a presen\u00e7a de p\u00fablico. Para garantir a transpar\u00eancia, foi feita transmiss\u00e3o ao vivo pela TV C\u00e2mara (12.2 UHF e 4 NET) e pela internet (site, Facebook e Youtube da C\u00e2mara).<\/p>\n\n\n\n<p>Os indicadores de desempenho da gest\u00e3o fiscal do munic\u00edpio nos \u00faltimos quatro meses e um comparativo com o mesmo per\u00edodo de 2019 foram destacados. A Receita Corrente ficou em R$ 1.483,48 bilh\u00e3o, ou seja, um cumprimento de 65,87% do previsto no or\u00e7amento anual \u2013 R$ 2.252,21 bilh\u00f5es. Em rela\u00e7\u00e3o ao mesmo per\u00edodo de 2019, antes da pandemia, a receita teve uma varia\u00e7\u00e3o de 4,95%. Quando analisado somente os oito meses de 2020, h\u00e1 uma frustra\u00e7\u00e3o na receita, reflexo da pandemia que provocou redu\u00e7\u00e3o do n\u00edvel de atividade econ\u00f4mica.<\/p>\n\n\n\n<p>A despesa realizada at\u00e9 o segundo quadrimestre ficou em 56,08% do total de R$ 2.587,22 bilh\u00f5es previstos para o ano. Os maiores gastos continuam sendo com Educa\u00e7\u00e3o, que j\u00e1 utilizou 51,50% do seu or\u00e7amento, e Sa\u00fade, 65,72%. Os gastos com Sa\u00fade foram acelerados em raz\u00e3o da estrutura necess\u00e1ria para o enfrentamento da pandemia.<\/p>\n\n\n\n<p>Em rela\u00e7\u00e3o aos gastos com pessoal, a administra\u00e7\u00e3o fechou o per\u00edodo com redu\u00e7\u00e3o em rela\u00e7\u00e3o a 2019. A despesa total com pessoal ficou em 44,83%, contra 45,47% registrado no ano anterior. A administra\u00e7\u00e3o tamb\u00e9m seguiu a tend\u00eancia de manuten\u00e7\u00e3o do patamar de gastos previstos para o exerc\u00edcio e abaixo do limite prudencial de 51,3%, definido na LRF.<\/p>\n\n\n\n<p>O relat\u00f3rio completo est\u00e1 dispon\u00edvel no Portal da Transpar\u00eancia, no site da Prefeitura de Jundia\u00ed: <a rel=\"noreferrer noopener\" href=\"https:\/\/transparencia.jundiai.sp.gov.br.\" target=\"_blank\">https:\/\/transparencia.jundiai.sp.gov.br.<\/a><\/p>\n\n\n\n<p><strong>Assessoria de Imprensa<\/strong><\/p>\n","protected":false},"excerpt":{"rendered":"<p>As metas fiscais do munic\u00edpio, referentes ao segundo quadrimestre de 2020, foram apresentadas em audi\u00eancia p\u00fablica realizada na C\u00e2mara Municipal, segunda-feira (28), em cumprimento a Lei de Responsabilidade Fiscal (LRF). Devido \u00e0 pandemia de Covid-19, n\u00e3o houve a presen\u00e7a de p\u00fablico. Para garantir a transpar\u00eancia, foi feita transmiss\u00e3o ao vivo pela TV C\u00e2mara (12.2 UHF [&hellip;]<\/p>\n","protected":false},"author":50,"featured_media":0,"comment_status":"closed","ping_status":"closed","sticky":false,"template":"","format":"standard","meta":{"footnotes":""},"categories":[2],"tags":[],"ods":[],"class_list":["post-256870","post","type-post","status-publish","format-standard","hentry","category-noticias"],"_links":{"self":[{"href":"https:\/\/jundiai.sp.gov.br\/noticias\/wp-json\/wp\/v2\/posts\/256870","targetHints":{"allow":["GET"]}}],"collection":[{"href":"https:\/\/jundiai.sp.gov.br\/noticias\/wp-json\/wp\/v2\/posts"}],"about":[{"href":"https:\/\/jundiai.sp.gov.br\/noticias\/wp-json\/wp\/v2\/types\/post"}],"author":[{"embeddable":true,"href":"https:\/\/jundiai.sp.gov.br\/noticias\/wp-json\/wp\/v2\/users\/50"}],"replies":[{"embeddable":true,"href":"https:\/\/jundiai.sp.gov.br\/noticias\/wp-json\/wp\/v2\/comments?post=256870"}],"version-history":[{"count":4,"href":"https:\/\/jundiai.sp.gov.br\/noticias\/wp-json\/wp\/v2\/posts\/256870\/revisions"}],"predecessor-version":[{"id":256879,"href":"https:\/\/jundiai.sp.gov.br\/noticias\/wp-json\/wp\/v2\/posts\/256870\/revisions\/256879"}],"wp:attachment":[{"href":"https:\/\/jundiai.sp.gov.br\/noticias\/wp-json\/wp\/v2\/media?parent=256870"}],"wp:term":[{"taxonomy":"category","embeddable":true,"href":"https:\/\/jundiai.sp.gov.br\/noticias\/wp-json\/wp\/v2\/categories?post=256870"},{"taxonomy":"post_tag","embeddable":true,"href":"https:\/\/jundiai.sp.gov.br\/noticias\/wp-json\/wp\/v2\/tags?post=256870"},{"taxonomy":"ods","embeddable":true,"href":"https:\/\/jundiai.sp.gov.br\/noticias\/wp-json\/wp\/v2\/ods?post=256870"}],"curies":[{"name":"wp","href":"https:\/\/api.w.org\/{rel}","templated":true}]}}