{"id":257028,"date":"2020-10-09T18:46:35","date_gmt":"2020-10-09T21:46:35","guid":{"rendered":"https:\/\/jundiai.sp.gov.br\/noticias\/?p=257028"},"modified":"2020-10-09T18:46:35","modified_gmt":"2020-10-09T21:46:35","slug":"jundiai-avanca-para-a-fase-verde-do-plano-sao-paulo","status":"publish","type":"post","link":"https:\/\/jundiai.sp.gov.br\/noticias\/2020\/10\/09\/jundiai-avanca-para-a-fase-verde-do-plano-sao-paulo\/","title":{"rendered":"Jundia\u00ed avan\u00e7a para a Fase verde do Plano S\u00e3o Paulo"},"content":{"rendered":"\n<p>Nesta sexta-feira (09), Jundia\u00ed avan\u00e7a para a quarta fase no Plano S\u00e3o Paulo de Retomada Econ\u00f4mica. Ap\u00f3s pouco mais de dois meses sem retrocessos e com \u00edndices em n\u00fameros de novos casos, interna\u00e7\u00f5es e \u00f3bitos em queda, a Prefeitura de Jundia\u00ed publica o decreto 29.369 de 09 de outubro de 2020, que possibilita a amplia\u00e7\u00e3o da capacidade dos estabelecimentos comerciais (lojas, shoppings, servi\u00e7os e restaurantes) para 60% e retoma o hor\u00e1rio de funcionamento praticado anteriormente \u00e0 pandemia do Novo Coronav\u00edrus. <\/p>\n\n\n\n<p>O avan\u00e7o contempla toda a Regional de Sa\u00fade de Campinas, em que a Aglomera\u00e7\u00e3o Urbana de Jundia\u00ed  (AUJ) est\u00e1 inserida. <\/p>\n\n\n\n<p>De acordo com os \u00edndices apresentados pela COVID-19 e dispon\u00edveis para a consulta da popula\u00e7\u00e3o pelo site da Prefeitura, na p\u00e1gina &#8216;Coronav\u00edrus&#8217;, entre o in\u00edcio da Fase Amarela, em 7 de agosto at\u00e9 a \u00faltima semana fechada (01\/10), Jundia\u00ed passou de 137 novos casos da doen\u00e7a por dia para 30. J\u00e1 em rela\u00e7\u00e3o aos \u00f3bito, no mesmo per\u00edodo, a redu\u00e7\u00e3o foi de 1,71 \u00f3bito dia para 0,71 \u00f3bito dia. Em rela\u00e7\u00e3o \u00e0s interna\u00e7\u00f5es, a queda na m\u00e9dia m\u00f3vel foi de 8,86\/dia para 4,29\/dia.<\/p>\n\n\n\n<figure class=\"wp-block-image size-large\"><img loading=\"lazy\" decoding=\"async\" width=\"1280\" height=\"853\" src=\"https:\/\/jundiai.sp.gov.br\/noticias\/wp-content\/uploads\/sites\/32\/2020\/10\/jundiai-1280x853.jpg\" alt=\"\" class=\"wp-image-257043\" srcset=\"https:\/\/jundiai.sp.gov.br\/noticias\/wp-content\/uploads\/sites\/32\/2020\/10\/jundiai-1280x853.jpg 1280w, https:\/\/jundiai.sp.gov.br\/noticias\/wp-content\/uploads\/sites\/32\/2020\/10\/jundiai-300x200.jpg 300w, https:\/\/jundiai.sp.gov.br\/noticias\/wp-content\/uploads\/sites\/32\/2020\/10\/jundiai-768x512.jpg 768w, https:\/\/jundiai.sp.gov.br\/noticias\/wp-content\/uploads\/sites\/32\/2020\/10\/jundiai-1536x1024.jpg 1536w, https:\/\/jundiai.sp.gov.br\/noticias\/wp-content\/uploads\/sites\/32\/2020\/10\/jundiai-2048x1365.jpg 2048w, https:\/\/jundiai.sp.gov.br\/noticias\/wp-content\/uploads\/sites\/32\/2020\/10\/jundiai-450x300.jpg 450w\" sizes=\"auto, (max-width: 1280px) 100vw, 1280px\" \/><figcaption>Jundia\u00ed avan\u00e7a para a Fase Verde do Plano S\u00e3o Paulo com amplia\u00e7\u00e3o em hor\u00e1rios de funcionamento de espa\u00e7os e na capacidade liberada<\/figcaption><\/figure>\n\n\n\n<p><strong>Em detalhes<\/strong><br>Conforme o decreto publicado, os com\u00e9rcios de rua, shoppings, poder\u00e3o retomar a atividade em hor\u00e1rio descrito em alvar\u00e1, com a amplia\u00e7\u00e3o da capacidade ocupada de 40% para 60%. As regras sanit\u00e1rias, setoriais e transversais permanecem em vigor, com a dispensa\u00e7\u00e3o de \u00e1lcool em gel, distanciamento e uso de m\u00e1scara. <\/p>\n\n\n\n<p>As pra\u00e7as de alimenta\u00e7\u00e3o, restaurantes e caf\u00e9s localizados em shoppings est\u00e3o autorizadas a funcionar at\u00e9 22 horas para consuma\u00e7\u00e3o no local. J\u00e1 bares, restaurantes e similares em ruas tem a recomenda\u00e7\u00e3o para usar preferencialmente reservas para o consumo no local, que poder\u00e1 ser at\u00e9 23h, com funcionamento para delivery ou retirada em hor\u00e1rio de alvar\u00e1. <\/p>\n\n\n\n<p>Os parques e jardins p\u00fablicos liberados em decreto anterior permanecem com funcionamento de segunda a sexta-feira das 7h \u00e0s 16h at\u00e9 o dia 18 de outubro. A partir do dia 19, o Jardim Bot\u00e2nico, Parque da Cidade e o Complexo Educacional, Cultural e Esportivo (CECE) Dr. Nicolino de Luca &#8211; Bol\u00e3o, passam a funcionar aos s\u00e1bados, domingos e feriados, das 7h \u00e0s 18h.<\/p>\n\n\n\n<p>O decreto completo pode ser consultado na p\u00e1gina Coronav\u00edrus, do site da Prefeitura de Jundia\u00ed, no link &#8216;Decretos&#8217;.<br><br><strong>Assessoria de Imprensa<br>Fotos: Fot\u00f3grafos PMJ<\/strong><\/p>\n","protected":false},"excerpt":{"rendered":"<p>Nesta sexta-feira (09), Jundia\u00ed avan\u00e7a para a quarta fase no Plano S\u00e3o Paulo de Retomada Econ\u00f4mica. Ap\u00f3s pouco mais de dois meses sem retrocessos e com \u00edndices em n\u00fameros de novos casos, interna\u00e7\u00f5es e \u00f3bitos em queda, a Prefeitura de Jundia\u00ed publica o decreto 29.369 de 09 de outubro de 2020, que possibilita a amplia\u00e7\u00e3o [&hellip;]<\/p>\n","protected":false},"author":39,"featured_media":257043,"comment_status":"closed","ping_status":"closed","sticky":false,"template":"","format":"standard","meta":{"footnotes":""},"categories":[2],"tags":[1500],"ods":[],"class_list":["post-257028","post","type-post","status-publish","format-standard","has-post-thumbnail","hentry","category-noticias","tag-coronavirus"],"_links":{"self":[{"href":"https:\/\/jundiai.sp.gov.br\/noticias\/wp-json\/wp\/v2\/posts\/257028","targetHints":{"allow":["GET"]}}],"collection":[{"href":"https:\/\/jundiai.sp.gov.br\/noticias\/wp-json\/wp\/v2\/posts"}],"about":[{"href":"https:\/\/jundiai.sp.gov.br\/noticias\/wp-json\/wp\/v2\/types\/post"}],"author":[{"embeddable":true,"href":"https:\/\/jundiai.sp.gov.br\/noticias\/wp-json\/wp\/v2\/users\/39"}],"replies":[{"embeddable":true,"href":"https:\/\/jundiai.sp.gov.br\/noticias\/wp-json\/wp\/v2\/comments?post=257028"}],"version-history":[{"count":5,"href":"https:\/\/jundiai.sp.gov.br\/noticias\/wp-json\/wp\/v2\/posts\/257028\/revisions"}],"predecessor-version":[{"id":257044,"href":"https:\/\/jundiai.sp.gov.br\/noticias\/wp-json\/wp\/v2\/posts\/257028\/revisions\/257044"}],"wp:featuredmedia":[{"embeddable":true,"href":"https:\/\/jundiai.sp.gov.br\/noticias\/wp-json\/wp\/v2\/media\/257043"}],"wp:attachment":[{"href":"https:\/\/jundiai.sp.gov.br\/noticias\/wp-json\/wp\/v2\/media?parent=257028"}],"wp:term":[{"taxonomy":"category","embeddable":true,"href":"https:\/\/jundiai.sp.gov.br\/noticias\/wp-json\/wp\/v2\/categories?post=257028"},{"taxonomy":"post_tag","embeddable":true,"href":"https:\/\/jundiai.sp.gov.br\/noticias\/wp-json\/wp\/v2\/tags?post=257028"},{"taxonomy":"ods","embeddable":true,"href":"https:\/\/jundiai.sp.gov.br\/noticias\/wp-json\/wp\/v2\/ods?post=257028"}],"curies":[{"name":"wp","href":"https:\/\/api.w.org\/{rel}","templated":true}]}}