{"id":257079,"date":"2020-10-12T16:02:38","date_gmt":"2020-10-12T19:02:38","guid":{"rendered":"https:\/\/jundiai.sp.gov.br\/noticias\/?p=257079"},"modified":"2020-10-12T16:02:38","modified_gmt":"2020-10-12T19:02:38","slug":"nota-a-imprensa-162","status":"publish","type":"post","link":"https:\/\/jundiai.sp.gov.br\/noticias\/2020\/10\/12\/nota-a-imprensa-162\/","title":{"rendered":"Nota \u00e0 Imprensa"},"content":{"rendered":"\n<p>A Prefeitura de Jundia\u00ed informa que, nesta segunda-feira (12), o munic\u00edpio contabilizou um \u00f3bito de residente na cidade causado pelo Novo Coronav\u00edrus.<\/p>\n\n\n\n<p>Homem, 95 anos, portador de doen\u00e7a cardiovascular cr\u00f4nica. Foi internado no Hospital S\u00e3o Vicente de Paulo (HSV) no dia 29\/09 e \u00f3bito  registrado em 10\/10, j\u00e1 positivo para COVID-19.<\/p>\n\n\n\n<p>At\u00e9 o momento, a cidade registra 416 \u00f3bitos positivos para COVID-19 desde o in\u00edcio da pandemia.<\/p>\n\n\n\n<p><strong>Assessoria de Imprensa<\/strong><\/p>\n\n\n\n<figure class=\"wp-block-image size-large\"><img loading=\"lazy\" decoding=\"async\" width=\"960\" height=\"960\" src=\"https:\/\/jundiai.sp.gov.br\/noticias\/wp-content\/uploads\/sites\/32\/2020\/10\/slide1-11-960x960.jpg\" alt=\"\" class=\"wp-image-257080\" srcset=\"https:\/\/jundiai.sp.gov.br\/noticias\/wp-content\/uploads\/sites\/32\/2020\/10\/slide1-11-960x960.jpg 960w, https:\/\/jundiai.sp.gov.br\/noticias\/wp-content\/uploads\/sites\/32\/2020\/10\/slide1-11-300x300.jpg 300w, https:\/\/jundiai.sp.gov.br\/noticias\/wp-content\/uploads\/sites\/32\/2020\/10\/slide1-11-100x100.jpg 100w, https:\/\/jundiai.sp.gov.br\/noticias\/wp-content\/uploads\/sites\/32\/2020\/10\/slide1-11-768x768.jpg 768w, https:\/\/jundiai.sp.gov.br\/noticias\/wp-content\/uploads\/sites\/32\/2020\/10\/slide1-11.jpg 1365w\" sizes=\"auto, (max-width: 960px) 100vw, 960px\" \/><\/figure>\n\n\n\n<figure class=\"wp-block-image size-large\"><img loading=\"lazy\" decoding=\"async\" width=\"960\" height=\"960\" src=\"https:\/\/jundiai.sp.gov.br\/noticias\/wp-content\/uploads\/sites\/32\/2020\/10\/slide2-12-960x960.jpg\" alt=\"\" class=\"wp-image-257081\" srcset=\"https:\/\/jundiai.sp.gov.br\/noticias\/wp-content\/uploads\/sites\/32\/2020\/10\/slide2-12-960x960.jpg 960w, https:\/\/jundiai.sp.gov.br\/noticias\/wp-content\/uploads\/sites\/32\/2020\/10\/slide2-12-300x300.jpg 300w, https:\/\/jundiai.sp.gov.br\/noticias\/wp-content\/uploads\/sites\/32\/2020\/10\/slide2-12-100x100.jpg 100w, https:\/\/jundiai.sp.gov.br\/noticias\/wp-content\/uploads\/sites\/32\/2020\/10\/slide2-12-768x768.jpg 768w, https:\/\/jundiai.sp.gov.br\/noticias\/wp-content\/uploads\/sites\/32\/2020\/10\/slide2-12.jpg 1365w\" sizes=\"auto, (max-width: 960px) 100vw, 960px\" \/><\/figure>\n","protected":false},"excerpt":{"rendered":"<p>A Prefeitura de Jundia\u00ed informa que, nesta segunda-feira (12), o munic\u00edpio contabilizou um \u00f3bito de residente na cidade causado pelo Novo Coronav\u00edrus. Homem, 95 anos, portador de doen\u00e7a cardiovascular cr\u00f4nica. Foi internado no Hospital S\u00e3o Vicente de Paulo (HSV) no dia 29\/09 e \u00f3bito registrado em 10\/10, j\u00e1 positivo para COVID-19. At\u00e9 o momento, a [&hellip;]<\/p>\n","protected":false},"author":39,"featured_media":257080,"comment_status":"closed","ping_status":"closed","sticky":false,"template":"","format":"standard","meta":{"footnotes":""},"categories":[2],"tags":[1500],"ods":[],"class_list":["post-257079","post","type-post","status-publish","format-standard","has-post-thumbnail","hentry","category-noticias","tag-coronavirus"],"_links":{"self":[{"href":"https:\/\/jundiai.sp.gov.br\/noticias\/wp-json\/wp\/v2\/posts\/257079","targetHints":{"allow":["GET"]}}],"collection":[{"href":"https:\/\/jundiai.sp.gov.br\/noticias\/wp-json\/wp\/v2\/posts"}],"about":[{"href":"https:\/\/jundiai.sp.gov.br\/noticias\/wp-json\/wp\/v2\/types\/post"}],"author":[{"embeddable":true,"href":"https:\/\/jundiai.sp.gov.br\/noticias\/wp-json\/wp\/v2\/users\/39"}],"replies":[{"embeddable":true,"href":"https:\/\/jundiai.sp.gov.br\/noticias\/wp-json\/wp\/v2\/comments?post=257079"}],"version-history":[{"count":1,"href":"https:\/\/jundiai.sp.gov.br\/noticias\/wp-json\/wp\/v2\/posts\/257079\/revisions"}],"predecessor-version":[{"id":257082,"href":"https:\/\/jundiai.sp.gov.br\/noticias\/wp-json\/wp\/v2\/posts\/257079\/revisions\/257082"}],"wp:featuredmedia":[{"embeddable":true,"href":"https:\/\/jundiai.sp.gov.br\/noticias\/wp-json\/wp\/v2\/media\/257080"}],"wp:attachment":[{"href":"https:\/\/jundiai.sp.gov.br\/noticias\/wp-json\/wp\/v2\/media?parent=257079"}],"wp:term":[{"taxonomy":"category","embeddable":true,"href":"https:\/\/jundiai.sp.gov.br\/noticias\/wp-json\/wp\/v2\/categories?post=257079"},{"taxonomy":"post_tag","embeddable":true,"href":"https:\/\/jundiai.sp.gov.br\/noticias\/wp-json\/wp\/v2\/tags?post=257079"},{"taxonomy":"ods","embeddable":true,"href":"https:\/\/jundiai.sp.gov.br\/noticias\/wp-json\/wp\/v2\/ods?post=257079"}],"curies":[{"name":"wp","href":"https:\/\/api.w.org\/{rel}","templated":true}]}}