{"id":257170,"date":"2020-10-20T15:33:56","date_gmt":"2020-10-20T18:33:56","guid":{"rendered":"https:\/\/jundiai.sp.gov.br\/noticias\/?p=257170"},"modified":"2020-10-20T15:58:41","modified_gmt":"2020-10-20T18:58:41","slug":"jundiai-abre-ubss-para-campanha-de-vacinacao-no-sabado-24","status":"publish","type":"post","link":"https:\/\/jundiai.sp.gov.br\/noticias\/2020\/10\/20\/jundiai-abre-ubss-para-campanha-de-vacinacao-no-sabado-24\/","title":{"rendered":"Jundia\u00ed abrir\u00e1 UBSs para Campanha de Vacina\u00e7\u00e3o, no s\u00e1bado (24)"},"content":{"rendered":"\n<p>O m\u00eas de outubro foi definido pelo Minist\u00e9rio da Sa\u00fade para a realiza\u00e7\u00e3o da Campanha Nacional de Vacina\u00e7\u00e3o contra Poliomielite e da Multivacina\u00e7\u00e3o. Por conta da pandemia do Novo Coronav\u00edrus e com o objetivo de facilitar o acesso da popula\u00e7\u00e3o \u00e0 imuniza\u00e7\u00e3o em dias em que n\u00e3o h\u00e1 atendimento de rotina, a Prefeitura de Jundia\u00ed, por meio da Unidade de Gest\u00e3o de Promo\u00e7\u00e3o da Sa\u00fade (UGPS), realizar\u00e1 no pr\u00f3ximo s\u00e1bado (24), mais um dia exclusivo de vacina\u00e7\u00e3o em algumas Unidades B\u00e1sicas de Sa\u00fade (UBSs) da cidade. <\/p>\n\n\n\n<p>Durante o Dia D, ocorrido no \u00faltimo s\u00e1bado (17), foram imunizadas 1.629 crian\u00e7as, entre a vacina p\u00f3lio oral e demais vacinas, sendo que, exclusivamente para a p\u00f3lio foram 1.161 crian\u00e7as vacinadas. A expectativa da Unidade Gestora \u00e9 superar o volume, tendo em vista que a popula\u00e7\u00e3o-alvo estimada para a dose \u00e9 de 20 mil pessoas. <\/p>\n\n\n\n<figure class=\"wp-block-image size-large\"><img loading=\"lazy\" decoding=\"async\" width=\"1176\" height=\"960\" src=\"https:\/\/jundiai.sp.gov.br\/noticias\/wp-content\/uploads\/sites\/32\/2020\/10\/vacinapolio-1176x960.jpg\" alt=\"\" class=\"wp-image-257172\" srcset=\"https:\/\/jundiai.sp.gov.br\/noticias\/wp-content\/uploads\/sites\/32\/2020\/10\/vacinapolio-1176x960.jpg 1176w, https:\/\/jundiai.sp.gov.br\/noticias\/wp-content\/uploads\/sites\/32\/2020\/10\/vacinapolio-300x245.jpg 300w, https:\/\/jundiai.sp.gov.br\/noticias\/wp-content\/uploads\/sites\/32\/2020\/10\/vacinapolio-768x627.jpg 768w, https:\/\/jundiai.sp.gov.br\/noticias\/wp-content\/uploads\/sites\/32\/2020\/10\/vacinapolio.jpg 1323w\" sizes=\"auto, (max-width: 1176px) 100vw, 1176px\" \/><figcaption>Campanha de Vacina\u00e7\u00e3o contra Poliomielite e Multivacina\u00e7\u00e3o ter\u00e1 s\u00e1bado (24) para imuniza\u00e7\u00e3o<\/figcaption><\/figure>\n\n\n\n<p>No s\u00e1bado (24) ficar\u00e3o abertas das 8h \u00e0s 17h as UBSs:<\/p>\n\n\n\n<p>1 \u2013 Cl\u00ednica da Fam\u00edlia Novo Horizonte \u2013 (pr\u00e9dio antigo: Rua Jos\u00e9 Ribeiro Barbosa, 20, Parque Almerinda Chaves)<br>2 \u2013 UBS Tulipas (Rua Ana Congani Bocal\u00e3o, 80)<br>3 \u2013 UBS Maring\u00e1 (Rua Casemiro de Abreu, 57) <br>4 \u2013 UBS Esplanada (Rua Jo\u00e3o Omair Simionato, 100)<br>5 \u2013 UBS Jundia\u00ed Mirim (Rua Josefa Piccolo, 198, Jardim Bandeiras)<br>6 &#8211; UBS Ivoturucaia (Rua Profa. Valderez Augusta Campos de Castro Lopes, 210)<br>7 \u2013 UBS Tamoio (Rua Orestes Barbosa, s\/n\u00ba)<br>8 &#8211; UBS Central (Rua Antonio Segre, 71 &#8211; esquina com Av. Henrique Andr\u00e9s 680)<br>9  \u2013 UBS Morada das Vinhas (Rua Uva Ni\u00e1gara (Antiga Avenida A), S\/N\u00ba)<\/p>\n\n\n\n<p>A Campanha Nacional de Vacina\u00e7\u00e3o contra Poliomielite e Multivacina\u00e7\u00e3o \u00e9 destinada para a Atualiza\u00e7\u00e3o da Caderneta de Vacina\u00e7\u00e3o da Crian\u00e7a e do Adolescente, tendo como p\u00fablico-alvo crian\u00e7as e adolescentes menores de 15 anos de idade. Ser\u00e1 efetuada a verifica\u00e7\u00e3o da caderneta de vacinas e, se necess\u00e1rio, ser\u00e3o aplicadas as vacinas preconizadas de acordo com a idade. <\/p>\n\n\n\n<p>Para as crian\u00e7as de 1 a 4 anos ser\u00e1 aplicada uma dose adicional da vacina contra poliomielite, com o objetivo de reduzir o risco de reintrodu\u00e7\u00e3o do poliov\u00edrus no pa\u00eds.<\/p>\n\n\n\n<p><strong>Assessoria de Imprensa<br>Fotos: Fot\u00f3grafos PMJ<\/strong><\/p>\n","protected":false},"excerpt":{"rendered":"<p>O m\u00eas de outubro foi definido pelo Minist\u00e9rio da Sa\u00fade para a realiza\u00e7\u00e3o da Campanha Nacional de Vacina\u00e7\u00e3o contra Poliomielite e da Multivacina\u00e7\u00e3o. Por conta da pandemia do Novo Coronav\u00edrus e com o objetivo de facilitar o acesso da popula\u00e7\u00e3o \u00e0 imuniza\u00e7\u00e3o em dias em que n\u00e3o h\u00e1 atendimento de rotina, a Prefeitura de Jundia\u00ed, [&hellip;]<\/p>\n","protected":false},"author":39,"featured_media":257172,"comment_status":"closed","ping_status":"closed","sticky":false,"template":"","format":"standard","meta":{"footnotes":""},"categories":[2],"tags":[1500],"ods":[],"class_list":["post-257170","post","type-post","status-publish","format-standard","has-post-thumbnail","hentry","category-noticias","tag-coronavirus"],"_links":{"self":[{"href":"https:\/\/jundiai.sp.gov.br\/noticias\/wp-json\/wp\/v2\/posts\/257170","targetHints":{"allow":["GET"]}}],"collection":[{"href":"https:\/\/jundiai.sp.gov.br\/noticias\/wp-json\/wp\/v2\/posts"}],"about":[{"href":"https:\/\/jundiai.sp.gov.br\/noticias\/wp-json\/wp\/v2\/types\/post"}],"author":[{"embeddable":true,"href":"https:\/\/jundiai.sp.gov.br\/noticias\/wp-json\/wp\/v2\/users\/39"}],"replies":[{"embeddable":true,"href":"https:\/\/jundiai.sp.gov.br\/noticias\/wp-json\/wp\/v2\/comments?post=257170"}],"version-history":[{"count":4,"href":"https:\/\/jundiai.sp.gov.br\/noticias\/wp-json\/wp\/v2\/posts\/257170\/revisions"}],"predecessor-version":[{"id":257179,"href":"https:\/\/jundiai.sp.gov.br\/noticias\/wp-json\/wp\/v2\/posts\/257170\/revisions\/257179"}],"wp:featuredmedia":[{"embeddable":true,"href":"https:\/\/jundiai.sp.gov.br\/noticias\/wp-json\/wp\/v2\/media\/257172"}],"wp:attachment":[{"href":"https:\/\/jundiai.sp.gov.br\/noticias\/wp-json\/wp\/v2\/media?parent=257170"}],"wp:term":[{"taxonomy":"category","embeddable":true,"href":"https:\/\/jundiai.sp.gov.br\/noticias\/wp-json\/wp\/v2\/categories?post=257170"},{"taxonomy":"post_tag","embeddable":true,"href":"https:\/\/jundiai.sp.gov.br\/noticias\/wp-json\/wp\/v2\/tags?post=257170"},{"taxonomy":"ods","embeddable":true,"href":"https:\/\/jundiai.sp.gov.br\/noticias\/wp-json\/wp\/v2\/ods?post=257170"}],"curies":[{"name":"wp","href":"https:\/\/api.w.org\/{rel}","templated":true}]}}