{"id":257175,"date":"2020-10-20T16:30:58","date_gmt":"2020-10-20T19:30:58","guid":{"rendered":"https:\/\/jundiai.sp.gov.br\/noticias\/?p=257175"},"modified":"2020-10-20T15:40:12","modified_gmt":"2020-10-20T18:40:12","slug":"nota-a-imprensa-170","status":"publish","type":"post","link":"https:\/\/jundiai.sp.gov.br\/noticias\/2020\/10\/20\/nota-a-imprensa-170\/","title":{"rendered":"Nota \u00e0 Imprensa"},"content":{"rendered":"\n<p>A Prefeitura de Jundia\u00ed informa que, nesta ter\u00e7a-feira (20), o munic\u00edpio n\u00e3o contabilizou nenhum \u00f3bito de residente na cidade causado pelo Novo Coronav\u00edrus.<\/p>\n\n\n\n<p>At\u00e9 o momento, a cidade registra 420 \u00f3bitos positivos para COVID-19 desde o in\u00edcio da pandemia.<\/p>\n\n\n\n<p><strong>Assessoria de Imprensa<\/strong><\/p>\n\n\n\n<figure class=\"wp-block-image size-large\"><img loading=\"lazy\" decoding=\"async\" width=\"960\" height=\"960\" src=\"https:\/\/jundiai.sp.gov.br\/noticias\/wp-content\/uploads\/sites\/32\/2020\/10\/slide1-17-960x960.jpg\" alt=\"\" class=\"wp-image-257176\" srcset=\"https:\/\/jundiai.sp.gov.br\/noticias\/wp-content\/uploads\/sites\/32\/2020\/10\/slide1-17-960x960.jpg 960w, https:\/\/jundiai.sp.gov.br\/noticias\/wp-content\/uploads\/sites\/32\/2020\/10\/slide1-17-300x300.jpg 300w, https:\/\/jundiai.sp.gov.br\/noticias\/wp-content\/uploads\/sites\/32\/2020\/10\/slide1-17-100x100.jpg 100w, https:\/\/jundiai.sp.gov.br\/noticias\/wp-content\/uploads\/sites\/32\/2020\/10\/slide1-17-768x768.jpg 768w, https:\/\/jundiai.sp.gov.br\/noticias\/wp-content\/uploads\/sites\/32\/2020\/10\/slide1-17.jpg 1365w\" sizes=\"auto, (max-width: 960px) 100vw, 960px\" \/><\/figure>\n\n\n\n<figure class=\"wp-block-image size-large\"><img loading=\"lazy\" decoding=\"async\" width=\"960\" height=\"960\" src=\"https:\/\/jundiai.sp.gov.br\/noticias\/wp-content\/uploads\/sites\/32\/2020\/10\/slide2-18-960x960.jpg\" alt=\"\" class=\"wp-image-257177\" srcset=\"https:\/\/jundiai.sp.gov.br\/noticias\/wp-content\/uploads\/sites\/32\/2020\/10\/slide2-18-960x960.jpg 960w, https:\/\/jundiai.sp.gov.br\/noticias\/wp-content\/uploads\/sites\/32\/2020\/10\/slide2-18-300x300.jpg 300w, https:\/\/jundiai.sp.gov.br\/noticias\/wp-content\/uploads\/sites\/32\/2020\/10\/slide2-18-100x100.jpg 100w, https:\/\/jundiai.sp.gov.br\/noticias\/wp-content\/uploads\/sites\/32\/2020\/10\/slide2-18-768x768.jpg 768w, https:\/\/jundiai.sp.gov.br\/noticias\/wp-content\/uploads\/sites\/32\/2020\/10\/slide2-18.jpg 1365w\" sizes=\"auto, (max-width: 960px) 100vw, 960px\" \/><\/figure>\n","protected":false},"excerpt":{"rendered":"<p>A Prefeitura de Jundia\u00ed informa que, nesta ter\u00e7a-feira (20), o munic\u00edpio n\u00e3o contabilizou nenhum \u00f3bito de residente na cidade causado pelo Novo Coronav\u00edrus. At\u00e9 o momento, a cidade registra 420 \u00f3bitos positivos para COVID-19 desde o in\u00edcio da pandemia. Assessoria de Imprensa<\/p>\n","protected":false},"author":39,"featured_media":257176,"comment_status":"closed","ping_status":"closed","sticky":false,"template":"","format":"standard","meta":{"footnotes":""},"categories":[2],"tags":[1500],"ods":[],"class_list":["post-257175","post","type-post","status-publish","format-standard","has-post-thumbnail","hentry","category-noticias","tag-coronavirus"],"_links":{"self":[{"href":"https:\/\/jundiai.sp.gov.br\/noticias\/wp-json\/wp\/v2\/posts\/257175","targetHints":{"allow":["GET"]}}],"collection":[{"href":"https:\/\/jundiai.sp.gov.br\/noticias\/wp-json\/wp\/v2\/posts"}],"about":[{"href":"https:\/\/jundiai.sp.gov.br\/noticias\/wp-json\/wp\/v2\/types\/post"}],"author":[{"embeddable":true,"href":"https:\/\/jundiai.sp.gov.br\/noticias\/wp-json\/wp\/v2\/users\/39"}],"replies":[{"embeddable":true,"href":"https:\/\/jundiai.sp.gov.br\/noticias\/wp-json\/wp\/v2\/comments?post=257175"}],"version-history":[{"count":1,"href":"https:\/\/jundiai.sp.gov.br\/noticias\/wp-json\/wp\/v2\/posts\/257175\/revisions"}],"predecessor-version":[{"id":257178,"href":"https:\/\/jundiai.sp.gov.br\/noticias\/wp-json\/wp\/v2\/posts\/257175\/revisions\/257178"}],"wp:featuredmedia":[{"embeddable":true,"href":"https:\/\/jundiai.sp.gov.br\/noticias\/wp-json\/wp\/v2\/media\/257176"}],"wp:attachment":[{"href":"https:\/\/jundiai.sp.gov.br\/noticias\/wp-json\/wp\/v2\/media?parent=257175"}],"wp:term":[{"taxonomy":"category","embeddable":true,"href":"https:\/\/jundiai.sp.gov.br\/noticias\/wp-json\/wp\/v2\/categories?post=257175"},{"taxonomy":"post_tag","embeddable":true,"href":"https:\/\/jundiai.sp.gov.br\/noticias\/wp-json\/wp\/v2\/tags?post=257175"},{"taxonomy":"ods","embeddable":true,"href":"https:\/\/jundiai.sp.gov.br\/noticias\/wp-json\/wp\/v2\/ods?post=257175"}],"curies":[{"name":"wp","href":"https:\/\/api.w.org\/{rel}","templated":true}]}}