{"id":257271,"date":"2020-10-28T17:12:16","date_gmt":"2020-10-28T20:12:16","guid":{"rendered":"https:\/\/jundiai.sp.gov.br\/noticias\/?p=257271"},"modified":"2020-10-28T17:17:18","modified_gmt":"2020-10-28T20:17:18","slug":"confira-o-que-abre-e-fecha-no-dia-do-funcionario-publico-e-finados","status":"publish","type":"post","link":"https:\/\/jundiai.sp.gov.br\/noticias\/2020\/10\/28\/confira-o-que-abre-e-fecha-no-dia-do-funcionario-publico-e-finados\/","title":{"rendered":"Confira o que Abre e Fecha nos feriados do Dia do Funcion\u00e1rio P\u00fablico e de Finados"},"content":{"rendered":"\n<figure class=\"wp-block-image size-large\"><img loading=\"lazy\" decoding=\"async\" width=\"679\" height=\"960\" src=\"https:\/\/jundiai.sp.gov.br\/noticias\/wp-content\/uploads\/sites\/32\/2020\/10\/abre-e-fecha-finados-2-copia-679x960.jpg\" alt=\"\" class=\"wp-image-257272\" srcset=\"https:\/\/jundiai.sp.gov.br\/noticias\/wp-content\/uploads\/sites\/32\/2020\/10\/abre-e-fecha-finados-2-copia-679x960.jpg 679w, https:\/\/jundiai.sp.gov.br\/noticias\/wp-content\/uploads\/sites\/32\/2020\/10\/abre-e-fecha-finados-2-copia-300x424.jpg 300w, https:\/\/jundiai.sp.gov.br\/noticias\/wp-content\/uploads\/sites\/32\/2020\/10\/abre-e-fecha-finados-2-copia-768x1086.jpg 768w, https:\/\/jundiai.sp.gov.br\/noticias\/wp-content\/uploads\/sites\/32\/2020\/10\/abre-e-fecha-finados-2-copia-1086x1536.jpg 1086w, https:\/\/jundiai.sp.gov.br\/noticias\/wp-content\/uploads\/sites\/32\/2020\/10\/abre-e-fecha-finados-2-copia-1448x2048.jpg 1448w, https:\/\/jundiai.sp.gov.br\/noticias\/wp-content\/uploads\/sites\/32\/2020\/10\/abre-e-fecha-finados-2-copia-scaled.jpg 1810w\" sizes=\"auto, (max-width: 679px) 100vw, 679px\" \/><\/figure>\n\n\n\n<figure class=\"wp-block-image size-large\"><img loading=\"lazy\" decoding=\"async\" width=\"679\" height=\"960\" src=\"https:\/\/jundiai.sp.gov.br\/noticias\/wp-content\/uploads\/sites\/32\/2020\/10\/abre-e-fecha-finados-1-copia-679x960.jpg\" alt=\"\" class=\"wp-image-257273\" srcset=\"https:\/\/jundiai.sp.gov.br\/noticias\/wp-content\/uploads\/sites\/32\/2020\/10\/abre-e-fecha-finados-1-copia-679x960.jpg 679w, https:\/\/jundiai.sp.gov.br\/noticias\/wp-content\/uploads\/sites\/32\/2020\/10\/abre-e-fecha-finados-1-copia-300x424.jpg 300w, https:\/\/jundiai.sp.gov.br\/noticias\/wp-content\/uploads\/sites\/32\/2020\/10\/abre-e-fecha-finados-1-copia-768x1086.jpg 768w, https:\/\/jundiai.sp.gov.br\/noticias\/wp-content\/uploads\/sites\/32\/2020\/10\/abre-e-fecha-finados-1-copia-1086x1536.jpg 1086w, https:\/\/jundiai.sp.gov.br\/noticias\/wp-content\/uploads\/sites\/32\/2020\/10\/abre-e-fecha-finados-1-copia-1448x2048.jpg 1448w, https:\/\/jundiai.sp.gov.br\/noticias\/wp-content\/uploads\/sites\/32\/2020\/10\/abre-e-fecha-finados-1-copia-scaled.jpg 1810w\" sizes=\"auto, (max-width: 679px) 100vw, 679px\" \/><\/figure>\n\n\n\n<figure class=\"wp-block-image size-large\"><img loading=\"lazy\" decoding=\"async\" width=\"679\" height=\"960\" src=\"https:\/\/jundiai.sp.gov.br\/noticias\/wp-content\/uploads\/sites\/32\/2020\/10\/abre-e-fecha-finados-3-copia-679x960.jpg\" alt=\"\" class=\"wp-image-257274\" srcset=\"https:\/\/jundiai.sp.gov.br\/noticias\/wp-content\/uploads\/sites\/32\/2020\/10\/abre-e-fecha-finados-3-copia-679x960.jpg 679w, https:\/\/jundiai.sp.gov.br\/noticias\/wp-content\/uploads\/sites\/32\/2020\/10\/abre-e-fecha-finados-3-copia-300x424.jpg 300w, https:\/\/jundiai.sp.gov.br\/noticias\/wp-content\/uploads\/sites\/32\/2020\/10\/abre-e-fecha-finados-3-copia-768x1086.jpg 768w, https:\/\/jundiai.sp.gov.br\/noticias\/wp-content\/uploads\/sites\/32\/2020\/10\/abre-e-fecha-finados-3-copia-1086x1536.jpg 1086w, https:\/\/jundiai.sp.gov.br\/noticias\/wp-content\/uploads\/sites\/32\/2020\/10\/abre-e-fecha-finados-3-copia-1448x2048.jpg 1448w, https:\/\/jundiai.sp.gov.br\/noticias\/wp-content\/uploads\/sites\/32\/2020\/10\/abre-e-fecha-finados-3-copia-scaled.jpg 1810w\" sizes=\"auto, (max-width: 679px) 100vw, 679px\" \/><\/figure>\n","protected":false},"excerpt":{"rendered":"<p>Veja os hor\u00e1rios de funcionamento dos equipamentos municipais de sexta (30) at\u00e9 a pr\u00f3xima segunda (02)<\/p>\n","protected":false},"author":30,"featured_media":255992,"comment_status":"closed","ping_status":"closed","sticky":false,"template":"","format":"standard","meta":{"footnotes":""},"categories":[2],"tags":[46],"ods":[],"class_list":["post-257271","post","type-post","status-publish","format-standard","has-post-thumbnail","hentry","category-noticias","tag-abre-e-fecha"],"_links":{"self":[{"href":"https:\/\/jundiai.sp.gov.br\/noticias\/wp-json\/wp\/v2\/posts\/257271","targetHints":{"allow":["GET"]}}],"collection":[{"href":"https:\/\/jundiai.sp.gov.br\/noticias\/wp-json\/wp\/v2\/posts"}],"about":[{"href":"https:\/\/jundiai.sp.gov.br\/noticias\/wp-json\/wp\/v2\/types\/post"}],"author":[{"embeddable":true,"href":"https:\/\/jundiai.sp.gov.br\/noticias\/wp-json\/wp\/v2\/users\/30"}],"replies":[{"embeddable":true,"href":"https:\/\/jundiai.sp.gov.br\/noticias\/wp-json\/wp\/v2\/comments?post=257271"}],"version-history":[{"count":5,"href":"https:\/\/jundiai.sp.gov.br\/noticias\/wp-json\/wp\/v2\/posts\/257271\/revisions"}],"predecessor-version":[{"id":257279,"href":"https:\/\/jundiai.sp.gov.br\/noticias\/wp-json\/wp\/v2\/posts\/257271\/revisions\/257279"}],"wp:featuredmedia":[{"embeddable":true,"href":"https:\/\/jundiai.sp.gov.br\/noticias\/wp-json\/wp\/v2\/media\/255992"}],"wp:attachment":[{"href":"https:\/\/jundiai.sp.gov.br\/noticias\/wp-json\/wp\/v2\/media?parent=257271"}],"wp:term":[{"taxonomy":"category","embeddable":true,"href":"https:\/\/jundiai.sp.gov.br\/noticias\/wp-json\/wp\/v2\/categories?post=257271"},{"taxonomy":"post_tag","embeddable":true,"href":"https:\/\/jundiai.sp.gov.br\/noticias\/wp-json\/wp\/v2\/tags?post=257271"},{"taxonomy":"ods","embeddable":true,"href":"https:\/\/jundiai.sp.gov.br\/noticias\/wp-json\/wp\/v2\/ods?post=257271"}],"curies":[{"name":"wp","href":"https:\/\/api.w.org\/{rel}","templated":true}]}}