{"id":259044,"date":"2020-12-01T17:54:30","date_gmt":"2020-12-01T20:54:30","guid":{"rendered":"https:\/\/jundiai.sp.gov.br\/noticias\/?p=259044"},"modified":"2020-12-02T18:48:31","modified_gmt":"2020-12-02T21:48:31","slug":"educacao-de-jundiai-auxilia-na-transicao-escolar-dos-alunos","status":"publish","type":"post","link":"https:\/\/jundiai.sp.gov.br\/noticias\/2020\/12\/01\/educacao-de-jundiai-auxilia-na-transicao-escolar-dos-alunos\/","title":{"rendered":"Educa\u00e7\u00e3o de Jundia\u00ed auxilia na transi\u00e7\u00e3o escolar dos alunos"},"content":{"rendered":"\n<p>A transi\u00e7\u00e3o escolar \u00e9 uma das etapas que mais exige aten\u00e7\u00e3o compartilhada entre pais, respons\u00e1veis e professores, afinal, cada per\u00edodo tem sua exig\u00eancia e fases de desenvolvimento. Em cada novo ciclo, os conte\u00fados v\u00e3o ficando mais complexos e diferentes metodologias s\u00e3o inclu\u00eddas. As mudan\u00e7as s\u00e3o necess\u00e1rias, mas n\u00e3o podem prejudicar a inf\u00e2ncia, devendo assim respeitar os direitos e limites das crian\u00e7as.&nbsp;<\/p>\n\n\n\n<figure class=\"wp-block-image size-large\"><img loading=\"lazy\" decoding=\"async\" width=\"1260\" height=\"886\" src=\"https:\/\/jundiai.sp.gov.br\/noticias\/wp-content\/uploads\/sites\/32\/2020\/12\/entrega-de-material-escolar_emeb-ivo-de-bona-126.jpg\" alt=\"\" class=\"wp-image-259051\" srcset=\"https:\/\/jundiai.sp.gov.br\/noticias\/wp-content\/uploads\/sites\/32\/2020\/12\/entrega-de-material-escolar_emeb-ivo-de-bona-126.jpg 1260w, https:\/\/jundiai.sp.gov.br\/noticias\/wp-content\/uploads\/sites\/32\/2020\/12\/entrega-de-material-escolar_emeb-ivo-de-bona-126-300x211.jpg 300w, https:\/\/jundiai.sp.gov.br\/noticias\/wp-content\/uploads\/sites\/32\/2020\/12\/entrega-de-material-escolar_emeb-ivo-de-bona-126-768x540.jpg 768w\" sizes=\"auto, (max-width: 1260px) 100vw, 1260px\" \/><figcaption>Acompanhamento possibilita a transi\u00e7\u00e3o respons\u00e1vel, acolhedora e<br> compromissada \u00e0s aprendizagens <\/figcaption><\/figure>\n\n\n\n<p>Para que os estudantes da rede municipal de ensino se adaptem \u00e0s transforma\u00e7\u00f5es, a Unidade de Gest\u00e3o de Educa\u00e7\u00e3o (UGE), da Prefeitura de Jundia\u00ed, realiza o acompanhamento dos alunos da educa\u00e7\u00e3o infantil ao ensino fundamental, com conte\u00fados que envolvem a sa\u00fade emocional e outros correlatos ao segmento e ano de cada ciclo.&nbsp;<\/p>\n\n\n\n<p>A a\u00e7\u00e3o busca facilitar a mudan\u00e7a para um ambiente acolhedor e que permita a continuidade do aprendizado, sem ru\u00eddos ou grandes dificuldades. \u201cEstamos em di\u00e1logo com a Diretora Regional de Ensino para realizarmos as reuni\u00f5es entre as escolas que abrangem o ensino fundamental I e receber\u00e3o o fundamental II, assim entendemos quais s\u00e3o as formas de refor\u00e7o, ensino, demandas e aplicabilidade na pr\u00e1tica\u201d, explica a gestora da Unidade de Gest\u00e3o de Educa\u00e7\u00e3o, Vast\u00ed Ferrari Marques.<\/p>\n\n\n\n<p>Marjorie Samira Ferreira Bolognani, diretora do ensino fundamental, tamb\u00e9m destaca a import\u00e2ncia dessas pr\u00e1ticas na forma\u00e7\u00e3o dos estudantes. \u201cA tabula\u00e7\u00e3o das avalia\u00e7\u00f5es realizadas de maneira n\u00e3o presencial foi encerrada no \u00faltimo dia 30, dentro dos crit\u00e9rios da Base Nacional Comum Curricular (BNCC). Nos reunimos com a supervisora do Estado, apresentamos nosso curr\u00edculo em foco e ali est\u00e1 descrito o que cada turma precisa aprender, em que n\u00edvel est\u00e1, inclusive as crian\u00e7as com alguma dificuldade de aprendizagem, que necessitam de plano pedag\u00f3gico espec\u00edfico\u201d.&nbsp;<\/p>\n\n\n\n<p>Al\u00e9m de garantir que os alunos tenham respaldo suficiente diante da pandemia do Coronav\u00edrus, o acompanhamento possibilita a transi\u00e7\u00e3o respons\u00e1vel, compromissada \u00e0s aprendizagens das crian\u00e7as e a melhor adapta\u00e7\u00e3o ao novo ciclo.<\/p>\n\n\n\n<p><strong>Coronav\u00edrus<\/strong><\/p>\n\n\n\n<p>Conforme estabelecido pelo <a href=\"https:\/\/imprensaoficial.jundiai.sp.gov.br\/wp-content\/uploads\/2020\/03\/3e917686-36eb-49bc-968c-7b4899e7baf0_Edi%C3%A7%C3%A3o-4696.pdf\">decreto n\u00ba 28.910, de 16 de mar\u00e7o de 2020, publicado na p\u00e1gina 03 da edi\u00e7\u00e3o extra 4696 da Imprensa Oficial<\/a>, considerando a execu\u00e7\u00e3o de medidas necess\u00e1rias para preservar a sa\u00fade da popula\u00e7\u00e3o, avaliadas pelo Comit\u00ea Municipal de Preven\u00e7\u00e3o e Enfrentamento ao Coronav\u00edrus, as aulas das escolas municipais de Educa\u00e7\u00e3o Infantil e do Ensino Fundamental, das creches conveniadas, do Centro Municipal de Educa\u00e7\u00e3o de Jovens e Adultos (Complexo Argos e classes descentralizadas) e do Centro de L\u00ednguas e de Tecnologia da Informa\u00e7\u00e3o permanecem suspensas, por tempo indeterminado.&nbsp;<\/p>\n\n\n\n<p><strong>Assessoria de Imprensa<br>Foto: Fot\u00f3grafos PMJ <\/strong><\/p>\n","protected":false},"excerpt":{"rendered":"<p>A transi\u00e7\u00e3o escolar \u00e9 uma das etapas que mais exige aten\u00e7\u00e3o compartilhada entre pais, respons\u00e1veis e professores, afinal, cada per\u00edodo tem sua exig\u00eancia e fases de desenvolvimento. Em cada novo ciclo, os conte\u00fados v\u00e3o ficando mais complexos e diferentes metodologias s\u00e3o inclu\u00eddas. As mudan\u00e7as s\u00e3o necess\u00e1rias, mas n\u00e3o podem prejudicar a inf\u00e2ncia, devendo assim respeitar [&hellip;]<\/p>\n","protected":false},"author":55,"featured_media":259051,"comment_status":"closed","ping_status":"closed","sticky":false,"template":"","format":"standard","meta":{"footnotes":""},"categories":[2],"tags":[6,1241],"ods":[],"class_list":["post-259044","post","type-post","status-publish","format-standard","has-post-thumbnail","hentry","category-noticias","tag-educacao","tag-uge"],"_links":{"self":[{"href":"https:\/\/jundiai.sp.gov.br\/noticias\/wp-json\/wp\/v2\/posts\/259044","targetHints":{"allow":["GET"]}}],"collection":[{"href":"https:\/\/jundiai.sp.gov.br\/noticias\/wp-json\/wp\/v2\/posts"}],"about":[{"href":"https:\/\/jundiai.sp.gov.br\/noticias\/wp-json\/wp\/v2\/types\/post"}],"author":[{"embeddable":true,"href":"https:\/\/jundiai.sp.gov.br\/noticias\/wp-json\/wp\/v2\/users\/55"}],"replies":[{"embeddable":true,"href":"https:\/\/jundiai.sp.gov.br\/noticias\/wp-json\/wp\/v2\/comments?post=259044"}],"version-history":[{"count":4,"href":"https:\/\/jundiai.sp.gov.br\/noticias\/wp-json\/wp\/v2\/posts\/259044\/revisions"}],"predecessor-version":[{"id":259081,"href":"https:\/\/jundiai.sp.gov.br\/noticias\/wp-json\/wp\/v2\/posts\/259044\/revisions\/259081"}],"wp:featuredmedia":[{"embeddable":true,"href":"https:\/\/jundiai.sp.gov.br\/noticias\/wp-json\/wp\/v2\/media\/259051"}],"wp:attachment":[{"href":"https:\/\/jundiai.sp.gov.br\/noticias\/wp-json\/wp\/v2\/media?parent=259044"}],"wp:term":[{"taxonomy":"category","embeddable":true,"href":"https:\/\/jundiai.sp.gov.br\/noticias\/wp-json\/wp\/v2\/categories?post=259044"},{"taxonomy":"post_tag","embeddable":true,"href":"https:\/\/jundiai.sp.gov.br\/noticias\/wp-json\/wp\/v2\/tags?post=259044"},{"taxonomy":"ods","embeddable":true,"href":"https:\/\/jundiai.sp.gov.br\/noticias\/wp-json\/wp\/v2\/ods?post=259044"}],"curies":[{"name":"wp","href":"https:\/\/api.w.org\/{rel}","templated":true}]}}