{"id":260165,"date":"2020-12-30T09:42:30","date_gmt":"2020-12-30T12:42:30","guid":{"rendered":"https:\/\/jundiai.sp.gov.br\/noticias\/?p=260165"},"modified":"2020-12-30T09:42:30","modified_gmt":"2020-12-30T12:42:30","slug":"balanco-2020-jundiai-renova-convenio-com-mata-ciliar-para-acolher-animais-silvestres","status":"publish","type":"post","link":"https:\/\/jundiai.sp.gov.br\/noticias\/2020\/12\/30\/balanco-2020-jundiai-renova-convenio-com-mata-ciliar-para-acolher-animais-silvestres\/","title":{"rendered":"Balan\u00e7o 2020 &#8211; Jundia\u00ed renova conv\u00eanio com Mata Ciliar para acolher animais silvestres"},"content":{"rendered":"\n<p>Em janeiro deste ano, a Prefeitura assinou um novo conv\u00eanio com a Organiza\u00e7\u00e3o da Sociedade Civil (OSC) Associa\u00e7\u00e3o Mata Ciliar para acolhimento, tratamento e soltura de animais silvestres. O termo tamb\u00e9m atribui \u00e0 Associa\u00e7\u00e3o a responsabilidade pelo treinamento do pessoal que acolhe jaguatiricas, carcar\u00e1s, gamb\u00e1s, ouri\u00e7os, on\u00e7as e outros bichos abandonados ou que precisam de cuidados m\u00e9dicos.<\/p>\n\n\n\n<p>O novo conv\u00eanio tem vig\u00eancia de 12 meses e o valor total do repasse da prefeitura \u00e0 OSC \u00e9 de R$ 307,7 mil (R$ 25,6 mil mensais), recurso do Fundo Municipal de Conserva\u00e7\u00e3o da Qualidade Ambiental. A capacidade de atendimento da Mata Ciliar \u00e9 superior a 300 animais por ano. A meta da prefeitura \u00e9 reabilitar e devolver \u00e0 natureza 20% da fauna silvestre assistida pela associa\u00e7\u00e3o.<\/p>\n\n\n\n<figure class=\"wp-block-image size-large\"><img loading=\"lazy\" decoding=\"async\" width=\"1280\" height=\"634\" src=\"https:\/\/jundiai.sp.gov.br\/noticias\/wp-content\/uploads\/sites\/32\/2020\/12\/convenio_mata_ciliar-219.jpg\" alt=\"Prefeito Luiz Fernando Machado assinou em janeiro novo conv\u00eanio com a OSC Associa\u00e7\u00e3o Mata Ciliar\" class=\"wp-image-260167\" srcset=\"https:\/\/jundiai.sp.gov.br\/noticias\/wp-content\/uploads\/sites\/32\/2020\/12\/convenio_mata_ciliar-219.jpg 1280w, https:\/\/jundiai.sp.gov.br\/noticias\/wp-content\/uploads\/sites\/32\/2020\/12\/convenio_mata_ciliar-219-300x149.jpg 300w, https:\/\/jundiai.sp.gov.br\/noticias\/wp-content\/uploads\/sites\/32\/2020\/12\/convenio_mata_ciliar-219-768x380.jpg 768w\" sizes=\"auto, (max-width: 1280px) 100vw, 1280px\" \/><figcaption>Prefeito Luiz Fernando Machado assinou em janeiro novo conv\u00eanio com a OSC Associa\u00e7\u00e3o Mata Ciliar<\/figcaption><\/figure>\n\n\n\n<p>A Unidade de Gest\u00e3o de Planejamento Urbano e Meio Ambiente (UGPUMA) tamb\u00e9m intensificou as campanhas preventivas e o combate \u00e0s queimadas, principalmente na Serra do Japi, al\u00e9m de realizar semin\u00e1rios virtuais com especialistas nacionais e internacionais para discutir junto a educadores, especialistas e a popula\u00e7\u00e3o em geral assuntos diversos ligados ao Urbanismo e ao Meio Ambiente.<\/p>\n\n\n\n<p><strong>Assessoria de Imprensa<\/strong><br><strong>Fotos: Fot\u00f3grafos PMJ<\/strong><\/p>\n","protected":false},"excerpt":{"rendered":"<p>Em janeiro deste ano, a Prefeitura assinou um novo conv\u00eanio com a Organiza\u00e7\u00e3o da Sociedade Civil (OSC) Associa\u00e7\u00e3o Mata Ciliar para acolhimento, tratamento e soltura de animais silvestres. O termo tamb\u00e9m atribui \u00e0 Associa\u00e7\u00e3o a responsabilidade pelo treinamento do pessoal que acolhe jaguatiricas, carcar\u00e1s, gamb\u00e1s, ouri\u00e7os, on\u00e7as e outros bichos abandonados ou que precisam de [&hellip;]<\/p>\n","protected":false},"author":54,"featured_media":260167,"comment_status":"closed","ping_status":"closed","sticky":false,"template":"","format":"standard","meta":{"footnotes":""},"categories":[2],"tags":[1324,984],"ods":[],"class_list":["post-260165","post","type-post","status-publish","format-standard","has-post-thumbnail","hentry","category-noticias","tag-mata-ciliar","tag-planejamento-urbano-e-meio-ambiente"],"_links":{"self":[{"href":"https:\/\/jundiai.sp.gov.br\/noticias\/wp-json\/wp\/v2\/posts\/260165","targetHints":{"allow":["GET"]}}],"collection":[{"href":"https:\/\/jundiai.sp.gov.br\/noticias\/wp-json\/wp\/v2\/posts"}],"about":[{"href":"https:\/\/jundiai.sp.gov.br\/noticias\/wp-json\/wp\/v2\/types\/post"}],"author":[{"embeddable":true,"href":"https:\/\/jundiai.sp.gov.br\/noticias\/wp-json\/wp\/v2\/users\/54"}],"replies":[{"embeddable":true,"href":"https:\/\/jundiai.sp.gov.br\/noticias\/wp-json\/wp\/v2\/comments?post=260165"}],"version-history":[{"count":2,"href":"https:\/\/jundiai.sp.gov.br\/noticias\/wp-json\/wp\/v2\/posts\/260165\/revisions"}],"predecessor-version":[{"id":260168,"href":"https:\/\/jundiai.sp.gov.br\/noticias\/wp-json\/wp\/v2\/posts\/260165\/revisions\/260168"}],"wp:featuredmedia":[{"embeddable":true,"href":"https:\/\/jundiai.sp.gov.br\/noticias\/wp-json\/wp\/v2\/media\/260167"}],"wp:attachment":[{"href":"https:\/\/jundiai.sp.gov.br\/noticias\/wp-json\/wp\/v2\/media?parent=260165"}],"wp:term":[{"taxonomy":"category","embeddable":true,"href":"https:\/\/jundiai.sp.gov.br\/noticias\/wp-json\/wp\/v2\/categories?post=260165"},{"taxonomy":"post_tag","embeddable":true,"href":"https:\/\/jundiai.sp.gov.br\/noticias\/wp-json\/wp\/v2\/tags?post=260165"},{"taxonomy":"ods","embeddable":true,"href":"https:\/\/jundiai.sp.gov.br\/noticias\/wp-json\/wp\/v2\/ods?post=260165"}],"curies":[{"name":"wp","href":"https:\/\/api.w.org\/{rel}","templated":true}]}}