{"id":260683,"date":"2021-01-13T11:16:07","date_gmt":"2021-01-13T14:16:07","guid":{"rendered":"https:\/\/jundiai.sp.gov.br\/noticias\/?p=260683"},"modified":"2024-04-10T13:42:12","modified_gmt":"2024-04-10T16:42:12","slug":"jundiai-se-pinta-de-pe-de-infancia-como-incentivo-para-o-brincar-cantar-e-contar-historias","status":"publish","type":"post","link":"https:\/\/jundiai.sp.gov.br\/noticias\/2021\/01\/13\/jundiai-se-pinta-de-pe-de-infancia-como-incentivo-para-o-brincar-cantar-e-contar-historias\/","title":{"rendered":"Jundia\u00ed se pinta de \u2018P\u00e9 de Inf\u00e2ncia\u2019 como incentivo para o brincar, cantar e contar hist\u00f3rias"},"content":{"rendered":"\n<p>Desde o lan\u00e7amento da \u201cJundia\u00ed P\u00e9 de Inf\u00e2ncia\u201d em dezembro do ano passado, diversos pontos da cidade e equipamentos p\u00fablicos municipais j\u00e1 receberam as pinturas e interven\u00e7\u00f5es da campanha. As novidades t\u00eam como objetivo mudar o olhar e as perspectivas dos cidad\u00e3os e do Poder P\u00fablico para a Primeira Inf\u00e2ncia (desde a gesta\u00e7\u00e3o at\u00e9 os seis anos de idade da crian\u00e7a) por meio do incentivo \u00e0 brincadeira, da conta\u00e7\u00e3o de hist\u00f3rias, do resgate \u00e0s mem\u00f3rias e can\u00e7\u00f5es infantis e da import\u00e2ncia de uma escuta atenta \u00e0s demandas das crian\u00e7as para a constru\u00e7\u00e3o da cidade. &nbsp;<\/p>\n\n\n\n<p><a href=\"https:\/\/www.flickr.com\/photos\/prefeituradejundiai\/albums\/72157717383504101\" target=\"_blank\" rel=\"noreferrer noopener\">CONFIRA AS FOTOS<\/a><\/p>\n\n\n\n<p>O gestor da Unidade de Gest\u00e3o de Cultura (UGC), Marcelo Peroni, que integra o grupo t\u00e9cnico de trabalhos na Prefeitura pelo programa Cidade das Crian\u00e7as, explica que a ades\u00e3o de Jundia\u00ed \u00e0 campanha surgiu com a assinatura do termo de compromisso de Jundia\u00ed com a Rede Urban95. \u201cEm reconhecimento ao que Jundia\u00ed tem feito pela Inf\u00e2ncia, o Munic\u00edpio foi convidado pela renomada Funda\u00e7\u00e3o holandesa Bernard van Leer a integrar, com apenas outros 13 brasileiros, a Rede Urban95. Com o convite veio tamb\u00e9m a ades\u00e3o \u00e0 Campanha P\u00e9 de Inf\u00e2ncia, proposta pela Allma Hub, organiza\u00e7\u00e3o parceira da funda\u00e7\u00e3o. O nome da campanha j\u00e1 uma brincadeira, um trocadilho que sugere o que uma boa inf\u00e2ncia pede para ser saud\u00e1vel, como brincar, cantar, contar hist\u00f3rias e aprender, e que os olhares atentos para as crian\u00e7as cres\u00e7am e flores\u00e7am, como as plantas\u201d.<\/p>\n\n\n\n<p>&nbsp;Entre os espa\u00e7os que j\u00e1 contam com a identidade visual da campanha est\u00e3o o Pa\u00e7o Municipal (interno e estacionamento), os complexos Fepasa e Argos, o Teatro Polytheama, a Pinacoteca Di\u00f3genes Duarte Paes, o Museu Hist\u00f3rico e Cultural \u2013 Solar do Bar\u00e3o (fachada e jardins), a Pra\u00e7a Fam\u00edlia Jundia\u00ed &amp; Espa\u00e7o PET da Ponte S\u00e3o Jo\u00e3o, muros de escolas (como a Emeb Jos\u00e9 Pedro Raymundo \u2013 vila Rio Branco), pra\u00e7as, pontos de \u00f4nibus e outros.<\/p>\n\n\n\n<figure class=\"wp-block-image size-large\"><img loading=\"lazy\" decoding=\"async\" width=\"1280\" height=\"854\" src=\"https:\/\/jundiai.sp.gov.br\/noticias\/wp-content\/uploads\/sites\/32\/2021\/01\/solar_do_barao_pe_de_infancia.jpg\" alt=\"Pedestres com m\u00e1scaras e sacolas nas m\u00e3os transitando sobre rua e cal\u00e7ada em frente a pr\u00e9dio hist\u00f3rico com banners verticais coloridos.\" class=\"wp-image-260688\" srcset=\"https:\/\/jundiai.sp.gov.br\/noticias\/wp-content\/uploads\/sites\/32\/2021\/01\/solar_do_barao_pe_de_infancia.jpg 1280w, https:\/\/jundiai.sp.gov.br\/noticias\/wp-content\/uploads\/sites\/32\/2021\/01\/solar_do_barao_pe_de_infancia-300x200.jpg 300w, https:\/\/jundiai.sp.gov.br\/noticias\/wp-content\/uploads\/sites\/32\/2021\/01\/solar_do_barao_pe_de_infancia-768x512.jpg 768w, https:\/\/jundiai.sp.gov.br\/noticias\/wp-content\/uploads\/sites\/32\/2021\/01\/solar_do_barao_pe_de_infancia-450x300.jpg 450w\" sizes=\"auto, (max-width: 1280px) 100vw, 1280px\" \/><figcaption>Interven\u00e7\u00f5es pela cidade incentivam a brincadeira, a conta\u00e7\u00e3o de hist\u00f3rias e o resgate \u00e0s mem\u00f3rias e can\u00e7\u00f5es infantis<\/figcaption><\/figure>\n\n\n\n<p>Edgleuma Feitosa da Silva \u00e9 auxiliar de limpeza e moradora do Jardim Fepasa, por onde come\u00e7aram as interven\u00e7\u00f5es da campanha. Sempre que d\u00e1 aproveita para levar o filho Lucas, de tr\u00eas anos, para brincar na pra\u00e7a da entrada do bairro. \u201cAntes n\u00e3o havia nada neste terreno e agora a crian\u00e7ada aproveita muito o espa\u00e7o para brincar. Al\u00e9m dos brinquedos, aproveito para cantar para o Lucas algumas das can\u00e7\u00f5es que me fazem lembrar da minha inf\u00e2ncia\u201d. Tamb\u00e9m come\u00e7aram pelo bairro os question\u00e1rios sobre informa\u00e7\u00f5es do perfil social das fam\u00edlias.<\/p>\n\n\n\n<p>O nome Rede Urban95 faz refer\u00eancia \u00e0 import\u00e2ncia da constru\u00e7\u00e3o dos ambientes urbanos pensada para os 95 cent\u00edmetros, altura m\u00e1xima m\u00e9dia que uma crian\u00e7a atinge aos tr\u00eas anos de idade. Novos espa\u00e7os, como as principais avenidas da cidade e outros equipamentos municipais, continuar\u00e3o recebendo interven\u00e7\u00f5es da campanha.<\/p>\n\n\n\n<figure class=\"wp-block-image size-large\"><img loading=\"lazy\" decoding=\"async\" width=\"1280\" height=\"853\" src=\"https:\/\/jundiai.sp.gov.br\/noticias\/wp-content\/uploads\/sites\/32\/2021\/01\/pe-de-infancia-locais-pintados-e-entrevistas_c_-22.jpg\" alt=\"Foto do alto de cal\u00e7ada com poema pintado, com mulher em p\u00e9 apontando e menino apoiado olhando para o que est\u00e1 escrito\" class=\"wp-image-260687\" srcset=\"https:\/\/jundiai.sp.gov.br\/noticias\/wp-content\/uploads\/sites\/32\/2021\/01\/pe-de-infancia-locais-pintados-e-entrevistas_c_-22.jpg 1280w, https:\/\/jundiai.sp.gov.br\/noticias\/wp-content\/uploads\/sites\/32\/2021\/01\/pe-de-infancia-locais-pintados-e-entrevistas_c_-22-300x200.jpg 300w, https:\/\/jundiai.sp.gov.br\/noticias\/wp-content\/uploads\/sites\/32\/2021\/01\/pe-de-infancia-locais-pintados-e-entrevistas_c_-22-768x512.jpg 768w, https:\/\/jundiai.sp.gov.br\/noticias\/wp-content\/uploads\/sites\/32\/2021\/01\/pe-de-infancia-locais-pintados-e-entrevistas_c_-22-450x300.jpg 450w\" sizes=\"auto, (max-width: 1280px) 100vw, 1280px\" \/><figcaption>Para Edgleuma, pinturas fazem lembrar as can\u00e7\u00f5es de sua inf\u00e2ncia<\/figcaption><\/figure>\n\n\n\n<p><strong>Assessoria de Imprensa<br>Foto: Fot\u00f3grafos PMJ<\/strong><\/p>\n","protected":false},"excerpt":{"rendered":"<p>Desde o lan\u00e7amento da \u201cJundia\u00ed P\u00e9 de Inf\u00e2ncia\u201d em dezembro do ano passado, diversos pontos da cidade e equipamentos p\u00fablicos municipais j\u00e1 receberam as pinturas e interven\u00e7\u00f5es da campanha. As novidades t\u00eam como objetivo mudar o olhar e as perspectivas dos cidad\u00e3os e do Poder P\u00fablico para a Primeira Inf\u00e2ncia (desde a gesta\u00e7\u00e3o at\u00e9 os [&hellip;]<\/p>\n","protected":false},"author":14,"featured_media":260688,"comment_status":"closed","ping_status":"closed","sticky":false,"template":"","format":"standard","meta":{"footnotes":""},"categories":[2],"tags":[1154,29,1575,1574],"ods":[],"class_list":["post-260683","post","type-post","status-publish","format-standard","has-post-thumbnail","hentry","category-noticias","tag-cidade-das-criancas","tag-cultura","tag-pe-de-infancia","tag-rede-urban95"],"_links":{"self":[{"href":"https:\/\/jundiai.sp.gov.br\/noticias\/wp-json\/wp\/v2\/posts\/260683","targetHints":{"allow":["GET"]}}],"collection":[{"href":"https:\/\/jundiai.sp.gov.br\/noticias\/wp-json\/wp\/v2\/posts"}],"about":[{"href":"https:\/\/jundiai.sp.gov.br\/noticias\/wp-json\/wp\/v2\/types\/post"}],"author":[{"embeddable":true,"href":"https:\/\/jundiai.sp.gov.br\/noticias\/wp-json\/wp\/v2\/users\/14"}],"replies":[{"embeddable":true,"href":"https:\/\/jundiai.sp.gov.br\/noticias\/wp-json\/wp\/v2\/comments?post=260683"}],"version-history":[{"count":5,"href":"https:\/\/jundiai.sp.gov.br\/noticias\/wp-json\/wp\/v2\/posts\/260683\/revisions"}],"predecessor-version":[{"id":260725,"href":"https:\/\/jundiai.sp.gov.br\/noticias\/wp-json\/wp\/v2\/posts\/260683\/revisions\/260725"}],"wp:featuredmedia":[{"embeddable":true,"href":"https:\/\/jundiai.sp.gov.br\/noticias\/wp-json\/wp\/v2\/media\/260688"}],"wp:attachment":[{"href":"https:\/\/jundiai.sp.gov.br\/noticias\/wp-json\/wp\/v2\/media?parent=260683"}],"wp:term":[{"taxonomy":"category","embeddable":true,"href":"https:\/\/jundiai.sp.gov.br\/noticias\/wp-json\/wp\/v2\/categories?post=260683"},{"taxonomy":"post_tag","embeddable":true,"href":"https:\/\/jundiai.sp.gov.br\/noticias\/wp-json\/wp\/v2\/tags?post=260683"},{"taxonomy":"ods","embeddable":true,"href":"https:\/\/jundiai.sp.gov.br\/noticias\/wp-json\/wp\/v2\/ods?post=260683"}],"curies":[{"name":"wp","href":"https:\/\/api.w.org\/{rel}","templated":true}]}}