{"id":260986,"date":"2021-01-21T16:19:05","date_gmt":"2021-01-21T19:19:05","guid":{"rendered":"https:\/\/jundiai.sp.gov.br\/noticias\/?p=260986"},"modified":"2021-01-21T16:19:05","modified_gmt":"2021-01-21T19:19:05","slug":"iv-sap-comeca-na-proxima-segunda-feira-25-com-foco-no-desemparedamento-das-escolas","status":"publish","type":"post","link":"https:\/\/jundiai.sp.gov.br\/noticias\/2021\/01\/21\/iv-sap-comeca-na-proxima-segunda-feira-25-com-foco-no-desemparedamento-das-escolas\/","title":{"rendered":"IV SAP come\u00e7a na pr\u00f3xima segunda-feira (25) com foco no desemparedamento das escolas"},"content":{"rendered":"\n<p>Desde o ano passado, com a pandemia do Novo Coronav\u00edrus, a Educa\u00e7\u00e3o vem passando por significativas transforma\u00e7\u00f5es. Em Jundia\u00ed, essa constata\u00e7\u00e3o nortear\u00e1 as reflex\u00f5es da IV SAP (Semestre de Atualiza\u00e7\u00e3o Pedag\u00f3gica), que come\u00e7a na pr\u00f3xima segunda-feira (25) e conta com importantes palestras. Por causa da pandemia, o evento ser\u00e1 online, com transmiss\u00e3o ao vivo pelo canal 24 da NET e nas redes sociais da TVTEC.<\/p>\n\n\n\n<figure class=\"wp-block-image size-large\"><img loading=\"lazy\" decoding=\"async\" width=\"1280\" height=\"854\" src=\"https:\/\/jundiai.sp.gov.br\/noticias\/wp-content\/uploads\/sites\/32\/2021\/01\/entrega_convites_sap-63.jpg\" alt=\"No palco, uma educadora apresenta ao p\u00fablico, em um anfiteatro, a proposta dos trabalhos na IV SAP\" class=\"wp-image-260987\" srcset=\"https:\/\/jundiai.sp.gov.br\/noticias\/wp-content\/uploads\/sites\/32\/2021\/01\/entrega_convites_sap-63.jpg 1280w, https:\/\/jundiai.sp.gov.br\/noticias\/wp-content\/uploads\/sites\/32\/2021\/01\/entrega_convites_sap-63-300x200.jpg 300w, https:\/\/jundiai.sp.gov.br\/noticias\/wp-content\/uploads\/sites\/32\/2021\/01\/entrega_convites_sap-63-768x512.jpg 768w, https:\/\/jundiai.sp.gov.br\/noticias\/wp-content\/uploads\/sites\/32\/2021\/01\/entrega_convites_sap-63-450x300.jpg 450w\" sizes=\"auto, (max-width: 1280px) 100vw, 1280px\" \/><figcaption>Em dezembro, educadores conheceram a estrutura e as propostas da IV SAP<\/figcaption><\/figure>\n\n\n\n<p>Segundo a diretora do Departamento de Forma\u00e7\u00e3o da Unidade de Gest\u00e3o de Educa\u00e7\u00e3o (UGE), Silvia Magalh\u00e3es, \u00e9 esperada grande audi\u00eancia, levando em conta que a rede municipal possui aproximadamente quatro mil educadores. \u201cAl\u00e9m disso, as fam\u00edlias das crian\u00e7as e profissionais de outros munic\u00edpios tamb\u00e9m foram convidados a acompanhar as palestras. \u201d<\/p>\n\n\n\n<p>Com foco no desemparedamento, as palestras dever\u00e3o enriquecer os educadores com ainda mais conhecimentos para esse momento de ensino h\u00edbrido e de atividades em espa\u00e7os ao ar livre. As aulas na rede municipal retornam no dia 1\u00ba de fevereiro. \u201cA SAP, que \u00e9 uma das a\u00e7\u00f5es do Departamento de Forma\u00e7\u00e3o da UGE, \u00e9 realizada, no per\u00edodo de planejamento, semana que antecede o retorno \u00e0s aulas, com o objetivo de fomentar ideias e reflex\u00f5es que ser\u00e3o transpostas \u00e0s pr\u00e1ticas dos educadores\u201d, explica Silvia.<\/p>\n\n\n\n<p>A primeira palestra ocorre na segunda-feira (25) logo ap\u00f3s a abertura, que contar\u00e1 com autoridades municipais. O renomado educador italiano Francesco Tonucci, criador da Rede Latino-Americana Cidade das Crian\u00e7as, abordar\u00e1 o tema \u201cSe o v\u00edrus mudou tudo, a escola n\u00e3o pode se manter igual\u201d. Na parte da tarde, o evento conta com a palestra \u201cVolta \u00e0s aulas em tempo de COVID-19: o que a ci\u00eancia tem a nos dizer\u201d, com o pneumologista pedi\u00e1trico Dr. Alfonso Eduardo Alvarez.<\/p>\n\n\n\n<p>Mais duas importantes palestras ocorrem na ter\u00e7a-feira (26): \u201cA pesquisa e os contextos investigativos nas \u00e1reas externas das escolas\u201d, da educadora argentina Maria Victoria Alfieri; e \u201cIntegra\u00e7\u00e3o de saberes em diferentes espa\u00e7os de aprendizagem\u201d, da autora de livros did\u00e1ticos de matem\u00e1tica e pedagoga Prof\u00aa Dra. Eliane Reame.<\/p>\n\n\n\n<p>Neste ano, o evento deixa de ser a Semana de Atualiza\u00e7\u00e3o Pedag\u00f3gica e se torna o Semestre de Atualiza\u00e7\u00e3o Pedag\u00f3gica. Ao longo do ano, outras palestras ocorrer\u00e3o em datas j\u00e1 reservadas.<\/p>\n\n\n\n<p><strong>Confira a programa\u00e7\u00e3o:<\/strong><\/p>\n\n\n\n<p><strong>Palestras de Abertura<\/strong><\/p>\n\n\n\n<p><strong>Dia 25\/01\/2021<br>9 horas:<\/strong> \u201cSe o v\u00edrus mudou tudo, a escola n\u00e3o pode se manter igual\u201d, com Prof. Francesco Tonucci, educador italiano, defensor da participa\u00e7\u00e3o social da inf\u00e2ncia na discuss\u00e3o p\u00fablica sobre o futuro das cidades.<\/p>\n\n\n\n<p><strong>14 horas:<\/strong>&nbsp; \u201cVolta \u00e0s aulas em tempo de COVID-19: o que a ci\u00eancia tem a nos dizer\u201d, com Dr. Alfonso Eduardo Alvarez, pneumologista pedi\u00e1trico, Mestre e Doutor em pediatria pela UNICAMP, Presidente do Comit\u00ea de Pneumologia Pedi\u00e1trica da Sociedade de Pediatria de S\u00e3o Paulo.<\/p>\n\n\n\n<p><strong>Dia 26\/01\/2021<\/strong><br><strong>9 horas:<\/strong> \u201cA pesquisa e os contextos investigativos nas \u00e1reas externas das escolas\u201d, com Prof\u00aa Maria Victoria Alfieri, educadora argentina e coordenadora geral do Col\u00e9gio Aletheia.<\/p>\n\n\n\n<p><strong>14 horas:<\/strong> \u201cIntegra\u00e7\u00e3o de saberes em diferentes espa\u00e7os de aprendizagem\u201d, com Prof.\u00aa Dra. Eliane Reame, autora de livros did\u00e1ticos de matem\u00e1tica, pedagoga pela UERJ e Doutora em Ensino de Matem\u00e1tica pela Faculdade de Educa\u00e7\u00e3o da USP.<\/p>\n\n\n\n<p><strong>Lives<br>Dias 24\/02; 17\/03; 14\/04; 19\/05 e 23\/06<\/strong><\/p>\n\n\n\n<p>Os temas e profissionais atender\u00e3o \u00e0s demandas formativas decorrentes das novas pr\u00e1ticas institu\u00eddas nas escolas.<\/p>\n\n\n\n<p><strong>Viv\u00eancias e Workshops<br>Dias 22 e 23\/07&nbsp;<\/strong><\/p>\n\n\n\n<p>Acontecer\u00e3o no retorno das f\u00e9rias escolares, com a participa\u00e7\u00e3o presencial e remota dos educadores em viv\u00eancias e workshops em in\u00fameros espa\u00e7os da cidade: parques, pra\u00e7as, jardins, ruas, museus, biblioteca, teatro, etc. (todos os protocolos sanit\u00e1rios de seguran\u00e7a prescritos \u00e0 \u00e9poca ser\u00e3o considerados).<\/p>\n\n\n\n<p><strong>Assessoria de Imprensa<br>Fotos: Fot\u00f3grafos PMJ  (arquivo)<\/strong><\/p>\n","protected":false},"excerpt":{"rendered":"<p>Desde o ano passado, com a pandemia do Novo Coronav\u00edrus, a Educa\u00e7\u00e3o vem passando por significativas transforma\u00e7\u00f5es. Em Jundia\u00ed, essa constata\u00e7\u00e3o nortear\u00e1 as reflex\u00f5es da IV SAP (Semestre de Atualiza\u00e7\u00e3o Pedag\u00f3gica), que come\u00e7a na pr\u00f3xima segunda-feira (25) e conta com importantes palestras. Por causa da pandemia, o evento ser\u00e1 online, com transmiss\u00e3o ao vivo pelo [&hellip;]<\/p>\n","protected":false},"author":39,"featured_media":260987,"comment_status":"closed","ping_status":"closed","sticky":false,"template":"","format":"standard","meta":{"footnotes":""},"categories":[2],"tags":[1500,6,1593,1569,1035],"ods":[],"class_list":["post-260986","post","type-post","status-publish","format-standard","has-post-thumbnail","hentry","category-noticias","tag-coronavirus","tag-educacao","tag-sap","tag-semestre-de-atualizacao-pedagogica-sap","tag-tvtec"],"_links":{"self":[{"href":"https:\/\/jundiai.sp.gov.br\/noticias\/wp-json\/wp\/v2\/posts\/260986","targetHints":{"allow":["GET"]}}],"collection":[{"href":"https:\/\/jundiai.sp.gov.br\/noticias\/wp-json\/wp\/v2\/posts"}],"about":[{"href":"https:\/\/jundiai.sp.gov.br\/noticias\/wp-json\/wp\/v2\/types\/post"}],"author":[{"embeddable":true,"href":"https:\/\/jundiai.sp.gov.br\/noticias\/wp-json\/wp\/v2\/users\/39"}],"replies":[{"embeddable":true,"href":"https:\/\/jundiai.sp.gov.br\/noticias\/wp-json\/wp\/v2\/comments?post=260986"}],"version-history":[{"count":2,"href":"https:\/\/jundiai.sp.gov.br\/noticias\/wp-json\/wp\/v2\/posts\/260986\/revisions"}],"predecessor-version":[{"id":261084,"href":"https:\/\/jundiai.sp.gov.br\/noticias\/wp-json\/wp\/v2\/posts\/260986\/revisions\/261084"}],"wp:featuredmedia":[{"embeddable":true,"href":"https:\/\/jundiai.sp.gov.br\/noticias\/wp-json\/wp\/v2\/media\/260987"}],"wp:attachment":[{"href":"https:\/\/jundiai.sp.gov.br\/noticias\/wp-json\/wp\/v2\/media?parent=260986"}],"wp:term":[{"taxonomy":"category","embeddable":true,"href":"https:\/\/jundiai.sp.gov.br\/noticias\/wp-json\/wp\/v2\/categories?post=260986"},{"taxonomy":"post_tag","embeddable":true,"href":"https:\/\/jundiai.sp.gov.br\/noticias\/wp-json\/wp\/v2\/tags?post=260986"},{"taxonomy":"ods","embeddable":true,"href":"https:\/\/jundiai.sp.gov.br\/noticias\/wp-json\/wp\/v2\/ods?post=260986"}],"curies":[{"name":"wp","href":"https:\/\/api.w.org\/{rel}","templated":true}]}}