{"id":263694,"date":"2021-03-08T19:09:48","date_gmt":"2021-03-08T22:09:48","guid":{"rendered":"https:\/\/jundiai.sp.gov.br\/noticias\/?p=263694"},"modified":"2021-03-08T19:09:48","modified_gmt":"2021-03-08T22:09:48","slug":"vice-governador-garante-a-prefeitos-e-vices-abertura-imediata-de-leitos-do-regional","status":"publish","type":"post","link":"https:\/\/jundiai.sp.gov.br\/noticias\/2021\/03\/08\/vice-governador-garante-a-prefeitos-e-vices-abertura-imediata-de-leitos-do-regional\/","title":{"rendered":"Vice-governador garante a prefeitos e vices abertura imediata de leitos do Regional"},"content":{"rendered":"\n<p>A pedido do munic\u00edpio de Jundia\u00ed, o vice-governador do Estado de S\u00e3o Paulo, Rodrigo Garcia, avaliou, nesta segunda-feira (8), solicita\u00e7\u00f5es de abrang\u00eancia regional ligadas \u00e0s \u00e1reas de Sa\u00fade, Mobilidade e Infraestrutura Urbana. O prefeito Luiz Fernando Machado e seu vice Gustavo Martinelli sa\u00edram da reuni\u00e3o, no Pal\u00e1cio dos Bandeirantes, com parecer aprovado para amplia\u00e7\u00e3o de leitos exclusivos para a Covid-19, como resultado da parceria entre o Hospital Regional e o Hospital S\u00e3o Vicente.<\/p>\n\n\n\n<figure class=\"wp-block-image size-large\"><img loading=\"lazy\" decoding=\"async\" width=\"1280\" height=\"854\" src=\"https:\/\/jundiai.sp.gov.br\/noticias\/wp-content\/uploads\/sites\/32\/2021\/03\/reuniao_palacio_do_governo_rodrigo_garcia-135.jpg\" alt=\"Prefeito Luiz Fernando, vice Gustavo Martinelli e vice-governador Rodrigo Garcia discutem projetos\" class=\"wp-image-263695\" srcset=\"https:\/\/jundiai.sp.gov.br\/noticias\/wp-content\/uploads\/sites\/32\/2021\/03\/reuniao_palacio_do_governo_rodrigo_garcia-135.jpg 1280w, https:\/\/jundiai.sp.gov.br\/noticias\/wp-content\/uploads\/sites\/32\/2021\/03\/reuniao_palacio_do_governo_rodrigo_garcia-135-300x200.jpg 300w, https:\/\/jundiai.sp.gov.br\/noticias\/wp-content\/uploads\/sites\/32\/2021\/03\/reuniao_palacio_do_governo_rodrigo_garcia-135-768x512.jpg 768w, https:\/\/jundiai.sp.gov.br\/noticias\/wp-content\/uploads\/sites\/32\/2021\/03\/reuniao_palacio_do_governo_rodrigo_garcia-135-450x300.jpg 450w\" sizes=\"auto, (max-width: 1280px) 100vw, 1280px\" \/><figcaption>Sa\u00fade, Mobilidade e Infraestrutura Urbana em pauta com vice-governador<\/figcaption><\/figure>\n\n\n\n<p>\u201cEstamos no momento mais cr\u00edtico da pandemia e temos dedicado todos os esfor\u00e7os para ampliar a estrutura do Hospital S\u00e3o Vicente. A parceria com o Regional \u00e9 de extrema import\u00e2ncia para que os pacientes de maior gravidade tenham acesso aos leitos e \u00e0 assist\u00eancia de sa\u00fade\u201d, disse Luiz Fernando.<\/p>\n\n\n\n<p>No per\u00edodo de um m\u00eas (fevereiro a mar\u00e7o), Jundia\u00ed ampliou a estrutura de leitos em 63% entre enfermaria e Unidades de Terapia Intensiva (UTI). Agora s\u00e3o 134&nbsp; destinados para os casos suspeitos ou confirmados pela pandemia.&nbsp;<\/p>\n\n\n\n<p>Outros projetos e obras tamb\u00e9m foram colocados na mesa de reuni\u00e3o, inclusive com impacto em cidades vizinhas. Participaram do encontro o prefeito de V\u00e1rzea Paulista, Rodolfo Braga, acompanhado de seu vice, Fernando Pasqualino, e o vice-prefeito de Campo Limpo Paulista, Paulo Favaro, representando o prefeito Dr. Luiz Br\u00e1s.<\/p>\n\n\n\n<figure class=\"wp-block-image size-large\"><img loading=\"lazy\" decoding=\"async\" width=\"1280\" height=\"853\" src=\"https:\/\/jundiai.sp.gov.br\/noticias\/wp-content\/uploads\/sites\/32\/2021\/03\/reuniao_palacio_do_governo_rodrigo_garcia-149.jpg\" alt=\"Autoridades no gabinete do vice-governador Rodrigo Garcia\" class=\"wp-image-263697\" srcset=\"https:\/\/jundiai.sp.gov.br\/noticias\/wp-content\/uploads\/sites\/32\/2021\/03\/reuniao_palacio_do_governo_rodrigo_garcia-149.jpg 1280w, https:\/\/jundiai.sp.gov.br\/noticias\/wp-content\/uploads\/sites\/32\/2021\/03\/reuniao_palacio_do_governo_rodrigo_garcia-149-300x200.jpg 300w, https:\/\/jundiai.sp.gov.br\/noticias\/wp-content\/uploads\/sites\/32\/2021\/03\/reuniao_palacio_do_governo_rodrigo_garcia-149-768x512.jpg 768w, https:\/\/jundiai.sp.gov.br\/noticias\/wp-content\/uploads\/sites\/32\/2021\/03\/reuniao_palacio_do_governo_rodrigo_garcia-149-450x300.jpg 450w\" sizes=\"auto, (max-width: 1280px) 100vw, 1280px\" \/><figcaption>Autoridades de tr\u00eas munic\u00edpios apresentaram necessidades da Regi\u00e3o<\/figcaption><\/figure>\n\n\n\n<p>Um deles \u00e9 a licita\u00e7\u00e3o para a obra de revitaliza\u00e7\u00e3o da Marginal do Rio Jundia\u00ed em ambos os sentidos, cujo edital deve ser aberto em 15 dias. A obra j\u00e1 era prevista a partir de um conv\u00eanio assinado em 2018 entre a Prefeitura de Jundia\u00ed e o Governo do Estado de S\u00e3o Paulo. No trecho jundiaiense o investimento \u00e9 de R$ 3,5 milh\u00f5es, sendo 1,75 milh\u00e3o de repasse do Estado e o mesmo valor de contrapartida do munic\u00edpio. \u201cPassam muitos ve\u00edculos ao longo da marginal, de Jundia\u00ed a Campo Limpo\u201d, observa Martinelli. \u201c\u00c9 uma importante via de liga\u00e7\u00e3o entre munic\u00edpios.\u201d<\/p>\n\n\n\n<p>Para acompanhar as fases da obra, foi montada uma comiss\u00e3o formada pelos prefeitos e vices das tr\u00eas cidades. Neste ano, as C\u00e2maras Municipais de Jundia\u00ed, V\u00e1rzea Paulista e Campo Limpo Paulista enviaram simultaneamente mo\u00e7\u00f5es de apelo para o Governo do Estado de S\u00e3o Paulo, pedindo pelo in\u00edcio da obra.<\/p>\n\n\n\n<p><strong>T\u00fanel<\/strong><br>Outro projeto levado ao vice-governador durante a reuni\u00e3o t\u00e9cnica foi a implanta\u00e7\u00e3o de um t\u00fanel ligando a Regi\u00e3o Sul de Jundia\u00ed ao km 54,5 da Rodovia Anhanguera. O trecho est\u00e1 sob a jurisdi\u00e7\u00e3o da AutoBAn. \u201cBuscamos com o vice-governador a possibilidade de di\u00e1logo com a concession\u00e1ria, para que ela fa\u00e7a o custeio dessa obra\u201d, explica o vice-prefeito Gustavo Martinelli. \u201cA reuni\u00e3o foi produtiva.\u201d<\/p>\n\n\n\n<p><strong>Assessoria de Imprensa<br>Foto: fot\u00f3grafo PMJ<\/strong><\/p>\n","protected":false},"excerpt":{"rendered":"<p>A pedido do munic\u00edpio de Jundia\u00ed, o vice-governador do Estado de S\u00e3o Paulo, Rodrigo Garcia, avaliou, nesta segunda-feira (8), solicita\u00e7\u00f5es de abrang\u00eancia regional ligadas \u00e0s \u00e1reas de Sa\u00fade, Mobilidade e Infraestrutura Urbana. O prefeito Luiz Fernando Machado e seu vice Gustavo Martinelli sa\u00edram da reuni\u00e3o, no Pal\u00e1cio dos Bandeirantes, com parecer aprovado para amplia\u00e7\u00e3o de [&hellip;]<\/p>\n","protected":false},"author":71,"featured_media":263695,"comment_status":"closed","ping_status":"closed","sticky":false,"template":"","format":"standard","meta":{"footnotes":""},"categories":[2],"tags":[1779,1778,3,1780,1777],"ods":[],"class_list":["post-263694","post","type-post","status-publish","format-standard","has-post-thumbnail","hentry","category-noticias","tag-leitos","tag-rodrigo-garcia","tag-saude","tag-tunel","tag-vice-governador-do-estado-de-sao-paulo"],"_links":{"self":[{"href":"https:\/\/jundiai.sp.gov.br\/noticias\/wp-json\/wp\/v2\/posts\/263694","targetHints":{"allow":["GET"]}}],"collection":[{"href":"https:\/\/jundiai.sp.gov.br\/noticias\/wp-json\/wp\/v2\/posts"}],"about":[{"href":"https:\/\/jundiai.sp.gov.br\/noticias\/wp-json\/wp\/v2\/types\/post"}],"author":[{"embeddable":true,"href":"https:\/\/jundiai.sp.gov.br\/noticias\/wp-json\/wp\/v2\/users\/71"}],"replies":[{"embeddable":true,"href":"https:\/\/jundiai.sp.gov.br\/noticias\/wp-json\/wp\/v2\/comments?post=263694"}],"version-history":[{"count":2,"href":"https:\/\/jundiai.sp.gov.br\/noticias\/wp-json\/wp\/v2\/posts\/263694\/revisions"}],"predecessor-version":[{"id":263699,"href":"https:\/\/jundiai.sp.gov.br\/noticias\/wp-json\/wp\/v2\/posts\/263694\/revisions\/263699"}],"wp:featuredmedia":[{"embeddable":true,"href":"https:\/\/jundiai.sp.gov.br\/noticias\/wp-json\/wp\/v2\/media\/263695"}],"wp:attachment":[{"href":"https:\/\/jundiai.sp.gov.br\/noticias\/wp-json\/wp\/v2\/media?parent=263694"}],"wp:term":[{"taxonomy":"category","embeddable":true,"href":"https:\/\/jundiai.sp.gov.br\/noticias\/wp-json\/wp\/v2\/categories?post=263694"},{"taxonomy":"post_tag","embeddable":true,"href":"https:\/\/jundiai.sp.gov.br\/noticias\/wp-json\/wp\/v2\/tags?post=263694"},{"taxonomy":"ods","embeddable":true,"href":"https:\/\/jundiai.sp.gov.br\/noticias\/wp-json\/wp\/v2\/ods?post=263694"}],"curies":[{"name":"wp","href":"https:\/\/api.w.org\/{rel}","templated":true}]}}