{"id":264689,"date":"2021-03-26T15:03:45","date_gmt":"2021-03-26T18:03:45","guid":{"rendered":"https:\/\/jundiai.sp.gov.br\/noticias\/?p=264689"},"modified":"2021-03-26T15:03:45","modified_gmt":"2021-03-26T18:03:45","slug":"ferramentas-digitais-otimizam-os-trabalhos-da-equipe-de-educacao-inclusiva","status":"publish","type":"post","link":"https:\/\/jundiai.sp.gov.br\/noticias\/2021\/03\/26\/ferramentas-digitais-otimizam-os-trabalhos-da-equipe-de-educacao-inclusiva\/","title":{"rendered":"Ferramentas digitais otimizam os trabalhos da equipe de Educa\u00e7\u00e3o Inclusiva"},"content":{"rendered":"\n<p>Com o objetivo de agilizar e facilitar o acesso dos educadores e profissionais que atuam diretamente com a educa\u00e7\u00e3o inclusiva, profissionais da Unidade de Gest\u00e3o de Educa\u00e7\u00e3o (UGE) desenvolveram dois materiais virtuais que ajudam no dia a dia das equipes, um cart\u00e3o com links para acessos r\u00e1pidos a documentos e uma plataforma digital que otimiza os processos do Departamento de Educa\u00e7\u00e3o Inclusiva.&nbsp;<\/p>\n\n\n\n<p>A plataforma busca facilitar o entrosamento entre a UGE, unidades escolares e as institui\u00e7\u00f5es parceiras como o&nbsp; APAE, Ateal, Amarati, Instituto Jundiaiense Luiz Braille, Centro de Atendimento Bem-te-vi, Centro de Reabilita\u00e7\u00e3o e o N\u00facleo de Apoio \u00e0 Aprendizagem.<\/p>\n\n\n\n<p>\u201cA ferramenta digital possibilita que a equipe escolar realize o acompanhamento das informa\u00e7\u00f5es referentes aos seus estudantes em tempo real, como por exemplo, laudos que podem ser atualizados. \u00c9 um banco de dados para o compartilhamento de&nbsp; informa\u00e7\u00f5es com as pessoas que s\u00e3o refer\u00eancias dos alunos. Cada unidade escolar tem acesso somente aos dados dos estudantes que est\u00e3o matriculados naquela unidade\u201d, explica a diretora do Departamento de Educa\u00e7\u00e3o Inclusiva, Karina Verardo Teodoro de Godoi.&nbsp;<\/p>\n\n\n\n<figure class=\"wp-block-image size-large\"><img loading=\"lazy\" decoding=\"async\" width=\"1280\" height=\"853\" src=\"https:\/\/jundiai.sp.gov.br\/noticias\/wp-content\/uploads\/sites\/32\/2021\/03\/pdf-educacao-inclusiva_c_-11.jpg\" alt=\"imagem mostra mulher, com as unhas pintadas de esmalte preto, mexendo em celular. Na tela, uma material com fundo azul e \u00edcones para acesso r\u00e1pido. \" class=\"wp-image-264712\" srcset=\"https:\/\/jundiai.sp.gov.br\/noticias\/wp-content\/uploads\/sites\/32\/2021\/03\/pdf-educacao-inclusiva_c_-11.jpg 1280w, https:\/\/jundiai.sp.gov.br\/noticias\/wp-content\/uploads\/sites\/32\/2021\/03\/pdf-educacao-inclusiva_c_-11-300x200.jpg 300w, https:\/\/jundiai.sp.gov.br\/noticias\/wp-content\/uploads\/sites\/32\/2021\/03\/pdf-educacao-inclusiva_c_-11-768x512.jpg 768w, https:\/\/jundiai.sp.gov.br\/noticias\/wp-content\/uploads\/sites\/32\/2021\/03\/pdf-educacao-inclusiva_c_-11-450x300.jpg 450w\" sizes=\"auto, (max-width: 1280px) 100vw, 1280px\" \/><figcaption>Cart\u00e3o digital com links agiliza o acesso dos profissionais<\/figcaption><\/figure>\n\n\n\n<p><strong>Redu\u00e7\u00e3o de papel<\/strong><\/p>\n\n\n\n<p>Outro material digital desenvolvido \u00e9 o cart\u00e3o com links que oferece o acesso r\u00e1pido a documentos e procedimentos administrativos e ao Caderno de Orienta\u00e7\u00f5es ao Departamento da Educa\u00e7\u00e3o Inclusiva. \u201cA ideia foi facilitar o acesso aos materiais utilizados com frequ\u00eancia pela equipe da educa\u00e7\u00e3o inclusiva de maneira mais r\u00e1pida e simples\u201d, comenta Karina.<\/p>\n\n\n\n<p>Al\u00e9m de agilizar o dia a dia dos profissionais, as ferramentas digitais tamb\u00e9m eliminam a necessidade do uso de pap\u00e9is, processos f\u00edsicos e at\u00e9 mesmo o envio de documentos via e-mail e plataformas virtuais.<\/p>\n\n\n\n<p>A gestora da UGE, Vast\u00ed Ferrari Marques, conta que os materiais foram desenvolvidos internamente. \u201cTanto a plataforma como o cart\u00e3o foram criados e produzidos pelos servidores da pr\u00f3pria unidade, que pensaram em como poderiam facilitar o dia a dia da equipe de educa\u00e7\u00e3o inclusiva, uma vez que \u00e9 uma \u00e1rea que realiza a constantes consultas de documentos dos alunos, para promover sempre o melhor trabalho com cada um deles\u201d, conclui.<\/p>\n\n\n\n<p><strong>Assessoria de Imprensa<br>Fotos: Fot\u00f3grafos PMJ<\/strong><\/p>\n","protected":false},"excerpt":{"rendered":"<p>Com o objetivo de agilizar e facilitar o acesso dos educadores e profissionais que atuam diretamente com a educa\u00e7\u00e3o inclusiva, profissionais da Unidade de Gest\u00e3o de Educa\u00e7\u00e3o (UGE) desenvolveram dois materiais virtuais que ajudam no dia a dia das equipes, um cart\u00e3o com links para acessos r\u00e1pidos a documentos e uma plataforma digital que otimiza [&hellip;]<\/p>\n","protected":false},"author":70,"featured_media":264712,"comment_status":"closed","ping_status":"closed","sticky":false,"template":"","format":"standard","meta":{"footnotes":""},"categories":[2],"tags":[6,1828],"ods":[],"class_list":["post-264689","post","type-post","status-publish","format-standard","has-post-thumbnail","hentry","category-noticias","tag-educacao","tag-educacao-inclusiva"],"_links":{"self":[{"href":"https:\/\/jundiai.sp.gov.br\/noticias\/wp-json\/wp\/v2\/posts\/264689","targetHints":{"allow":["GET"]}}],"collection":[{"href":"https:\/\/jundiai.sp.gov.br\/noticias\/wp-json\/wp\/v2\/posts"}],"about":[{"href":"https:\/\/jundiai.sp.gov.br\/noticias\/wp-json\/wp\/v2\/types\/post"}],"author":[{"embeddable":true,"href":"https:\/\/jundiai.sp.gov.br\/noticias\/wp-json\/wp\/v2\/users\/70"}],"replies":[{"embeddable":true,"href":"https:\/\/jundiai.sp.gov.br\/noticias\/wp-json\/wp\/v2\/comments?post=264689"}],"version-history":[{"count":8,"href":"https:\/\/jundiai.sp.gov.br\/noticias\/wp-json\/wp\/v2\/posts\/264689\/revisions"}],"predecessor-version":[{"id":264755,"href":"https:\/\/jundiai.sp.gov.br\/noticias\/wp-json\/wp\/v2\/posts\/264689\/revisions\/264755"}],"wp:featuredmedia":[{"embeddable":true,"href":"https:\/\/jundiai.sp.gov.br\/noticias\/wp-json\/wp\/v2\/media\/264712"}],"wp:attachment":[{"href":"https:\/\/jundiai.sp.gov.br\/noticias\/wp-json\/wp\/v2\/media?parent=264689"}],"wp:term":[{"taxonomy":"category","embeddable":true,"href":"https:\/\/jundiai.sp.gov.br\/noticias\/wp-json\/wp\/v2\/categories?post=264689"},{"taxonomy":"post_tag","embeddable":true,"href":"https:\/\/jundiai.sp.gov.br\/noticias\/wp-json\/wp\/v2\/tags?post=264689"},{"taxonomy":"ods","embeddable":true,"href":"https:\/\/jundiai.sp.gov.br\/noticias\/wp-json\/wp\/v2\/ods?post=264689"}],"curies":[{"name":"wp","href":"https:\/\/api.w.org\/{rel}","templated":true}]}}