{"id":265553,"date":"2021-04-08T10:19:28","date_gmt":"2021-04-08T13:19:28","guid":{"rendered":"https:\/\/jundiai.sp.gov.br\/noticias\/?p=265553"},"modified":"2021-04-08T10:19:28","modified_gmt":"2021-04-08T13:19:28","slug":"jundiai-inicia-campanha-educativa-para-diminuicao-de-acidentes-de-transito","status":"publish","type":"post","link":"https:\/\/jundiai.sp.gov.br\/noticias\/2021\/04\/08\/jundiai-inicia-campanha-educativa-para-diminuicao-de-acidentes-de-transito\/","title":{"rendered":"Jundia\u00ed inicia campanha educativa para diminui\u00e7\u00e3o de acidentes de tr\u00e2nsito"},"content":{"rendered":"\n<p>A Prefeitura de Jundia\u00ed, por meio da Unidade de Gest\u00e3o de Mobilidade e Transporte, deu in\u00edcio a uma campanha para aumentar a conscientiza\u00e7\u00e3o dos motoristas que circulam pelas ruas e avenidas da cidade. O objetivo, como explica o gestor de Mobilidade e Transporte, Aloysio Queiroz, \u00e9 diminuir o n\u00famero de acidentes com v\u00edtimas e os \u00f3bitos. \u201cSabemos que, infelizmente, muitas vidas s\u00e3o perdidas, e muitas pessoas acabam ficando com sequelas graves por causa dos acidentes\u201d, explica.<\/p>\n\n\n\n<figure class=\"wp-block-image size-large\"><img loading=\"lazy\" decoding=\"async\" width=\"1280\" height=\"854\" src=\"https:\/\/jundiai.sp.gov.br\/noticias\/wp-content\/uploads\/sites\/32\/2021\/04\/faixas_educativas_transito-18.jpg\" alt=\"\" class=\"wp-image-265532\" srcset=\"https:\/\/jundiai.sp.gov.br\/noticias\/wp-content\/uploads\/sites\/32\/2021\/04\/faixas_educativas_transito-18.jpg 1280w, https:\/\/jundiai.sp.gov.br\/noticias\/wp-content\/uploads\/sites\/32\/2021\/04\/faixas_educativas_transito-18-300x200.jpg 300w, https:\/\/jundiai.sp.gov.br\/noticias\/wp-content\/uploads\/sites\/32\/2021\/04\/faixas_educativas_transito-18-768x512.jpg 768w, https:\/\/jundiai.sp.gov.br\/noticias\/wp-content\/uploads\/sites\/32\/2021\/04\/faixas_educativas_transito-18-450x300.jpg 450w\" sizes=\"auto, (max-width: 1280px) 100vw, 1280px\" \/><figcaption>Faixa no Centro da cidade: mensagens direcionadas aos motoristas em vias de grande circula\u00e7\u00e3o<\/figcaption><\/figure>\n\n\n\n<p>Vias de grande circula\u00e7\u00e3o receberam, nas \u00faltimas semanas, 100 faixas de grande propor\u00e7\u00e3o com mensagens direcionadas aos motoristas. Ao todo, s\u00e3o oito abordagens diferentes contidas nas faixas: respeitar o sem\u00e1foro, o limite de velocidade, o ciclista, usar a seta, o capacete, a faixa de pedestre e n\u00e3o utilizar o celular enquanto dirige e escapamento barulhento. \u201cAs faixas t\u00eam mensagens importantes, escolhidas com crit\u00e9rio, e foram colocadas em pontos estrat\u00e9gicos, com grande movimento de ve\u00edculos e pessoas\u201d, declara Aloysio.<\/p>\n\n\n\n<p>A Prefeitura tamb\u00e9m prepara uma campanha nas redes sociais, com v\u00eddeos e postagens de alerta para a import\u00e2ncia de respeitar as leis de tr\u00e2nsito e evitar imprud\u00eancias. De acordo com dados do sistema Infosiga do Governo do Estado de S\u00e3o Paulo, em janeiro e fevereiro de 2021 foram registrados 346 acidentes em vias municipais e em rodovias que cortam a cidade, com 15 \u00f3bitos (os dados de mar\u00e7o ainda n\u00e3o foram disponibilizados). No mesmo per\u00edodo de 2020, foram registrados 328 acidentes n\u00e3o fatais, sendo 146 em janeiro e 182 em fevereiro. Em todo o ano passado, foram 2.093 acidentes com v\u00edtimas n\u00e3o fatais e 60 com v\u00edtimas fatais.<\/p>\n\n\n\n<p>Nesta linha de atua\u00e7\u00e3o educativa, a partir do pr\u00f3ximo dia 14, motoristas que cometerem infra\u00e7\u00f5es em locais com presen\u00e7a de fiscaliza\u00e7\u00e3o eletr\u00f4nica passar\u00e3o a receber \u201cmultas educativas\u201d, ainda sem onera\u00e7\u00e3o. \u201cNessa fase, os radares instalados no munic\u00edpio ir\u00e3o registrar as infra\u00e7\u00f5es dos motoristas, mas ainda n\u00e3o v\u00e3o multar. Esses equipamentos far\u00e3o a fiscaliza\u00e7\u00e3o de excesso de velocidade, convers\u00e3o proibida, avan\u00e7o de sem\u00e1foro e proibi\u00e7\u00e3o de tr\u00e2nsito de ve\u00edculos pesados&#8221;, informa o diretor de Tr\u00e2nsito, Renan de Oliveira Corte Brilho.&nbsp;<\/p>\n\n\n\n<p>Ap\u00f3s essa etapa, os onze radares instalados ser\u00e3o aferidos pelo Inmetro (Instituto Nacional de Metrologia, Qualidade e Tecnologia), para assegurar o seu regular funcionamento, conforme prev\u00ea as especifica\u00e7\u00f5es t\u00e9cnicas. Todos os locais ser\u00e3o sinalizados, de acordo com a legisla\u00e7\u00e3o brasileira de tr\u00e2nsito, com o objetivo de alertar e orientar o motorista. Um mapa com os pontos de radares no munic\u00edpio est\u00e1 dispon\u00edvel na p\u00e1gina inicial do <a rel=\"noreferrer noopener\" href=\"https:\/\/jundiai.sp.gov.br\" data-type=\"URL\" data-id=\"https:\/\/jundiai.sp.gov.br\" target=\"_blank\">Portal da Prefeitura de Jundia\u00ed<\/a>.<\/p>\n\n\n\n<p><strong>Assessoria de Imprensa<br>Foto: fot\u00f3grafo PMJ<\/strong><\/p>\n","protected":false},"excerpt":{"rendered":"<p>A Prefeitura de Jundia\u00ed, por meio da Unidade de Gest\u00e3o de Mobilidade e Transporte, deu in\u00edcio a uma campanha para aumentar a conscientiza\u00e7\u00e3o dos motoristas que circulam pelas ruas e avenidas da cidade. O objetivo, como explica o gestor de Mobilidade e Transporte, Aloysio Queiroz, \u00e9 diminuir o n\u00famero de acidentes com v\u00edtimas e os [&hellip;]<\/p>\n","protected":false},"author":71,"featured_media":265532,"comment_status":"closed","ping_status":"closed","sticky":false,"template":"","format":"standard","meta":{"footnotes":""},"categories":[2],"tags":[1867,1866],"ods":[],"class_list":["post-265553","post","type-post","status-publish","format-standard","has-post-thumbnail","hentry","category-noticias","tag-fiscalizacao-eletronica","tag-multa-educativa"],"_links":{"self":[{"href":"https:\/\/jundiai.sp.gov.br\/noticias\/wp-json\/wp\/v2\/posts\/265553","targetHints":{"allow":["GET"]}}],"collection":[{"href":"https:\/\/jundiai.sp.gov.br\/noticias\/wp-json\/wp\/v2\/posts"}],"about":[{"href":"https:\/\/jundiai.sp.gov.br\/noticias\/wp-json\/wp\/v2\/types\/post"}],"author":[{"embeddable":true,"href":"https:\/\/jundiai.sp.gov.br\/noticias\/wp-json\/wp\/v2\/users\/71"}],"replies":[{"embeddable":true,"href":"https:\/\/jundiai.sp.gov.br\/noticias\/wp-json\/wp\/v2\/comments?post=265553"}],"version-history":[{"count":1,"href":"https:\/\/jundiai.sp.gov.br\/noticias\/wp-json\/wp\/v2\/posts\/265553\/revisions"}],"predecessor-version":[{"id":265554,"href":"https:\/\/jundiai.sp.gov.br\/noticias\/wp-json\/wp\/v2\/posts\/265553\/revisions\/265554"}],"wp:featuredmedia":[{"embeddable":true,"href":"https:\/\/jundiai.sp.gov.br\/noticias\/wp-json\/wp\/v2\/media\/265532"}],"wp:attachment":[{"href":"https:\/\/jundiai.sp.gov.br\/noticias\/wp-json\/wp\/v2\/media?parent=265553"}],"wp:term":[{"taxonomy":"category","embeddable":true,"href":"https:\/\/jundiai.sp.gov.br\/noticias\/wp-json\/wp\/v2\/categories?post=265553"},{"taxonomy":"post_tag","embeddable":true,"href":"https:\/\/jundiai.sp.gov.br\/noticias\/wp-json\/wp\/v2\/tags?post=265553"},{"taxonomy":"ods","embeddable":true,"href":"https:\/\/jundiai.sp.gov.br\/noticias\/wp-json\/wp\/v2\/ods?post=265553"}],"curies":[{"name":"wp","href":"https:\/\/api.w.org\/{rel}","templated":true}]}}