{"id":265858,"date":"2021-04-17T10:36:00","date_gmt":"2021-04-17T13:36:00","guid":{"rendered":"https:\/\/jundiai.sp.gov.br\/noticias\/?p=265858"},"modified":"2021-04-16T18:07:19","modified_gmt":"2021-04-16T21:07:19","slug":"instalacao-de-novos-pontos-de-iluminacao-cresce-53-em-2020-na-comparacao-com-ano-anterior","status":"publish","type":"post","link":"https:\/\/jundiai.sp.gov.br\/noticias\/2021\/04\/17\/instalacao-de-novos-pontos-de-iluminacao-cresce-53-em-2020-na-comparacao-com-ano-anterior\/","title":{"rendered":"Instala\u00e7\u00e3o de novos pontos de ilumina\u00e7\u00e3o cresce 53% em 2020 na compara\u00e7\u00e3o com ano anterior"},"content":{"rendered":"\n<p>A instala\u00e7\u00e3o de novos pontos de ilumina\u00e7\u00e3o em Jundia\u00ed aumentou 53% em 2020 na compara\u00e7\u00e3o com 2019. Ao todo, foram implantados 260 pontos nesse per\u00edodo contra 169 no ano anterior, segundo dados da Unidade de Gest\u00e3o de Infraestrutura e Servi\u00e7os P\u00fablicos (UGISP). E no primeiro trimestre de 2021, j\u00e1 s\u00e3o 50 pontos novos implantados, com previs\u00e3o de mais 22 s\u00f3 neste m\u00eas de abril, em espa\u00e7os p\u00fablicos como ruas, pra\u00e7as, \u00e1reas de conviv\u00eancia e vielas. Os pontos contam com postes e lumin\u00e1rias.<\/p>\n\n\n\n<p>\u201cUma cidade mais iluminada \u00e9 uma cidade mais segura\u201d, observa o prefeito de Jundia\u00ed, Luiz Fernando Machado. \u201cAl\u00e9m disso, essa ilumina\u00e7\u00e3o traz mais valoriza\u00e7\u00e3o para espa\u00e7os p\u00fablicos e \u00e1reas que revitalizamos. \u00c9 o caso do Espelho D\u2019\u00c1gua, no Mato Dentro, e do Vale Azul, no Caxambu.\u201d Jundia\u00ed possui aproximadamente 48 mil pontos de ilumina\u00e7\u00e3o p\u00fablica.<\/p>\n\n\n\n<figure class=\"wp-block-image size-large\"><img loading=\"lazy\" decoding=\"async\" width=\"1280\" height=\"719\" src=\"https:\/\/jundiai.sp.gov.br\/noticias\/wp-content\/uploads\/sites\/32\/2021\/04\/espelho-d-agua_noturna-16.jpg\" alt=\"\u00c1rea do Espelho D'\u00c1gua, no Mato Dentro, \u00e0 noite, vista do alto\" class=\"wp-image-265861\" srcset=\"https:\/\/jundiai.sp.gov.br\/noticias\/wp-content\/uploads\/sites\/32\/2021\/04\/espelho-d-agua_noturna-16.jpg 1280w, https:\/\/jundiai.sp.gov.br\/noticias\/wp-content\/uploads\/sites\/32\/2021\/04\/espelho-d-agua_noturna-16-300x169.jpg 300w, https:\/\/jundiai.sp.gov.br\/noticias\/wp-content\/uploads\/sites\/32\/2021\/04\/espelho-d-agua_noturna-16-768x431.jpg 768w\" sizes=\"auto, (max-width: 1280px) 100vw, 1280px\" \/><figcaption>Espelho D\u2019\u00c1gua, no Mato Dentro: mais seguran\u00e7a e valoriza\u00e7\u00e3o para a regi\u00e3o<\/figcaption><\/figure>\n\n\n\n<p>O n\u00famero de l\u00e2mpadas trocadas na cidade, como explica a diretora de Ilumina\u00e7\u00e3o P\u00fablica, Daiane Lima, tamb\u00e9m tem aumentado ano a ano. Em 2019 foram 10.640 l\u00e2mpadas trocadas e em 2020, 12.585 &#8211; crescimento de 18%. \u201c\u00c9 muito importante que as pessoas nos avisem pelo 156 quando h\u00e1 uma l\u00e2mpada queimada, para que possamos providenciar a troca\u201d, diz a diretora. \u201cDe acordo com o contrato que mantemos com a empresa terceirizada que faz esse trabalho, a troca tem que ocorrer em no m\u00e1ximo 48 horas.\u201d<\/p>\n\n\n\n<p>Segundo Daiane, uma lumin\u00e1ria dura em m\u00e9dia 20 anos; j\u00e1 a l\u00e2mpada, um ano e meio. \u201cNovos pontos de ilumina\u00e7\u00e3o est\u00e3o chegando aos mais diferentes bairros de Jundia\u00ed, como Novo Horizonte, Medeiros, Ivoturucaia, Engordadouro, entre outros\u201d, afirma a diretora.<\/p>\n\n\n\n<p><strong>Cidade inteligente<\/strong><br>Uma das metas da atual Administra\u00e7\u00e3o Municipal \u00e9 implantar servi\u00e7os no conceito de \u201csmart city\u201d, tornando a cidade mais inteligente e conectada. \u201cEssas inova\u00e7\u00f5es trar\u00e3o servi\u00e7os mais inteligentes e r\u00e1pidos para as pessoas\u201d, declara o gestor de Governo e Finan\u00e7as, Jos\u00e9 Antonio Parimoschi.<\/p>\n\n\n\n<p>Jundia\u00ed conta com 400 quil\u00f4metros de rede de infovia, que conecta os equipamentos e servi\u00e7os p\u00fablicos com internet de alta velocidade. Essa infraestrutura est\u00e1 sendo utilizada para a implanta\u00e7\u00e3o dos servi\u00e7os no conceito de cidade inteligente. &#8220;Em breve, publicaremos um edital de licita\u00e7\u00e3o, nos moldes de uma parceria p\u00fablico-privada (PPP), para substituir todo o parque de ilumina\u00e7\u00e3o da cidade por l\u00e2mpadas de Led, com sistema de telegest\u00e3o, com vida \u00fatil maior e mais econ\u00f4micas no consumo. Isso impacta n\u00e3o s\u00f3 no urbanismo, mas, tamb\u00e9m, na sensa\u00e7\u00e3o de seguran\u00e7a dos moradores, pois teremos uma cidade mais iluminada\u201d, observa Parimoschi.<\/p>\n\n\n\n<p>Em 2019, Jundia\u00ed foi reconhecida como uma das dez cidades mais inteligentes e conectadas do Brasil, segundo estudo da consultoria Urban System. Trata-se de um reconhecimento aos investimentos realizados pelo munic\u00edpio em novas tecnologias capazes de qualificar mais os servi\u00e7os p\u00fablicos oferecidos.<\/p>\n\n\n\n<p><strong>Assessoria de Imprensa<br>Foto: fot\u00f3grafo PMJ<\/strong><\/p>\n","protected":false},"excerpt":{"rendered":"<p>A instala\u00e7\u00e3o de novos pontos de ilumina\u00e7\u00e3o em Jundia\u00ed aumentou 53% em 2020 na compara\u00e7\u00e3o com 2019. Ao todo, foram implantados 260 pontos nesse per\u00edodo contra 169 no ano anterior, segundo dados da Unidade de Gest\u00e3o de Infraestrutura e Servi\u00e7os P\u00fablicos (UGISP). E no primeiro trimestre de 2021, j\u00e1 s\u00e3o 50 pontos novos implantados, com [&hellip;]<\/p>\n","protected":false},"author":71,"featured_media":265861,"comment_status":"closed","ping_status":"closed","sticky":false,"template":"","format":"standard","meta":{"footnotes":""},"categories":[2],"tags":[1843,962,1340,1207],"ods":[],"class_list":["post-265858","post","type-post","status-publish","format-standard","has-post-thumbnail","hentry","category-noticias","tag-cidade-inteligente","tag-iluminacao-publica","tag-investimento","tag-lampadas"],"_links":{"self":[{"href":"https:\/\/jundiai.sp.gov.br\/noticias\/wp-json\/wp\/v2\/posts\/265858","targetHints":{"allow":["GET"]}}],"collection":[{"href":"https:\/\/jundiai.sp.gov.br\/noticias\/wp-json\/wp\/v2\/posts"}],"about":[{"href":"https:\/\/jundiai.sp.gov.br\/noticias\/wp-json\/wp\/v2\/types\/post"}],"author":[{"embeddable":true,"href":"https:\/\/jundiai.sp.gov.br\/noticias\/wp-json\/wp\/v2\/users\/71"}],"replies":[{"embeddable":true,"href":"https:\/\/jundiai.sp.gov.br\/noticias\/wp-json\/wp\/v2\/comments?post=265858"}],"version-history":[{"count":4,"href":"https:\/\/jundiai.sp.gov.br\/noticias\/wp-json\/wp\/v2\/posts\/265858\/revisions"}],"predecessor-version":[{"id":265890,"href":"https:\/\/jundiai.sp.gov.br\/noticias\/wp-json\/wp\/v2\/posts\/265858\/revisions\/265890"}],"wp:featuredmedia":[{"embeddable":true,"href":"https:\/\/jundiai.sp.gov.br\/noticias\/wp-json\/wp\/v2\/media\/265861"}],"wp:attachment":[{"href":"https:\/\/jundiai.sp.gov.br\/noticias\/wp-json\/wp\/v2\/media?parent=265858"}],"wp:term":[{"taxonomy":"category","embeddable":true,"href":"https:\/\/jundiai.sp.gov.br\/noticias\/wp-json\/wp\/v2\/categories?post=265858"},{"taxonomy":"post_tag","embeddable":true,"href":"https:\/\/jundiai.sp.gov.br\/noticias\/wp-json\/wp\/v2\/tags?post=265858"},{"taxonomy":"ods","embeddable":true,"href":"https:\/\/jundiai.sp.gov.br\/noticias\/wp-json\/wp\/v2\/ods?post=265858"}],"curies":[{"name":"wp","href":"https:\/\/api.w.org\/{rel}","templated":true}]}}