{"id":266021,"date":"2021-04-15T17:17:46","date_gmt":"2021-04-15T20:17:46","guid":{"rendered":"https:\/\/jundiai.sp.gov.br\/noticias\/?p=266021"},"modified":"2021-04-15T17:17:46","modified_gmt":"2021-04-15T20:17:46","slug":"operacao-integrada-orienta-e-fiscaliza-transportadores","status":"publish","type":"post","link":"https:\/\/jundiai.sp.gov.br\/noticias\/2021\/04\/15\/operacao-integrada-orienta-e-fiscaliza-transportadores\/","title":{"rendered":"Opera\u00e7\u00e3o integrada orienta e fiscaliza transportadores"},"content":{"rendered":"\n<p>A Divis\u00e3o de Fiscaliza\u00e7\u00e3o do Transporte-UGMT, a Pol\u00edcia Militar e a Artesp (Ag\u00eancia de Transporte do Estado de S\u00e3o Paulo) realizam, em diferentes dias da semana, uma opera\u00e7\u00e3o integrada voltada \u00e0 orienta\u00e7\u00e3o de motoristas que trabalham com transporte de pessoas e \u00e0 fiscaliza\u00e7\u00e3o do transporte clandestino em Jundia\u00ed. As a\u00e7\u00f5es ocorreram em diferentes locais e hor\u00e1rios.<\/p>\n\n\n\n<figure class=\"wp-block-image size-large\"><img loading=\"lazy\" decoding=\"async\" width=\"1280\" height=\"853\" src=\"https:\/\/jundiai.sp.gov.br\/noticias\/wp-content\/uploads\/sites\/32\/2021\/04\/fiscalizacao_transporte_clandestino-113.jpg\" alt=\"Profissionais da Divis\u00e3o de Fiscaliza\u00e7\u00e3o de Transporte fazem fiscaliza\u00e7\u00e3o na avenida 9 de Julho\" class=\"wp-image-266027\" srcset=\"https:\/\/jundiai.sp.gov.br\/noticias\/wp-content\/uploads\/sites\/32\/2021\/04\/fiscalizacao_transporte_clandestino-113.jpg 1280w, https:\/\/jundiai.sp.gov.br\/noticias\/wp-content\/uploads\/sites\/32\/2021\/04\/fiscalizacao_transporte_clandestino-113-300x200.jpg 300w, https:\/\/jundiai.sp.gov.br\/noticias\/wp-content\/uploads\/sites\/32\/2021\/04\/fiscalizacao_transporte_clandestino-113-768x512.jpg 768w, https:\/\/jundiai.sp.gov.br\/noticias\/wp-content\/uploads\/sites\/32\/2021\/04\/fiscalizacao_transporte_clandestino-113-450x300.jpg 450w\" sizes=\"auto, (max-width: 1280px) 100vw, 1280px\" \/><figcaption>Divis\u00e3o de Fiscaliza\u00e7\u00e3o do Transporte-UGMT orienta motoristas e faz fiscaliza\u00e7\u00e3o na avenida 9 de Julho<\/figcaption><\/figure>\n\n\n\n<p>Em dois dias de trabalho, na segunda (12) e na quarta-feira (14), as equipes abordaram 41 ve\u00edculos. Os motoristas foram orientados e puderam tirar d\u00favidas com os agentes em atividade. Tamb\u00e9m foram feitas autua\u00e7\u00f5es em ve\u00edculos com licenciamento vencido, n\u00e3o licenciamento para transporte de passageiros, carro n\u00e3o cadastrado, falta de cinto de seguran\u00e7a, habilita\u00e7\u00e3o vencida, pneu careca, tac\u00f3grafo inoperante, aus\u00eancia de contrato de fretamento cont\u00ednuo, entre outros.<\/p>\n\n\n\n<p>Segundo o diretor do Departamento de Transporte P\u00fablico, Leslie Litano Tealdi Nascimento, o intuito dos \u00f3rg\u00e3os p\u00fablicos \u00e9 visar sempre a seguran\u00e7a do usu\u00e1rio. \u201cUma vez irregular, o transporte pode trazer riscos \u00e0 seguran\u00e7a do passageiro\u201d, observa o diretor.<\/p>\n\n\n\n<p><strong>Assessoria de Imprensa<\/strong><\/p>\n","protected":false},"excerpt":{"rendered":"<p>A Divis\u00e3o de Fiscaliza\u00e7\u00e3o do Transporte-UGMT, a Pol\u00edcia Militar e a Artesp (Ag\u00eancia de Transporte do Estado de S\u00e3o Paulo) realizam, em diferentes dias da semana, uma opera\u00e7\u00e3o integrada voltada \u00e0 orienta\u00e7\u00e3o de motoristas que trabalham com transporte de pessoas e \u00e0 fiscaliza\u00e7\u00e3o do transporte clandestino em Jundia\u00ed. As a\u00e7\u00f5es ocorreram em diferentes locais e [&hellip;]<\/p>\n","protected":false},"author":71,"featured_media":266027,"comment_status":"closed","ping_status":"closed","sticky":false,"template":"","format":"standard","meta":{"footnotes":""},"categories":[2],"tags":[1891,1692,1712],"ods":[],"class_list":["post-266021","post","type-post","status-publish","format-standard","has-post-thumbnail","hentry","category-noticias","tag-divisao-de-fiscalizacao-do-transporte","tag-fiscalizacao","tag-transporte-clandestino"],"_links":{"self":[{"href":"https:\/\/jundiai.sp.gov.br\/noticias\/wp-json\/wp\/v2\/posts\/266021","targetHints":{"allow":["GET"]}}],"collection":[{"href":"https:\/\/jundiai.sp.gov.br\/noticias\/wp-json\/wp\/v2\/posts"}],"about":[{"href":"https:\/\/jundiai.sp.gov.br\/noticias\/wp-json\/wp\/v2\/types\/post"}],"author":[{"embeddable":true,"href":"https:\/\/jundiai.sp.gov.br\/noticias\/wp-json\/wp\/v2\/users\/71"}],"replies":[{"embeddable":true,"href":"https:\/\/jundiai.sp.gov.br\/noticias\/wp-json\/wp\/v2\/comments?post=266021"}],"version-history":[{"count":3,"href":"https:\/\/jundiai.sp.gov.br\/noticias\/wp-json\/wp\/v2\/posts\/266021\/revisions"}],"predecessor-version":[{"id":266029,"href":"https:\/\/jundiai.sp.gov.br\/noticias\/wp-json\/wp\/v2\/posts\/266021\/revisions\/266029"}],"wp:featuredmedia":[{"embeddable":true,"href":"https:\/\/jundiai.sp.gov.br\/noticias\/wp-json\/wp\/v2\/media\/266027"}],"wp:attachment":[{"href":"https:\/\/jundiai.sp.gov.br\/noticias\/wp-json\/wp\/v2\/media?parent=266021"}],"wp:term":[{"taxonomy":"category","embeddable":true,"href":"https:\/\/jundiai.sp.gov.br\/noticias\/wp-json\/wp\/v2\/categories?post=266021"},{"taxonomy":"post_tag","embeddable":true,"href":"https:\/\/jundiai.sp.gov.br\/noticias\/wp-json\/wp\/v2\/tags?post=266021"},{"taxonomy":"ods","embeddable":true,"href":"https:\/\/jundiai.sp.gov.br\/noticias\/wp-json\/wp\/v2\/ods?post=266021"}],"curies":[{"name":"wp","href":"https:\/\/api.w.org\/{rel}","templated":true}]}}