{"id":266114,"date":"2021-04-16T20:16:24","date_gmt":"2021-04-16T23:16:24","guid":{"rendered":"https:\/\/jundiai.sp.gov.br\/noticias\/?p=266114"},"modified":"2021-04-16T20:16:24","modified_gmt":"2021-04-16T23:16:24","slug":"jundiai-entra-em-fase-de-transicao-e-lojas-podem-ter-atendimento-presencial-a-partir-de-domingo-18","status":"publish","type":"post","link":"https:\/\/jundiai.sp.gov.br\/noticias\/2021\/04\/16\/jundiai-entra-em-fase-de-transicao-e-lojas-podem-ter-atendimento-presencial-a-partir-de-domingo-18\/","title":{"rendered":"Jundia\u00ed entra em Fase de Transi\u00e7\u00e3o e lojas podem ter atendimento presencial a partir de domingo (18)"},"content":{"rendered":"\n<p>Jundia\u00ed publicou nesta sexta-feira (16) um decreto espec\u00edfico de in\u00edcio da Fase de Transi\u00e7\u00e3o, alinhado ao Plano S\u00e3o Paulo de enfrentamento \u00e0 pandemia do novo coronav\u00edrus, do Governo do Estado de S\u00e3o Paulo. Algumas altera\u00e7\u00f5es t\u00eam in\u00edcio neste domingo (18) e outras no dia 24.<\/p>\n\n\n\n<p><strong>Servi\u00e7os que voltam a funcionar neste domingo (18):<\/strong><\/p>\n\n\n\n<ul class=\"wp-block-list\"><li>Lojas de rua podem ter atendimento presencial das 11h \u00e0s 19h, com p\u00fablico limitado a 25% da capacidade total.&nbsp;<\/li><li>Shoppings podem ter atendimento presencial das 12h \u00e0s 20h, com p\u00fablico limitado a 25% da capacidade total.<\/li><li>Cultos, missas e outras atividades religiosas coletivas podem ocorrer a partir deste domingo (18), com distanciamento e controle de acesso.<\/li><\/ul>\n\n\n\n<figure class=\"wp-block-image size-large\"><img loading=\"lazy\" decoding=\"async\" width=\"1280\" height=\"853\" src=\"https:\/\/jundiai.sp.gov.br\/noticias\/wp-content\/uploads\/sites\/32\/2020\/12\/jundiaiaerea1-2.jpg\" alt=\"Imagem de Jundia\u00ed vista de cima, na regi\u00e3o da avenida 9 de Julho\" class=\"wp-image-259901\" srcset=\"https:\/\/jundiai.sp.gov.br\/noticias\/wp-content\/uploads\/sites\/32\/2020\/12\/jundiaiaerea1-2.jpg 1280w, https:\/\/jundiai.sp.gov.br\/noticias\/wp-content\/uploads\/sites\/32\/2020\/12\/jundiaiaerea1-2-300x200.jpg 300w, https:\/\/jundiai.sp.gov.br\/noticias\/wp-content\/uploads\/sites\/32\/2020\/12\/jundiaiaerea1-2-768x512.jpg 768w, https:\/\/jundiai.sp.gov.br\/noticias\/wp-content\/uploads\/sites\/32\/2020\/12\/jundiaiaerea1-2-450x300.jpg 450w\" sizes=\"auto, (max-width: 1280px) 100vw, 1280px\" \/><figcaption>Decreto municipal orienta sobre Fase Vermelha, do Plano S\u00e3o Paulo<\/figcaption><\/figure>\n\n\n\n<p><strong>Servi\u00e7os que voltam a funcionar a partir de 24 de abril:<\/strong><\/p>\n\n\n\n<ul class=\"wp-block-list\"><li>Restaurantes e lanchonetes podem ter atendimento presencial das 11h \u00e0s 19h, com 25% da capacidade total;<\/li><li>Sal\u00f5es de beleza e cabeleireiros podem ter atendimento presencial das 11h \u00e0s 19h, com 25% da capacidade total;<\/li><li>Cinemas, teatros, museus, eventos e conven\u00e7\u00f5es podem funcionar das 11h \u00e0s 19h, com controle de acesso, p\u00fablico sentado, assentos marcados e 25% da capacidade;<\/li><li>Academias, clubes e centros esportivos podem funcionar das 7h \u00e0s 11h e das 15h \u00e0s 19h, apenas para atividades f\u00edsicas individuais agendadas, com 25% da capacidade total;<\/li><\/ul>\n\n\n\n<p>Bares n\u00e3o podem ter atendimento presencial, mas podem operar como restaurantes (p\u00fablico sentado, servi\u00e7o de alimentos para acompanhar bebidas) \u2013 neste caso, devem seguir as regras de restaurantes.<\/p>\n\n\n\n<p>Continuam em vigor o toque de restri\u00e7\u00e3o, das 20h \u00e0s 5h; o teletrabalho para atividades administrativas n\u00e3o essenciais; e o escalonamento do hor\u00e1rio de entrada e sa\u00edda de atividades do com\u00e9rcio, servi\u00e7o e ind\u00fastria.<\/p>\n\n\n\n<p><strong>Educa\u00e7\u00e3o<\/strong><br>Na rede municipal de ensino, ser\u00e3o retomadas na pr\u00f3xima segunda-feira (19) as atividades presenciais para estudantes do programa \u201cEstudo \u00e9 Tudo\u201d. Com aproximadamente 1,1 mil estudantes, o programa tem o objetivo de sanar as dificuldades de aprendizagem na alfabetiza\u00e7\u00e3o de estudantes dos 3\u00ba aos 5\u00ba anos.<\/p>\n\n\n\n<p>Ser\u00e3o seguidos os protocolos de seguran\u00e7a sanit\u00e1ria vigentes como uso de m\u00e1scara, distanciamento e uso do \u00e1lcool em gel.&nbsp;&nbsp;<\/p>\n\n\n\n<p>Os demais alunos da rede municipal seguem, neste primeiro momento, em sistema remoto. Ser\u00e3o realizadas an\u00e1lises semanais, observando o cen\u00e1rio e mantendo as orienta\u00e7\u00f5es do CEC (Comit\u00ea de Enfrentamento ao Coronav\u00edrus).<\/p>\n\n\n\n<p>Tenha acesso <a href=\"https:\/\/jundiai.sp.gov.br\/coronavirus\/wp-content\/uploads\/sites\/61\/2021\/04\/Edicao-4898-16-04-2021-1.pdf\" data-type=\"URL\" data-id=\"https:\/\/jundiai.sp.gov.br\/coronavirus\/wp-content\/uploads\/sites\/61\/2021\/04\/Edicao-4898-16-04-2021-1.pdf\" target=\"_blank\" rel=\"noreferrer noopener\"><strong>AQUI<\/strong><\/a> ao Decreto Municipal da Fase de Transi\u00e7\u00e3o.<\/p>\n\n\n\n<p><strong>Assessoria de Imprensa<br>Foto: fot\u00f3grafo PMJ<\/strong><\/p>\n","protected":false},"excerpt":{"rendered":"<p>Jundia\u00ed publicou nesta sexta-feira (16) um decreto espec\u00edfico de in\u00edcio da Fase de Transi\u00e7\u00e3o, alinhado ao Plano S\u00e3o Paulo de enfrentamento \u00e0 pandemia do novo coronav\u00edrus, do Governo do Estado de S\u00e3o Paulo. Algumas altera\u00e7\u00f5es t\u00eam in\u00edcio neste domingo (18) e outras no dia 24. Servi\u00e7os que voltam a funcionar neste domingo (18): Lojas de [&hellip;]<\/p>\n","protected":false},"author":71,"featured_media":259901,"comment_status":"closed","ping_status":"closed","sticky":false,"template":"","format":"standard","meta":{"footnotes":""},"categories":[2],"tags":[1621,1794,1793],"ods":[],"class_list":["post-266114","post","type-post","status-publish","format-standard","has-post-thumbnail","hentry","category-noticias","tag-comercio","tag-decreto","tag-fase-emergencial"],"_links":{"self":[{"href":"https:\/\/jundiai.sp.gov.br\/noticias\/wp-json\/wp\/v2\/posts\/266114","targetHints":{"allow":["GET"]}}],"collection":[{"href":"https:\/\/jundiai.sp.gov.br\/noticias\/wp-json\/wp\/v2\/posts"}],"about":[{"href":"https:\/\/jundiai.sp.gov.br\/noticias\/wp-json\/wp\/v2\/types\/post"}],"author":[{"embeddable":true,"href":"https:\/\/jundiai.sp.gov.br\/noticias\/wp-json\/wp\/v2\/users\/71"}],"replies":[{"embeddable":true,"href":"https:\/\/jundiai.sp.gov.br\/noticias\/wp-json\/wp\/v2\/comments?post=266114"}],"version-history":[{"count":5,"href":"https:\/\/jundiai.sp.gov.br\/noticias\/wp-json\/wp\/v2\/posts\/266114\/revisions"}],"predecessor-version":[{"id":266133,"href":"https:\/\/jundiai.sp.gov.br\/noticias\/wp-json\/wp\/v2\/posts\/266114\/revisions\/266133"}],"wp:featuredmedia":[{"embeddable":true,"href":"https:\/\/jundiai.sp.gov.br\/noticias\/wp-json\/wp\/v2\/media\/259901"}],"wp:attachment":[{"href":"https:\/\/jundiai.sp.gov.br\/noticias\/wp-json\/wp\/v2\/media?parent=266114"}],"wp:term":[{"taxonomy":"category","embeddable":true,"href":"https:\/\/jundiai.sp.gov.br\/noticias\/wp-json\/wp\/v2\/categories?post=266114"},{"taxonomy":"post_tag","embeddable":true,"href":"https:\/\/jundiai.sp.gov.br\/noticias\/wp-json\/wp\/v2\/tags?post=266114"},{"taxonomy":"ods","embeddable":true,"href":"https:\/\/jundiai.sp.gov.br\/noticias\/wp-json\/wp\/v2\/ods?post=266114"}],"curies":[{"name":"wp","href":"https:\/\/api.w.org\/{rel}","templated":true}]}}