{"id":266585,"date":"2021-04-24T14:23:22","date_gmt":"2021-04-24T17:23:22","guid":{"rendered":"https:\/\/jundiai.sp.gov.br\/noticias\/?p=266585"},"modified":"2021-04-24T14:51:54","modified_gmt":"2021-04-24T17:51:54","slug":"parques-municipais-reabrem-em-jundiai-para-atividades-fisicas-individuais","status":"publish","type":"post","link":"https:\/\/jundiai.sp.gov.br\/noticias\/2021\/04\/24\/parques-municipais-reabrem-em-jundiai-para-atividades-fisicas-individuais\/","title":{"rendered":"Parques municipais reabrem em Jundia\u00ed para atividades f\u00edsicas individuais"},"content":{"rendered":"\n<p>Rodrigo Barbosa, morador da Vila Lacerda, aproveitou a manh\u00e3 de s\u00e1bado de sol e a reabertura dos parques em Jundia\u00ed para aproveitar a natureza do Jardim Bot\u00e2nico. \u201cMoro aqui perto e aproveitei para caminhar um pouco pelo espa\u00e7o e ao ar livre. Estou respeitando todas as orienta\u00e7\u00f5es desde o in\u00edcio e estava com saudade de poder andar por aqui\u201d, comentou.<\/p>\n\n\n\n<p>O Jardim Bot\u00e2nico, assim como os parques Bot\u00e2nico Eloy Chaves, \u00c2ngelo Costa (Engordadouro), Ant\u00f4nio Garcia Machado (Jardim do Lago) e Parque da Cidade voltaram a funcionar neste s\u00e1bado (24), com hor\u00e1rio reduzido das 7h \u00e0s 16h para entrada dos usu\u00e1rios e fechamento at\u00e9 as 17h, de segunda-feira a domingo e restri\u00e7\u00f5es no uso.<\/p>\n\n\n\n<figure class=\"wp-block-image size-large\"><img loading=\"lazy\" decoding=\"async\" width=\"1280\" height=\"854\" src=\"https:\/\/jundiai.sp.gov.br\/noticias\/wp-content\/uploads\/sites\/32\/2021\/04\/reabertura-parque-89.jpg\" alt=\"imagem mostra homem caminhando em parque\" class=\"wp-image-266600\" srcset=\"https:\/\/jundiai.sp.gov.br\/noticias\/wp-content\/uploads\/sites\/32\/2021\/04\/reabertura-parque-89.jpg 1280w, https:\/\/jundiai.sp.gov.br\/noticias\/wp-content\/uploads\/sites\/32\/2021\/04\/reabertura-parque-89-300x200.jpg 300w, https:\/\/jundiai.sp.gov.br\/noticias\/wp-content\/uploads\/sites\/32\/2021\/04\/reabertura-parque-89-768x512.jpg 768w, https:\/\/jundiai.sp.gov.br\/noticias\/wp-content\/uploads\/sites\/32\/2021\/04\/reabertura-parque-89-450x300.jpg 450w\" sizes=\"auto, (max-width: 1280px) 100vw, 1280px\" \/><figcaption>Jardim Bot\u00e2nico est\u00e1 aberto com hor\u00e1rio diferenciado<\/figcaption><\/figure>\n\n\n\n<p>Os parques e equipamentos p\u00fablicos podem ser utilizados para atividades f\u00edsicas individuais de corrida, caminhada e ciclismo em \u00e1reas ao ar livre, pistas de corrida e ciclovias, observados os protocolos sanit\u00e1rios e os hor\u00e1rios de funcionamento estabelecidos.<\/p>\n\n\n\n<p><strong>Assessoria de Imprensa<br>Fotos: Fot\u00f3grafos PMJ<\/strong><\/p>\n","protected":false},"excerpt":{"rendered":"<p>Rodrigo Barbosa, morador da Vila Lacerda, aproveitou a manh\u00e3 de s\u00e1bado de sol e a reabertura dos parques em Jundia\u00ed para aproveitar a natureza do Jardim Bot\u00e2nico. \u201cMoro aqui perto e aproveitei para caminhar um pouco pelo espa\u00e7o e ao ar livre. Estou respeitando todas as orienta\u00e7\u00f5es desde o in\u00edcio e estava com saudade de [&hellip;]<\/p>\n","protected":false},"author":70,"featured_media":266601,"comment_status":"closed","ping_status":"closed","sticky":false,"template":"","format":"standard","meta":{"footnotes":""},"categories":[2],"tags":[1916,1500,1607,1794,322,47],"ods":[],"class_list":["post-266585","post","type-post","status-publish","format-standard","has-post-thumbnail","hentry","category-noticias","tag-botanico-eloy-chaves","tag-coronavirus","tag-covid-19","tag-decreto","tag-jardim-botanico","tag-parque-da-cidade"],"_links":{"self":[{"href":"https:\/\/jundiai.sp.gov.br\/noticias\/wp-json\/wp\/v2\/posts\/266585","targetHints":{"allow":["GET"]}}],"collection":[{"href":"https:\/\/jundiai.sp.gov.br\/noticias\/wp-json\/wp\/v2\/posts"}],"about":[{"href":"https:\/\/jundiai.sp.gov.br\/noticias\/wp-json\/wp\/v2\/types\/post"}],"author":[{"embeddable":true,"href":"https:\/\/jundiai.sp.gov.br\/noticias\/wp-json\/wp\/v2\/users\/70"}],"replies":[{"embeddable":true,"href":"https:\/\/jundiai.sp.gov.br\/noticias\/wp-json\/wp\/v2\/comments?post=266585"}],"version-history":[{"count":5,"href":"https:\/\/jundiai.sp.gov.br\/noticias\/wp-json\/wp\/v2\/posts\/266585\/revisions"}],"predecessor-version":[{"id":266615,"href":"https:\/\/jundiai.sp.gov.br\/noticias\/wp-json\/wp\/v2\/posts\/266585\/revisions\/266615"}],"wp:featuredmedia":[{"embeddable":true,"href":"https:\/\/jundiai.sp.gov.br\/noticias\/wp-json\/wp\/v2\/media\/266601"}],"wp:attachment":[{"href":"https:\/\/jundiai.sp.gov.br\/noticias\/wp-json\/wp\/v2\/media?parent=266585"}],"wp:term":[{"taxonomy":"category","embeddable":true,"href":"https:\/\/jundiai.sp.gov.br\/noticias\/wp-json\/wp\/v2\/categories?post=266585"},{"taxonomy":"post_tag","embeddable":true,"href":"https:\/\/jundiai.sp.gov.br\/noticias\/wp-json\/wp\/v2\/tags?post=266585"},{"taxonomy":"ods","embeddable":true,"href":"https:\/\/jundiai.sp.gov.br\/noticias\/wp-json\/wp\/v2\/ods?post=266585"}],"curies":[{"name":"wp","href":"https:\/\/api.w.org\/{rel}","templated":true}]}}