{"id":266682,"date":"2021-04-26T17:48:58","date_gmt":"2021-04-26T20:48:58","guid":{"rendered":"https:\/\/jundiai.sp.gov.br\/noticias\/?p=266682"},"modified":"2021-04-26T17:48:58","modified_gmt":"2021-04-26T20:48:58","slug":"luiz-fernando-e-prefeitos-da-auj-indicam-vicinais-para-obras-de-recuperacao","status":"publish","type":"post","link":"https:\/\/jundiai.sp.gov.br\/noticias\/2021\/04\/26\/luiz-fernando-e-prefeitos-da-auj-indicam-vicinais-para-obras-de-recuperacao\/","title":{"rendered":"Luiz Fernando e prefeitos da AUJ indicam vicinais para obras de recupera\u00e7\u00e3o"},"content":{"rendered":"\n<p>O prefeito Luiz Fernando Machado se reuniu, nesta segunda-feira (26), no Pa\u00e7o Municipal, com o diretor regional do DER (Departamento de Estradas de Rodagem), Cleiton Luiz de Souza, com o prop\u00f3sito de apresentar as solicita\u00e7\u00f5es da Aglomera\u00e7\u00e3o Urbana de Jundia\u00ed (AUJ), al\u00e9m de Itatiba, para compor o programa Novas Vicinais.<\/p>\n\n\n\n<figure class=\"wp-block-image size-large\"><img loading=\"lazy\" decoding=\"async\" width=\"1280\" height=\"854\" src=\"https:\/\/jundiai.sp.gov.br\/noticias\/wp-content\/uploads\/sites\/32\/2021\/04\/reuniao_der_aglomerado-374.jpg\" alt=\"Prefeito das Regi\u00e3o de Jundia\u00ed\" class=\"wp-image-266687\" srcset=\"https:\/\/jundiai.sp.gov.br\/noticias\/wp-content\/uploads\/sites\/32\/2021\/04\/reuniao_der_aglomerado-374.jpg 1280w, https:\/\/jundiai.sp.gov.br\/noticias\/wp-content\/uploads\/sites\/32\/2021\/04\/reuniao_der_aglomerado-374-300x200.jpg 300w, https:\/\/jundiai.sp.gov.br\/noticias\/wp-content\/uploads\/sites\/32\/2021\/04\/reuniao_der_aglomerado-374-768x512.jpg 768w, https:\/\/jundiai.sp.gov.br\/noticias\/wp-content\/uploads\/sites\/32\/2021\/04\/reuniao_der_aglomerado-374-450x300.jpg 450w\" sizes=\"auto, (max-width: 1280px) 100vw, 1280px\" \/><figcaption>Antonio Carlos Mangini, Marc\u00e3o Marchi, Debora Prado, Luiz Fernando Machado, Cleiton Luiz de Souza, Rodolfo Braga, Thom\u00e1s Capeletto e Estanislau Steck<\/figcaption><\/figure>\n\n\n\n<p>De modo a pontuar as necessidades das vias de cada um dos munic\u00edpios da Regi\u00e3o, os chefes do executivo participaram da audi\u00eancia e tiraram d\u00favidas sobre obras que come\u00e7ar\u00e3o em breve, j\u00e1 em processo de licita\u00e7\u00e3o, e outras estradas que dever\u00e3o ser inclu\u00eddas na iniciativa estadual.<br><br>Participaram os prefeitos de V\u00e1rzea Paulista, Rodolfo Braga, de Jarinu, Debora Prado, de Louveira, Estanislau Steck, de Cabre\u00fava, Antonio Carlos Mangini, de Itupeva, Marc\u00e3o Marchi, de Itatiba, Thom\u00e1s Capeletto, e, representando o prefeito de Campo Limpo Paulista, Luiz Braz, o secret\u00e1rio de governo Vitor Hashimoto.<\/p>\n\n\n\n<p>Em Jundia\u00ed, o trecho da Marginal que liga a cidade \u00e0 vizinha V\u00e1rzea Paulista tem investimento garantido na ordem R$ 38 milh\u00f5es. Os servi\u00e7os consideram sinaliza\u00e7\u00e3o, recupera\u00e7\u00e3o de leito, recapeamento, sinaliza\u00e7\u00e3o horizontal, conten\u00e7\u00e3o de margens, elevando o status da marginal para \u2018rodovia\u2019. \u201cTodas as vicinais recuperadas em outras cidades da Regi\u00e3o tamb\u00e9m beneficiam Jundia\u00ed, pois o tr\u00e2nsito de pessoas entre esses munic\u00edpios \u00e9 di\u00e1rio e intenso\u201d, observa Luiz Fernando.<\/p>\n\n\n\n<figure class=\"wp-block-image size-large\"><img loading=\"lazy\" decoding=\"async\" width=\"1280\" height=\"854\" src=\"https:\/\/jundiai.sp.gov.br\/noticias\/wp-content\/uploads\/sites\/32\/2021\/04\/reuniao_der_aglomerado-222.jpg\" alt=\"Luiz Fernando conversa com Cleiton, da DER\" class=\"wp-image-266688\" srcset=\"https:\/\/jundiai.sp.gov.br\/noticias\/wp-content\/uploads\/sites\/32\/2021\/04\/reuniao_der_aglomerado-222.jpg 1280w, https:\/\/jundiai.sp.gov.br\/noticias\/wp-content\/uploads\/sites\/32\/2021\/04\/reuniao_der_aglomerado-222-300x200.jpg 300w, https:\/\/jundiai.sp.gov.br\/noticias\/wp-content\/uploads\/sites\/32\/2021\/04\/reuniao_der_aglomerado-222-768x512.jpg 768w, https:\/\/jundiai.sp.gov.br\/noticias\/wp-content\/uploads\/sites\/32\/2021\/04\/reuniao_der_aglomerado-222-450x300.jpg 450w\" sizes=\"auto, (max-width: 1280px) 100vw, 1280px\" \/><figcaption>Luiz Fernando (ao centro) conduz reuni\u00e3o com presen\u00e7a do diretor regional do DER (Departamento de Estradas de Rodagem) (direita)<\/figcaption><\/figure>\n\n\n\n<p>A audi\u00eancia entre o DER e a Regi\u00e3o foi poss\u00edvel ap\u00f3s Luiz Fernando reunir-se com o vice-governador do Estado de S\u00e3o Paulo, Rodrigo Garcia. \u201cSempre quando h\u00e1 necessidade, buscamos esse canal de di\u00e1logo com o Estado, para trazer investimentos que impactem positivamente a vida da popula\u00e7\u00e3o de Jundia\u00ed\u201d, explica o prefeito de Jundia\u00ed.<br><br>De acordo com Cleiton Luiz, a reuni\u00e3o permitiu a explica\u00e7\u00e3o t\u00e9cnica sobre o projeto. \u201cFoi poss\u00edvel agilizar todos os projetos com essas cidades, inclusive estreitando contatos com prefeitos que assumiram o comando de seus munic\u00edpios este ano e eu n\u00e3o conhecia\u201d, declara.<\/p>\n\n\n\n<p>O vice-prefeito de Jundia\u00ed, Gustavo Martinelli, tamb\u00e9m esteve presente \u00e0 reuni\u00e3o, al\u00e9m dos vice-prefeitos de V\u00e1rzea Paulista, Fernando Pasqualino, de Louveira, Ricardo Barbosa, e de Itupeva, Alexandre Mustafa.<\/p>\n\n\n\n<p><strong>Assessoria de Imprensa<br>Foto: fot\u00f3grafo PMJ<\/strong><\/p>\n","protected":false},"excerpt":{"rendered":"<p>O prefeito Luiz Fernando Machado se reuniu, nesta segunda-feira (26), no Pa\u00e7o Municipal, com o diretor regional do DER (Departamento de Estradas de Rodagem), Cleiton Luiz de Souza, com o prop\u00f3sito de apresentar as solicita\u00e7\u00f5es da Aglomera\u00e7\u00e3o Urbana de Jundia\u00ed (AUJ), al\u00e9m de Itatiba, para compor o programa Novas Vicinais. De modo a pontuar as [&hellip;]<\/p>\n","protected":false},"author":71,"featured_media":266688,"comment_status":"closed","ping_status":"closed","sticky":false,"template":"","format":"standard","meta":{"footnotes":""},"categories":[2],"tags":[593,1330,1921],"ods":[],"class_list":["post-266682","post","type-post","status-publish","format-standard","has-post-thumbnail","hentry","category-noticias","tag-aglomeracao-urbana-de-jundiai-auj","tag-luiz-fernando-machado","tag-programa-novas-vicinais"],"_links":{"self":[{"href":"https:\/\/jundiai.sp.gov.br\/noticias\/wp-json\/wp\/v2\/posts\/266682","targetHints":{"allow":["GET"]}}],"collection":[{"href":"https:\/\/jundiai.sp.gov.br\/noticias\/wp-json\/wp\/v2\/posts"}],"about":[{"href":"https:\/\/jundiai.sp.gov.br\/noticias\/wp-json\/wp\/v2\/types\/post"}],"author":[{"embeddable":true,"href":"https:\/\/jundiai.sp.gov.br\/noticias\/wp-json\/wp\/v2\/users\/71"}],"replies":[{"embeddable":true,"href":"https:\/\/jundiai.sp.gov.br\/noticias\/wp-json\/wp\/v2\/comments?post=266682"}],"version-history":[{"count":5,"href":"https:\/\/jundiai.sp.gov.br\/noticias\/wp-json\/wp\/v2\/posts\/266682\/revisions"}],"predecessor-version":[{"id":266696,"href":"https:\/\/jundiai.sp.gov.br\/noticias\/wp-json\/wp\/v2\/posts\/266682\/revisions\/266696"}],"wp:featuredmedia":[{"embeddable":true,"href":"https:\/\/jundiai.sp.gov.br\/noticias\/wp-json\/wp\/v2\/media\/266688"}],"wp:attachment":[{"href":"https:\/\/jundiai.sp.gov.br\/noticias\/wp-json\/wp\/v2\/media?parent=266682"}],"wp:term":[{"taxonomy":"category","embeddable":true,"href":"https:\/\/jundiai.sp.gov.br\/noticias\/wp-json\/wp\/v2\/categories?post=266682"},{"taxonomy":"post_tag","embeddable":true,"href":"https:\/\/jundiai.sp.gov.br\/noticias\/wp-json\/wp\/v2\/tags?post=266682"},{"taxonomy":"ods","embeddable":true,"href":"https:\/\/jundiai.sp.gov.br\/noticias\/wp-json\/wp\/v2\/ods?post=266682"}],"curies":[{"name":"wp","href":"https:\/\/api.w.org\/{rel}","templated":true}]}}