{"id":267030,"date":"2021-04-30T19:33:53","date_gmt":"2021-04-30T22:33:53","guid":{"rendered":"https:\/\/jundiai.sp.gov.br\/noticias\/?p=267030"},"modified":"2021-04-30T19:33:53","modified_gmt":"2021-04-30T22:33:53","slug":"ciclovia-entre-parque-da-cidade-e-jardim-botanico-reabre-neste-sabado-dia-1o","status":"publish","type":"post","link":"https:\/\/jundiai.sp.gov.br\/noticias\/2021\/04\/30\/ciclovia-entre-parque-da-cidade-e-jardim-botanico-reabre-neste-sabado-dia-1o\/","title":{"rendered":"Ciclovia entre Parque da Cidade e Jardim Bot\u00e2nico reabre neste s\u00e1bado, dia 1\u00ba"},"content":{"rendered":"\n<p>A partir deste s\u00e1bado, dia 1\u00ba, o trecho da ciclovia que liga o Parque da Cidade ao Jardim Bot\u00e2nico ser\u00e1 reaberto para a passagem de pedestres e ciclistas. A antiga ciclovia &#8211; que margeava a represa de Acumula\u00e7\u00e3o do Parque da Cidade &#8211; agora cruza o Mundo das Crian\u00e7as, proporcionando uma nova experi\u00eancia aos ciclistas e praticantes de caminhadas e corridas.<\/p>\n\n\n\n<p>O trecho liberado tem cerca de 1,8 km e far\u00e1 a interliga\u00e7\u00e3o entre as duas ciclovias, que possuem, juntas, um trajeto circular (ida e volta) de cerca de 11,5 km. A interliga\u00e7\u00e3o da ciclovia come\u00e7a na administra\u00e7\u00e3o do Parque da Cidade, atravessa o Mundo das Crian\u00e7as e vai at\u00e9 o port\u00e3o do Jardim Bot\u00e2nico, pr\u00f3ximo \u00e0 Av. Navarro de Andrade.&nbsp;<\/p>\n\n\n\n<p>Cabe ressaltar que o Mundo das Crian\u00e7as segue fechado por conta da pandemia e contar\u00e1 com o trajeto sinalizado para evitar circula\u00e7\u00e3o fora da \u00e1rea da ciclovia.&nbsp;<\/p>\n\n\n\n<p>Pedestres e ciclistas poder\u00e3o utilizar a entrada do Mundo das Crian\u00e7as, com acesso pela Rua Tiradentes.&nbsp;<\/p>\n\n\n\n<p><strong>Demais atividades<\/strong><\/p>\n\n\n\n<p>O aluguel de bicicletas do Programa de Esportes e Atividades Motoras Adaptadas (Peama) segue funcionando aos s\u00e1bados, domingos e feriados, das 9 \u00e0s 15 horas (para \u00faltimo aluguel).<\/p>\n\n\n\n<p>Est\u00e3o liberadas apenas as atividades individuais (ciclismo\/caminhada\/corrida), enquanto quadras, parquinhos e aparelhos de gin\u00e1stica aguardam nova data definida para retorno.&nbsp;<\/p>\n\n\n\n<p>O uso de m\u00e1scara facial \u00e9 obrigat\u00f3rio durante todo o tempo de perman\u00eancia nas depend\u00eancias do Parque e no novo trecho liberado da ciclovia. Ainda em fun\u00e7\u00e3o da pandemia, os piqueniques n\u00e3o est\u00e3o liberados e os bebedouros continuam interditados. Cada visitante deve levar sua pr\u00f3pria garrafinha de \u00e1gua.<\/p>\n\n\n\n<p>O hor\u00e1rio de funcionamento da ciclovia segue o mesmo do Parque da Cidade e Jardim Bot\u00e2nico: de segunda a domingo, das 7h \u00e0s 17h (com fechamento dos port\u00f5es \u00e0s 16h).<\/p>\n\n\n\n<p><strong><em>Assessoria de Imprensa &#8211; DAE<\/em><\/strong><\/p>\n\n\n\n<p><strong><em>Fotos: Divulga\u00e7\u00e3o<\/em><\/strong><\/p>\n","protected":false},"excerpt":{"rendered":"<p>A partir deste s\u00e1bado, dia 1\u00ba, o trecho da ciclovia que liga o Parque da Cidade ao Jardim Bot\u00e2nico ser\u00e1 reaberto para a passagem de pedestres e ciclistas. A antiga ciclovia &#8211; que margeava a represa de Acumula\u00e7\u00e3o do Parque da Cidade &#8211; agora cruza o Mundo das Crian\u00e7as, proporcionando uma nova experi\u00eancia aos ciclistas [&hellip;]<\/p>\n","protected":false},"author":40,"featured_media":267031,"comment_status":"closed","ping_status":"closed","sticky":false,"template":"","format":"standard","meta":{"footnotes":""},"categories":[2],"tags":[1940,47],"ods":[],"class_list":["post-267030","post","type-post","status-publish","format-standard","has-post-thumbnail","hentry","category-noticias","tag-dae-jundiai","tag-parque-da-cidade"],"_links":{"self":[{"href":"https:\/\/jundiai.sp.gov.br\/noticias\/wp-json\/wp\/v2\/posts\/267030","targetHints":{"allow":["GET"]}}],"collection":[{"href":"https:\/\/jundiai.sp.gov.br\/noticias\/wp-json\/wp\/v2\/posts"}],"about":[{"href":"https:\/\/jundiai.sp.gov.br\/noticias\/wp-json\/wp\/v2\/types\/post"}],"author":[{"embeddable":true,"href":"https:\/\/jundiai.sp.gov.br\/noticias\/wp-json\/wp\/v2\/users\/40"}],"replies":[{"embeddable":true,"href":"https:\/\/jundiai.sp.gov.br\/noticias\/wp-json\/wp\/v2\/comments?post=267030"}],"version-history":[{"count":1,"href":"https:\/\/jundiai.sp.gov.br\/noticias\/wp-json\/wp\/v2\/posts\/267030\/revisions"}],"predecessor-version":[{"id":267032,"href":"https:\/\/jundiai.sp.gov.br\/noticias\/wp-json\/wp\/v2\/posts\/267030\/revisions\/267032"}],"wp:featuredmedia":[{"embeddable":true,"href":"https:\/\/jundiai.sp.gov.br\/noticias\/wp-json\/wp\/v2\/media\/267031"}],"wp:attachment":[{"href":"https:\/\/jundiai.sp.gov.br\/noticias\/wp-json\/wp\/v2\/media?parent=267030"}],"wp:term":[{"taxonomy":"category","embeddable":true,"href":"https:\/\/jundiai.sp.gov.br\/noticias\/wp-json\/wp\/v2\/categories?post=267030"},{"taxonomy":"post_tag","embeddable":true,"href":"https:\/\/jundiai.sp.gov.br\/noticias\/wp-json\/wp\/v2\/tags?post=267030"},{"taxonomy":"ods","embeddable":true,"href":"https:\/\/jundiai.sp.gov.br\/noticias\/wp-json\/wp\/v2\/ods?post=267030"}],"curies":[{"name":"wp","href":"https:\/\/api.w.org\/{rel}","templated":true}]}}