{"id":267499,"date":"2021-05-07T17:54:32","date_gmt":"2021-05-07T20:54:32","guid":{"rendered":"https:\/\/jundiai.sp.gov.br\/noticias\/?p=267499"},"modified":"2021-05-07T18:51:35","modified_gmt":"2021-05-07T21:51:35","slug":"decreto-amplia-horario-de-funcionamento-do-comercio-ate-21h","status":"publish","type":"post","link":"https:\/\/jundiai.sp.gov.br\/noticias\/2021\/05\/07\/decreto-amplia-horario-de-funcionamento-do-comercio-ate-21h\/","title":{"rendered":"Decreto amplia hor\u00e1rio de funcionamento do com\u00e9rcio at\u00e9 21h"},"content":{"rendered":"\n<p>Jundia\u00ed publicou nesta sexta-feira (07) um decreto que permite a amplia\u00e7\u00e3o do hor\u00e1rio de funcionamento de com\u00e9rcios de rua, podendo funcionar a partir das 6h e com prazo m\u00e1ximo de fechamento at\u00e9 as 21h. As altera\u00e7\u00f5es come\u00e7am neste s\u00e1bado (8).<\/p>\n\n\n\n<p><strong>Veja como fica o hor\u00e1rio das atividades comerciais:<\/strong><\/p>\n\n\n\n<ul class=\"wp-block-list\"><li>Com\u00e9rcio de rua: das 06h \u00e0s 21h;<\/li><li>Shoppings centers: das 10h \u00e0s 22h;<\/li><li>Atividades religiosas individuais e coletivas: com restri\u00e7\u00f5es de protocolos sanit\u00e1rios para o setor;<\/li><li>Atividades de presta\u00e7\u00e3o de servi\u00e7os em geral: das 06h \u00e0s 21h;<\/li><li>Restaurantes, similares, padarias, bares e buffets com fun\u00e7\u00e3o de restaurante: das 06h \u00e0s 21h;&nbsp;<\/li><li>Sal\u00e3o de beleza e barbearia: das 06h \u00e0s 21h;<\/li><li>Atividades culturais: das 06h \u00e0s 21h;&nbsp;<\/li><li>Academias: das 6h \u00e0s 21h;<\/li><li>Clubes: das 6h \u00e0s 21h, vedadas as atividades coletivas.<\/li><\/ul>\n\n\n\n<figure class=\"wp-block-image size-large\"><img loading=\"lazy\" decoding=\"async\" width=\"1280\" height=\"854\" src=\"https:\/\/jundiai.sp.gov.br\/noticias\/wp-content\/uploads\/sites\/32\/2020\/11\/jardim_botanico-51-1280x854.jpg\" alt=\"\" class=\"wp-image-258589\" srcset=\"https:\/\/jundiai.sp.gov.br\/noticias\/wp-content\/uploads\/sites\/32\/2020\/11\/jardim_botanico-51-1280x854.jpg 1280w, https:\/\/jundiai.sp.gov.br\/noticias\/wp-content\/uploads\/sites\/32\/2020\/11\/jardim_botanico-51-300x200.jpg 300w, https:\/\/jundiai.sp.gov.br\/noticias\/wp-content\/uploads\/sites\/32\/2020\/11\/jardim_botanico-51-768x513.jpg 768w, https:\/\/jundiai.sp.gov.br\/noticias\/wp-content\/uploads\/sites\/32\/2020\/11\/jardim_botanico-51-450x300.jpg 450w, https:\/\/jundiai.sp.gov.br\/noticias\/wp-content\/uploads\/sites\/32\/2020\/11\/jardim_botanico-51.jpg 1323w\" sizes=\"auto, (max-width: 1280px) 100vw, 1280px\" \/><figcaption>Jardim Bot\u00e2nico \u00e9 um dos parques municipais em funcionamento, das 7h \u00e0s 16h para entrada dos usu\u00e1rios, e fechamento at\u00e9 as 17h<\/figcaption><\/figure>\n\n\n\n<p><strong>Parques e equipamentos p\u00fablicos continuam a funcionar no mesmo hor\u00e1rio, das 7h \u00e0s 16h para entrada dos usu\u00e1rios, e fechamento at\u00e9 as 17h, de segunda-feira a domingo. Veja quais est\u00e3o em funcionamento:<\/strong><\/p>\n\n\n\n<ul class=\"wp-block-list\"><li>Jardim Bot\u00e2nico;<\/li><li>Mundo das Crian\u00e7as;<\/li><li>Parque Bot\u00e2nico Eloy Chaves;<\/li><li>Parque \u00c2ngelo Costa &#8211; Engordadouro;<\/li><li>Parque Ant\u00f4nio Garcia Machado &#8211; Jardim do Lago;<\/li><li>Parque da Cidade (inclusive para atividades no Centro N\u00e1utico e nas pistas de aeromodelismo, automobilismo e quadras de esporte coletivos, sem aglomera\u00e7\u00e3o);<\/li><li>Pra\u00e7a Fam\u00edlia Jundia\u00ed &amp; Espa\u00e7o PET 9 de Julho;<\/li><li>Pra\u00e7a Fam\u00edlia Jundia\u00ed &amp; Espa\u00e7o PET Vila Rami;<\/li><li>Pra\u00e7a Fam\u00edlia Jundia\u00ed &amp; Espa\u00e7o PET Ponte S\u00e3o Jo\u00e3o;<\/li><li>Bosque Onofre Canedo \u2013 Almerinda Chaves;<\/li><li>Bosque Jardim Copacabana;<\/li><li>Complexo Educacional, Cultural e Esportivo Dr. Nicolino de Lucca (Bol\u00e3o) (de segunda a sexta-feira, das 07h \u00e0s 19h, e aos s\u00e1bados e domingo, das 7h \u00e0s 18h, a partir deste s\u00e1bado);<\/li><li>Complexo Educacional, Cultural e Esportivo Helena Cestari &#8211; Vila Comercial (de segunda a sexta-feira, das 7h \u00e0s 16h, a partir de segunda-feira);<\/li><li>Complexo Educacional, Cultural e Esportivo Vanderlei Sperandio &#8211; Santa Gertrudes (de segunda a sexta-feira, das 7h \u00e0s 16h, a partir de segunda-feira).<\/li><\/ul>\n\n\n\n<p>Ficam vedadas atividades coletivas nos parques e equipamentos p\u00fablicos, que s\u00f3 poder\u00e3o ser utilizados para atividades f\u00edsicas individuais de corrida, caminhada e ciclismo em \u00e1reas ao ar livre, pistas de corrida e ciclovias, levando em conta os protocolos sanit\u00e1rios.<\/p>\n\n\n\n<p><a href=\"https:\/\/jundiai.sp.gov.br\/coronavirus\/wp-content\/uploads\/sites\/61\/2021\/05\/Edicao-4909-07-05-2021-1-1.pdf\" data-type=\"URL\" data-id=\"https:\/\/jundiai.sp.gov.br\/coronavirus\/wp-content\/uploads\/sites\/61\/2021\/05\/Edicao-4909-07-05-2021-1-1.pdf\" target=\"_blank\" rel=\"noreferrer noopener\"><strong>Consulte aqui o Decreto.<\/strong><\/a><\/p>\n\n\n\n<p><strong>Assessoria de Imprensa<br>Foto: fot\u00f3grafo PMJ<\/strong><\/p>\n","protected":false},"excerpt":{"rendered":"<p>Jundia\u00ed publicou nesta sexta-feira (07) um decreto que permite a amplia\u00e7\u00e3o do hor\u00e1rio de funcionamento de com\u00e9rcios de rua, podendo funcionar a partir das 6h e com prazo m\u00e1ximo de fechamento at\u00e9 as 21h. As altera\u00e7\u00f5es come\u00e7am neste s\u00e1bado (8). Veja como fica o hor\u00e1rio das atividades comerciais: Com\u00e9rcio de rua: das 06h \u00e0s 21h; [&hellip;]<\/p>\n","protected":false},"author":71,"featured_media":260042,"comment_status":"closed","ping_status":"closed","sticky":false,"template":"","format":"standard","meta":{"footnotes":""},"categories":[2],"tags":[1794,1938,1625],"ods":[],"class_list":["post-267499","post","type-post","status-publish","format-standard","has-post-thumbnail","hentry","category-noticias","tag-decreto","tag-funcionamento-comercio","tag-pandemia"],"_links":{"self":[{"href":"https:\/\/jundiai.sp.gov.br\/noticias\/wp-json\/wp\/v2\/posts\/267499","targetHints":{"allow":["GET"]}}],"collection":[{"href":"https:\/\/jundiai.sp.gov.br\/noticias\/wp-json\/wp\/v2\/posts"}],"about":[{"href":"https:\/\/jundiai.sp.gov.br\/noticias\/wp-json\/wp\/v2\/types\/post"}],"author":[{"embeddable":true,"href":"https:\/\/jundiai.sp.gov.br\/noticias\/wp-json\/wp\/v2\/users\/71"}],"replies":[{"embeddable":true,"href":"https:\/\/jundiai.sp.gov.br\/noticias\/wp-json\/wp\/v2\/comments?post=267499"}],"version-history":[{"count":7,"href":"https:\/\/jundiai.sp.gov.br\/noticias\/wp-json\/wp\/v2\/posts\/267499\/revisions"}],"predecessor-version":[{"id":267537,"href":"https:\/\/jundiai.sp.gov.br\/noticias\/wp-json\/wp\/v2\/posts\/267499\/revisions\/267537"}],"wp:featuredmedia":[{"embeddable":true,"href":"https:\/\/jundiai.sp.gov.br\/noticias\/wp-json\/wp\/v2\/media\/260042"}],"wp:attachment":[{"href":"https:\/\/jundiai.sp.gov.br\/noticias\/wp-json\/wp\/v2\/media?parent=267499"}],"wp:term":[{"taxonomy":"category","embeddable":true,"href":"https:\/\/jundiai.sp.gov.br\/noticias\/wp-json\/wp\/v2\/categories?post=267499"},{"taxonomy":"post_tag","embeddable":true,"href":"https:\/\/jundiai.sp.gov.br\/noticias\/wp-json\/wp\/v2\/tags?post=267499"},{"taxonomy":"ods","embeddable":true,"href":"https:\/\/jundiai.sp.gov.br\/noticias\/wp-json\/wp\/v2\/ods?post=267499"}],"curies":[{"name":"wp","href":"https:\/\/api.w.org\/{rel}","templated":true}]}}