{"id":268663,"date":"2021-05-22T14:47:14","date_gmt":"2021-05-22T17:47:14","guid":{"rendered":"https:\/\/jundiai.sp.gov.br\/noticias\/?p=268663"},"modified":"2021-05-24T10:30:42","modified_gmt":"2021-05-24T13:30:42","slug":"semana-do-brincar-cidade-das-criancas-e-tema-de-transmissao-ao-vivo","status":"publish","type":"post","link":"https:\/\/jundiai.sp.gov.br\/noticias\/2021\/05\/22\/semana-do-brincar-cidade-das-criancas-e-tema-de-transmissao-ao-vivo\/","title":{"rendered":"Semana do Brincar: Cidade das Crian\u00e7as \u00e9 tema de transmiss\u00e3o ao vivo"},"content":{"rendered":"\n<p>Como abertura oficial da Semana do Brincar, o prefeito Luiz Fernando Machado participou, na manh\u00e3 deste s\u00e1bado (22), da transmiss\u00e3o ao vivo do Semin\u00e1rio do Brincar 2021, com o objetivo de trazer para o centro da discuss\u00e3o a primeira inf\u00e2ncia. Na ocasi\u00e3o, o chefe do Executivo local p\u00f4de falar sobre a experi\u00eancia de Jundia\u00ed na implanta\u00e7\u00e3o do projeto Cidade das Crian\u00e7as. O semin\u00e1rio abordou o seguinte tema: \u201cA cidade como espa\u00e7o do brincar e dos direitos da crian\u00e7a\u201d.<\/p>\n\n\n\n<figure class=\"wp-block-image size-large\"><img loading=\"lazy\" decoding=\"async\" width=\"1280\" height=\"708\" src=\"https:\/\/jundiai.sp.gov.br\/noticias\/wp-content\/uploads\/sites\/32\/2021\/05\/live-semana-do-brincar-1.jpg\" alt=\"\" class=\"wp-image-268669\" srcset=\"https:\/\/jundiai.sp.gov.br\/noticias\/wp-content\/uploads\/sites\/32\/2021\/05\/live-semana-do-brincar-1.jpg 1280w, https:\/\/jundiai.sp.gov.br\/noticias\/wp-content\/uploads\/sites\/32\/2021\/05\/live-semana-do-brincar-1-300x166.jpg 300w, https:\/\/jundiai.sp.gov.br\/noticias\/wp-content\/uploads\/sites\/32\/2021\/05\/live-semana-do-brincar-1-768x425.jpg 768w\" sizes=\"auto, (max-width: 1280px) 100vw, 1280px\" \/><figcaption>Em evento com diferentes convidados, prefeito falou sobre a import\u00e2ncia de apostar em pol\u00edticas p\u00fablicas para as crian\u00e7as<\/figcaption><\/figure>\n\n\n\n<p>\u201cJundia\u00ed tem feito sua parte para que as crian\u00e7as sejam olhadas de fato como cidad\u00e3s, como protagonistas\u201d, disse o prefeito Luiz Fernando. \u201cE a partir do momento que voc\u00ea encara essa crian\u00e7a como cidad\u00e3 e protagonista, o desafio seguinte \u00e9 buscar maneiras de dar voz e participa\u00e7\u00e3o a ela, o que n\u00f3s j\u00e1 estamos fazendo em nossa cidade.\u201d<\/p>\n\n\n\n<p>Desde 2017, Jundia\u00ed tem investido em pol\u00edticas p\u00fablicas para as crian\u00e7as e passou a integrar a Rede Latino-americana Cidade das Crian\u00e7as. Al\u00e9m disso, o munic\u00edpio criou o Comit\u00ea das Crian\u00e7as, com o objetivo de dar voz ao p\u00fablico infantil e assim ajudar a deliberar novos projetos e pol\u00edticas para a cidade.<\/p>\n\n\n\n<p>O evento virtual tamb\u00e9m contou com a participa\u00e7\u00e3o do gestor de Cultura de Jundia\u00ed, Marcelo Peroni, e dos educadores Francesco Tonucci e Lorena Morachimo.<\/p>\n\n\n\n<p>\u201cN\u00f3s queremos ser uma cidade das crian\u00e7as, e todos os dias eu acordo pensando que nossa fun\u00e7\u00e3o \u00e9 fazer com que Jundia\u00ed seja de fato das crian\u00e7as\u201d, declarou Peroni. \u201cAqui, n\u00f3s de fato ouvimos as crian\u00e7as e vamos fazer a diferen\u00e7a a partir do que elas nos trazem.\u201d<\/p>\n\n\n\n<p>\u201cTemos que aproveitar o que as crian\u00e7as nos prop\u00f5em para transformarmos nossa cidade, implantar pol\u00edticas adultas\u201d, observou Tonucci. \u201cOs anos mais importantes s\u00e3o os primeiros.\u201d<\/p>\n\n\n\n<p><strong>A\u00e7\u00f5es<\/strong><br>A Semana Mundial do Brincar: Casinhas das Inf\u00e2ncias ocorre at\u00e9 o dia 30 de maio. O Grupo de Trabalho Crian\u00e7a na Cidade, que a Unidade de Gest\u00e3o de Educa\u00e7\u00e3o integra com mais outras oito unidades de gest\u00e3o, elabora as a\u00e7\u00f5es. O objetivo \u00e9&nbsp; usar o contexto de brincadeira de crian\u00e7a em um territ\u00f3rio de&nbsp; adultos, proporcionando provoca\u00e7\u00f5es e reflex\u00f5es.<\/p>\n\n\n\n<p>Em Jundia\u00ed, ocorrem exposi\u00e7\u00f5es com o tema &#8220;Casinhas de inf\u00e2ncias&#8221;, utilizando materiais n\u00e3o estruturados e simples, instaladas em alguns locais p\u00fablicos da cidade (Complexo Argos, Pa\u00e7o Municipal, Solar do Bar\u00e3o, entre outros).<\/p>\n\n\n\n<p>Na pr\u00f3xima segunda-feira (24), ocorre Um Di\u00e1logo sobre a Primeir\u00edssima: A Experi\u00eancia de Jundia\u00ed, evento virtual que re\u00fane diferentes prefeitos e gestores municipais das cidades de Cabre\u00fava, Campo Limpo Paulista, Itatiba, Itupeva, Jarinu, Jundia\u00ed, Louveira, Morungaba e V\u00e1rzea Paulista.<\/p>\n\n\n\n<p>E na quinta-feira (27) ser\u00e1 feita uma escuta com as crian\u00e7as suplentes do Comit\u00ea das Crian\u00e7as, abordando os &#8220;Espa\u00e7os de Brincar nas Escolas&#8221;, \u00e0s 14h.<\/p>\n\n\n\n<p><strong>Assessoria de Imprensa<\/strong><\/p>\n","protected":false},"excerpt":{"rendered":"<p>Como abertura oficial da Semana do Brincar, o prefeito Luiz Fernando Machado participou, na manh\u00e3 deste s\u00e1bado (22), da transmiss\u00e3o ao vivo do Semin\u00e1rio do Brincar 2021, com o objetivo de trazer para o centro da discuss\u00e3o a primeira inf\u00e2ncia. Na ocasi\u00e3o, o chefe do Executivo local p\u00f4de falar sobre a experi\u00eancia de Jundia\u00ed na [&hellip;]<\/p>\n","protected":false},"author":71,"featured_media":268669,"comment_status":"closed","ping_status":"closed","sticky":false,"template":"","format":"standard","meta":{"footnotes":""},"categories":[2],"tags":[1154,1201,29,1330,2009],"ods":[],"class_list":["post-268663","post","type-post","status-publish","format-standard","has-post-thumbnail","hentry","category-noticias","tag-cidade-das-criancas","tag-comite-das-criancas","tag-cultura","tag-luiz-fernando-machado","tag-semana-do-brincar"],"_links":{"self":[{"href":"https:\/\/jundiai.sp.gov.br\/noticias\/wp-json\/wp\/v2\/posts\/268663","targetHints":{"allow":["GET"]}}],"collection":[{"href":"https:\/\/jundiai.sp.gov.br\/noticias\/wp-json\/wp\/v2\/posts"}],"about":[{"href":"https:\/\/jundiai.sp.gov.br\/noticias\/wp-json\/wp\/v2\/types\/post"}],"author":[{"embeddable":true,"href":"https:\/\/jundiai.sp.gov.br\/noticias\/wp-json\/wp\/v2\/users\/71"}],"replies":[{"embeddable":true,"href":"https:\/\/jundiai.sp.gov.br\/noticias\/wp-json\/wp\/v2\/comments?post=268663"}],"version-history":[{"count":3,"href":"https:\/\/jundiai.sp.gov.br\/noticias\/wp-json\/wp\/v2\/posts\/268663\/revisions"}],"predecessor-version":[{"id":268671,"href":"https:\/\/jundiai.sp.gov.br\/noticias\/wp-json\/wp\/v2\/posts\/268663\/revisions\/268671"}],"wp:featuredmedia":[{"embeddable":true,"href":"https:\/\/jundiai.sp.gov.br\/noticias\/wp-json\/wp\/v2\/media\/268669"}],"wp:attachment":[{"href":"https:\/\/jundiai.sp.gov.br\/noticias\/wp-json\/wp\/v2\/media?parent=268663"}],"wp:term":[{"taxonomy":"category","embeddable":true,"href":"https:\/\/jundiai.sp.gov.br\/noticias\/wp-json\/wp\/v2\/categories?post=268663"},{"taxonomy":"post_tag","embeddable":true,"href":"https:\/\/jundiai.sp.gov.br\/noticias\/wp-json\/wp\/v2\/tags?post=268663"},{"taxonomy":"ods","embeddable":true,"href":"https:\/\/jundiai.sp.gov.br\/noticias\/wp-json\/wp\/v2\/ods?post=268663"}],"curies":[{"name":"wp","href":"https:\/\/api.w.org\/{rel}","templated":true}]}}