{"id":268708,"date":"2021-06-06T10:00:00","date_gmt":"2021-06-06T13:00:00","guid":{"rendered":"https:\/\/jundiai.sp.gov.br\/noticias\/?p=268708"},"modified":"2021-06-01T19:17:29","modified_gmt":"2021-06-01T22:17:29","slug":"grupos-de-gestantes-contam-com-apoio-da-tecnologia-em-jundiai","status":"publish","type":"post","link":"https:\/\/jundiai.sp.gov.br\/noticias\/2021\/06\/06\/grupos-de-gestantes-contam-com-apoio-da-tecnologia-em-jundiai\/","title":{"rendered":"Grupos de Gestantes contam com apoio da tecnologia em Jundia\u00ed"},"content":{"rendered":"\n<p>Implementar e ampliar o uso de tecnologia&nbsp; e colocar Jundia\u00ed cada vez mais como uma &#8216;smart city&#8217; faz parte das metas da gest\u00e3o do Prefeito Luiz Fernando Machado. Na Sa\u00fade, as a\u00e7\u00f5es planejadas est\u00e3o em avan\u00e7o na rede de Aten\u00e7\u00e3o B\u00e1sica da Unidade de Gest\u00e3o de Promo\u00e7\u00e3o da Sa\u00fade (UGPS) com a inclus\u00e3o da teleconsulta e dos grupos com encontros virtuais nos servi\u00e7os do munic\u00edpio. Exemplo \u00e9 a cria\u00e7\u00e3o do atendimento on-line para os grupos de gestantes, na Unidade B\u00e1sica de Sa\u00fade (UBS) Anhangaba\u00fa, que a partir de abril incluiu a modalidade no card\u00e1pio da equipe aos usu\u00e1rios.<\/p>\n\n\n\n<p>&#8220;A pandemia acelerou projetos de intensifica\u00e7\u00e3o do uso da tecnologia nos servi\u00e7os p\u00fablicos de Jundia\u00ed. A Sa\u00fade \u00e9 uma das \u00e1reas com o investimento espec\u00edfico, com o uso da telemedicina para agilizar exames e consultas, al\u00e9m do prontu\u00e1rio eletr\u00f4nico para os pacientes. Jundia\u00ed \u00e9 uma das 10 cidades mais inteligentes e conectadas do pa\u00eds, segundo a revista Exame&#8221;, comenta o prefeito Luiz Fernando Machado.<\/p>\n\n\n\n<p>Segundo Patr\u00edcia Motta, gerente da UBS Anhangaba\u00fa, mensalmente s\u00e3o atendidas em m\u00e9dia, 20 gestantes por equipe multidisciplinar, com m\u00e9dicos ginecologistas, enfermeiros, terapeutas ocupacionais, psic\u00f3logos, etc. &#8220;Os encontros dos grupos eram realizados de forma presencial. Com a chegada da pandemia, em mar\u00e7o de 2020, o modelo foi adequado para o sistema virtual&#8221;, explica.&nbsp; Os exames e os demais atendimentos do&nbsp; protocolo de pr\u00e9-natal permanecem sendo realizados normalmente.<\/p>\n\n\n\n<figure class=\"wp-block-image size-large\"><img loading=\"lazy\" decoding=\"async\" width=\"1280\" height=\"708\" src=\"https:\/\/jundiai.sp.gov.br\/noticias\/wp-content\/uploads\/sites\/32\/2021\/06\/captura-de-tela-2021-06-01-as-16-20-21.png\" alt=\"\" class=\"wp-image-269457\" srcset=\"https:\/\/jundiai.sp.gov.br\/noticias\/wp-content\/uploads\/sites\/32\/2021\/06\/captura-de-tela-2021-06-01-as-16-20-21.png 1280w, https:\/\/jundiai.sp.gov.br\/noticias\/wp-content\/uploads\/sites\/32\/2021\/06\/captura-de-tela-2021-06-01-as-16-20-21-300x166.png 300w, https:\/\/jundiai.sp.gov.br\/noticias\/wp-content\/uploads\/sites\/32\/2021\/06\/captura-de-tela-2021-06-01-as-16-20-21-768x425.png 768w\" sizes=\"auto, (max-width: 1280px) 100vw, 1280px\" \/><figcaption>Atividades realizadas de maneira virtual na UBS Anhangaba\u00fa auxiliam gestantes com atendimento complementar<\/figcaption><\/figure>\n\n\n\n<p>De acordo com a gerente, os atendimentos grupais, que ocorriam desde antes da pandemia com boa ader\u00eancia das pacientes, est\u00e3o suspensos desde mar\u00e7o de 2020, havendo apenas, atualmente, atendimentos individuais.<\/p>\n\n\n\n<p>Jana\u00edna Prado Natalino, 35 anos, dona de casa, e Carolini Vit\u00f3ria Gomes dos Passos, 19 anos, manicure, s\u00e3o pacientes da UBS Anhangaba\u00fa e durante a gesta\u00e7\u00e3o participaram de atividades virtuais, al\u00e9m das presenciais de pr\u00e9-natal. Para Jana\u00edna Prado, que ganhou sua filha no \u00faltimo dia 14 de maio no Hospital Universit\u00e1rio (HU), as consultas on-line eram elucidativas. &#8220;As consultas virtuais s\u00e3o boas e bem explicativas. As consultas p\u00f3s-parto na UBS j\u00e1 foram marcadas para eu e milha filha&#8221;, completa a paciente.<\/p>\n\n\n\n<p>Para Carolini, que tamb\u00e9m teve seu filho no HU h\u00e1 um m\u00eas, as consultas virtuais foram um diferencial. &#8220;Eu sou m\u00e3e de primeira viagem e todo o atendimento oferecido ajudou a tirar d\u00favidas e facilitar no cuidado com meu filho. O uso desses servi\u00e7os virtuais ajudam a nos organizar&#8221;, comenta.<\/p>\n\n\n\n<figure class=\"wp-block-image size-large\"><img loading=\"lazy\" decoding=\"async\" width=\"960\" height=\"640\" src=\"https:\/\/jundiai.sp.gov.br\/noticias\/wp-content\/uploads\/sites\/32\/2021\/06\/gestante1-2.jpg\" alt=\"\" class=\"wp-image-269473\" srcset=\"https:\/\/jundiai.sp.gov.br\/noticias\/wp-content\/uploads\/sites\/32\/2021\/06\/gestante1-2.jpg 960w, https:\/\/jundiai.sp.gov.br\/noticias\/wp-content\/uploads\/sites\/32\/2021\/06\/gestante1-2-300x200.jpg 300w, https:\/\/jundiai.sp.gov.br\/noticias\/wp-content\/uploads\/sites\/32\/2021\/06\/gestante1-2-768x512.jpg 768w, https:\/\/jundiai.sp.gov.br\/noticias\/wp-content\/uploads\/sites\/32\/2021\/06\/gestante1-2-450x300.jpg 450w\" sizes=\"auto, (max-width: 960px) 100vw, 960px\" \/><figcaption>Jana\u00edna Natalino teve o acompanhamento presencial e virtual durante a gesta\u00e7\u00e3o, com grupos de gestantes na UBS Anhangaba\u00fa<\/figcaption><\/figure>\n\n\n\n<p>Jundia\u00ed tem investido em inova\u00e7\u00e3o e tecnologia para todas as \u00e1reas da cidade, entre elas a Sa\u00fade, que, a partir deste ano, ampliar\u00e1 os complementos em teleatendimento e telediagn\u00f3stico para a Aten\u00e7\u00e3o B\u00e1sica, prontu\u00e1rio eletr\u00f4nico, todos com foco na amplia\u00e7\u00e3o da resolutividade dos servi\u00e7os e para facilitar o acesso da popula\u00e7\u00e3o. <\/p>\n\n\n\n<p>Em 2019, Jundia\u00ed foi destaque nacional em inova\u00e7\u00e3o com o modelo de atendimento implementado na Cl\u00ednica da Fam\u00edlia Novo Horizonte no Smart City Brazil Congress &amp; Expo. A cidade conta ainda com projetos para a implementa\u00e7\u00e3o de reconhecimento facial nas escolas, mais pontos de wi-fi nos parques e pra\u00e7as, al\u00e9m de mais de 200 c\u00e2meras de vigil\u00e2ncia e sem\u00e1foros inteligentes.<\/p>\n\n\n\n<p><strong>Assessoria de Imprensa<\/strong><\/p>\n","protected":false},"excerpt":{"rendered":"<p>Implementar e ampliar o uso de tecnologia&nbsp; e colocar Jundia\u00ed cada vez mais como uma &#8216;smart city&#8217; faz parte das metas da gest\u00e3o do Prefeito Luiz Fernando Machado. Na Sa\u00fade, as a\u00e7\u00f5es planejadas est\u00e3o em avan\u00e7o na rede de Aten\u00e7\u00e3o B\u00e1sica da Unidade de Gest\u00e3o de Promo\u00e7\u00e3o da Sa\u00fade (UGPS) com a inclus\u00e3o da teleconsulta [&hellip;]<\/p>\n","protected":false},"author":39,"featured_media":269475,"comment_status":"closed","ping_status":"closed","sticky":false,"template":"","format":"standard","meta":{"footnotes":""},"categories":[2],"tags":[2043,2045,1176,981,2044],"ods":[],"class_list":["post-268708","post","type-post","status-publish","format-standard","has-post-thumbnail","hentry","category-noticias","tag-gestacao","tag-grupos-de-gestantes","tag-prefeito-luiz-fernando-machado","tag-promocao-da-saude","tag-tecnologia-em-saude"],"_links":{"self":[{"href":"https:\/\/jundiai.sp.gov.br\/noticias\/wp-json\/wp\/v2\/posts\/268708","targetHints":{"allow":["GET"]}}],"collection":[{"href":"https:\/\/jundiai.sp.gov.br\/noticias\/wp-json\/wp\/v2\/posts"}],"about":[{"href":"https:\/\/jundiai.sp.gov.br\/noticias\/wp-json\/wp\/v2\/types\/post"}],"author":[{"embeddable":true,"href":"https:\/\/jundiai.sp.gov.br\/noticias\/wp-json\/wp\/v2\/users\/39"}],"replies":[{"embeddable":true,"href":"https:\/\/jundiai.sp.gov.br\/noticias\/wp-json\/wp\/v2\/comments?post=268708"}],"version-history":[{"count":24,"href":"https:\/\/jundiai.sp.gov.br\/noticias\/wp-json\/wp\/v2\/posts\/268708\/revisions"}],"predecessor-version":[{"id":269516,"href":"https:\/\/jundiai.sp.gov.br\/noticias\/wp-json\/wp\/v2\/posts\/268708\/revisions\/269516"}],"wp:featuredmedia":[{"embeddable":true,"href":"https:\/\/jundiai.sp.gov.br\/noticias\/wp-json\/wp\/v2\/media\/269475"}],"wp:attachment":[{"href":"https:\/\/jundiai.sp.gov.br\/noticias\/wp-json\/wp\/v2\/media?parent=268708"}],"wp:term":[{"taxonomy":"category","embeddable":true,"href":"https:\/\/jundiai.sp.gov.br\/noticias\/wp-json\/wp\/v2\/categories?post=268708"},{"taxonomy":"post_tag","embeddable":true,"href":"https:\/\/jundiai.sp.gov.br\/noticias\/wp-json\/wp\/v2\/tags?post=268708"},{"taxonomy":"ods","embeddable":true,"href":"https:\/\/jundiai.sp.gov.br\/noticias\/wp-json\/wp\/v2\/ods?post=268708"}],"curies":[{"name":"wp","href":"https:\/\/api.w.org\/{rel}","templated":true}]}}