{"id":269200,"date":"2021-05-29T14:16:00","date_gmt":"2021-05-29T17:16:00","guid":{"rendered":"https:\/\/jundiai.sp.gov.br\/noticias\/?p=269200"},"modified":"2021-05-28T16:47:32","modified_gmt":"2021-05-28T19:47:32","slug":"jundiai-feito-a-mao-ganha-feira-virtual-para-o-dia-dos-namorados","status":"publish","type":"post","link":"https:\/\/jundiai.sp.gov.br\/noticias\/2021\/05\/29\/jundiai-feito-a-mao-ganha-feira-virtual-para-o-dia-dos-namorados\/","title":{"rendered":"Jundia\u00ed Feito \u00e0 M\u00e3o ganha feira virtual para o Dia dos Namorados"},"content":{"rendered":"\n<p>Com o objetivo de ampliar a divulga\u00e7\u00e3o e incentivar as vendas de produtos artesanais, principalmente para o Dia dos Namorados, a Unidade de Gest\u00e3o de Agroneg\u00f3cio, Abastecimento e Turismo promove, de 7 a 11 de junho, a Feira Virtual do Jundia\u00ed Feito \u00e0 M\u00e3o.&nbsp;<\/p>\n\n\n\n<p>\u201cPara participar \u00e9 simples, basta acessar o link dispon\u00edvel na Bio do Instagram do projeto, o @jundiaifeitoamao, e entrar no grupo de WhatsApp. Nele somente administradores poder\u00e3o enviar mensagens. No per\u00edodo de 7 a 11 de junho os artes\u00e3os ir\u00e3o divulgar os produtos \u00e0 venda. Os interessados far\u00e3o o contato diretamente com o produtor para combinar pagamento e entrega\u201d, explica a diretora de Fomento ao Turismo, Marcela Moro.&nbsp;<\/p>\n\n\n\n<figure class=\"wp-block-image size-large is-resized\"><img loading=\"lazy\" decoding=\"async\" src=\"https:\/\/jundiai.sp.gov.br\/noticias\/wp-content\/uploads\/sites\/32\/2021\/05\/feira_artesanato_paco-22.jpg\" alt=\"Imagem mostra banca com exposi\u00e7\u00e3o de bijuterias (brincos coloridos) e m\u00e3o de molhar, com esmalte laranja apontando para um dos produtos\" class=\"wp-image-269201\" width=\"840\" height=\"559\" srcset=\"https:\/\/jundiai.sp.gov.br\/noticias\/wp-content\/uploads\/sites\/32\/2021\/05\/feira_artesanato_paco-22.jpg 1280w, https:\/\/jundiai.sp.gov.br\/noticias\/wp-content\/uploads\/sites\/32\/2021\/05\/feira_artesanato_paco-22-300x200.jpg 300w, https:\/\/jundiai.sp.gov.br\/noticias\/wp-content\/uploads\/sites\/32\/2021\/05\/feira_artesanato_paco-22-768x512.jpg 768w, https:\/\/jundiai.sp.gov.br\/noticias\/wp-content\/uploads\/sites\/32\/2021\/05\/feira_artesanato_paco-22-450x300.jpg 450w\" sizes=\"auto, (max-width: 840px) 100vw, 840px\" \/><figcaption>Feira Virtual vai aproximar o artes\u00e3o do consumidor<\/figcaption><\/figure>\n\n\n\n<p>Participam da Feira Virtual 25 artes\u00e3os com a comercializa\u00e7\u00e3o de produtos como bijuterias, mosaico, patchwork, sabonetes artesanais, pintura em tecido, entre outros.&nbsp;<\/p>\n\n\n\n<p>O Jundia\u00ed Feito \u00e0 M\u00e3o tem como principal objetivo fomentar a atividade artesanal local valorizando a cultura material do munic\u00edpio.<\/p>\n\n\n\n<p><strong>Assessoria de Imprensa<br>Fotos: Arquivos PMJ<\/strong><\/p>\n","protected":false},"excerpt":{"rendered":"<p>Com o objetivo de ampliar a divulga\u00e7\u00e3o e incentivar as vendas de produtos artesanais, principalmente para o Dia dos Namorados, a Unidade de Gest\u00e3o de Agroneg\u00f3cio, Abastecimento e Turismo promove, de 7 a 11 de junho, a Feira Virtual do Jundia\u00ed Feito \u00e0 M\u00e3o.&nbsp; \u201cPara participar \u00e9 simples, basta acessar o link dispon\u00edvel na Bio [&hellip;]<\/p>\n","protected":false},"author":70,"featured_media":269201,"comment_status":"closed","ping_status":"closed","sticky":false,"template":"","format":"standard","meta":{"footnotes":""},"categories":[2],"tags":[974,921,293],"ods":[],"class_list":["post-269200","post","type-post","status-publish","format-standard","has-post-thumbnail","hentry","category-noticias","tag-agronegocio-abastecimento-e-turismo","tag-artesanato","tag-jundiai-feito-a-mao"],"_links":{"self":[{"href":"https:\/\/jundiai.sp.gov.br\/noticias\/wp-json\/wp\/v2\/posts\/269200","targetHints":{"allow":["GET"]}}],"collection":[{"href":"https:\/\/jundiai.sp.gov.br\/noticias\/wp-json\/wp\/v2\/posts"}],"about":[{"href":"https:\/\/jundiai.sp.gov.br\/noticias\/wp-json\/wp\/v2\/types\/post"}],"author":[{"embeddable":true,"href":"https:\/\/jundiai.sp.gov.br\/noticias\/wp-json\/wp\/v2\/users\/70"}],"replies":[{"embeddable":true,"href":"https:\/\/jundiai.sp.gov.br\/noticias\/wp-json\/wp\/v2\/comments?post=269200"}],"version-history":[{"count":2,"href":"https:\/\/jundiai.sp.gov.br\/noticias\/wp-json\/wp\/v2\/posts\/269200\/revisions"}],"predecessor-version":[{"id":269217,"href":"https:\/\/jundiai.sp.gov.br\/noticias\/wp-json\/wp\/v2\/posts\/269200\/revisions\/269217"}],"wp:featuredmedia":[{"embeddable":true,"href":"https:\/\/jundiai.sp.gov.br\/noticias\/wp-json\/wp\/v2\/media\/269201"}],"wp:attachment":[{"href":"https:\/\/jundiai.sp.gov.br\/noticias\/wp-json\/wp\/v2\/media?parent=269200"}],"wp:term":[{"taxonomy":"category","embeddable":true,"href":"https:\/\/jundiai.sp.gov.br\/noticias\/wp-json\/wp\/v2\/categories?post=269200"},{"taxonomy":"post_tag","embeddable":true,"href":"https:\/\/jundiai.sp.gov.br\/noticias\/wp-json\/wp\/v2\/tags?post=269200"},{"taxonomy":"ods","embeddable":true,"href":"https:\/\/jundiai.sp.gov.br\/noticias\/wp-json\/wp\/v2\/ods?post=269200"}],"curies":[{"name":"wp","href":"https:\/\/api.w.org\/{rel}","templated":true}]}}