{"id":269252,"date":"2021-05-29T12:41:54","date_gmt":"2021-05-29T15:41:54","guid":{"rendered":"https:\/\/jundiai.sp.gov.br\/noticias\/?p=269252"},"modified":"2021-05-29T12:46:46","modified_gmt":"2021-05-29T15:46:46","slug":"sabado-e-dia-de-vacinacao-e-solidariedade-em-jundiai","status":"publish","type":"post","link":"https:\/\/jundiai.sp.gov.br\/noticias\/2021\/05\/29\/sabado-e-dia-de-vacinacao-e-solidariedade-em-jundiai\/","title":{"rendered":"S\u00e1bado \u00e9 dia de vacina\u00e7\u00e3o e solidariedade em Jundia\u00ed"},"content":{"rendered":"\n<p>O s\u00e1bado (29) em Jundia\u00ed foi de vacina\u00e7\u00e3o contra a Covid-19. A Prefeitura de Jundia\u00ed, por meio da Unidade de Gest\u00e3o de Promo\u00e7\u00e3o de Sa\u00fade, organizou oito postos de vacina\u00e7\u00e3o e disponibilizou 6.410 doses para primeira e segunda dose do imunizante.<\/p>\n\n\n\n<p>Rafael Ferlim, 42 anos e hipertenso, aproveitou a ida ao Centro Esportivo Aramis Polli e, al\u00e9m de ser vacinado, tamb\u00e9m fez doa\u00e7\u00e3o de alimentos n\u00e3o perec\u00edveis. \u201cAjudar o pr\u00f3ximo e a quem precisa \u00e9 importante\u201d, afirmou ele sobre o ato solid\u00e1rio. Ele ainda complementou a respeito da imuniza\u00e7\u00e3o \u201ca vacina \u00e9 vida\u201d.<\/p>\n\n\n\n<figure class=\"wp-block-image size-large\"><img loading=\"lazy\" decoding=\"async\" width=\"1280\" height=\"853\" src=\"https:\/\/jundiai.sp.gov.br\/noticias\/wp-content\/uploads\/sites\/32\/2021\/05\/vacinacao_covid_40_comorbidades-12.jpg\" alt=\"\" class=\"wp-image-269259\" srcset=\"https:\/\/jundiai.sp.gov.br\/noticias\/wp-content\/uploads\/sites\/32\/2021\/05\/vacinacao_covid_40_comorbidades-12.jpg 1280w, https:\/\/jundiai.sp.gov.br\/noticias\/wp-content\/uploads\/sites\/32\/2021\/05\/vacinacao_covid_40_comorbidades-12-300x200.jpg 300w, https:\/\/jundiai.sp.gov.br\/noticias\/wp-content\/uploads\/sites\/32\/2021\/05\/vacinacao_covid_40_comorbidades-12-768x512.jpg 768w, https:\/\/jundiai.sp.gov.br\/noticias\/wp-content\/uploads\/sites\/32\/2021\/05\/vacinacao_covid_40_comorbidades-12-450x300.jpg 450w\" sizes=\"auto, (max-width: 1280px) 100vw, 1280px\" \/><figcaption>Rafael recebeu a primeira dose da vacina e fez sua doa\u00e7\u00e3o para a Campanha Vacina\u00e7\u00e3o Solid\u00e1ria<\/figcaption><\/figure>\n\n\n\n<p>Na Nova UBS do Jardim do Lago, a auxiliar de enfermagem veterin\u00e1ria, Rubia Mingotti, de 36 anos, comemorou o momento da vacina com o filho Gabriel nos bra\u00e7os. \u201cEu estou amamentando o Gabriel e a vacina significa al\u00edvio e tranquilidade. \u00c9 uma prote\u00e7\u00e3o para mim e para ele\u201d, afirmou com alegria.<\/p>\n\n\n\n<p>Os oito postos foram destinados a diversos p\u00fablicos, que realizaram o agendamento pr\u00e9vio: primeira dose da vacina para pessoas com comorbidades a partir de 45 e 40 anos, trabalhadores de servi\u00e7os de apoio de estabelecimento de sa\u00fade a partir de 30 anos, profissionais de sa\u00fade com registro ativo a partir de 30 anos, estudantes da \u00e1rea de sa\u00fade em est\u00e1gio em institui\u00e7\u00f5es de sa\u00fade a partir de 18 anos. Os idosos a partir de 80 anos recebem a segunda dose do imunizante.<\/p>\n\n\n\n<figure class=\"wp-block-image size-large\"><img loading=\"lazy\" decoding=\"async\" width=\"1280\" height=\"853\" src=\"https:\/\/jundiai.sp.gov.br\/noticias\/wp-content\/uploads\/sites\/32\/2021\/05\/vacinacao_covid_jardim_do_lago_profissionais_saude-14.jpg\" alt=\"\" class=\"wp-image-269260\" srcset=\"https:\/\/jundiai.sp.gov.br\/noticias\/wp-content\/uploads\/sites\/32\/2021\/05\/vacinacao_covid_jardim_do_lago_profissionais_saude-14.jpg 1280w, https:\/\/jundiai.sp.gov.br\/noticias\/wp-content\/uploads\/sites\/32\/2021\/05\/vacinacao_covid_jardim_do_lago_profissionais_saude-14-300x200.jpg 300w, https:\/\/jundiai.sp.gov.br\/noticias\/wp-content\/uploads\/sites\/32\/2021\/05\/vacinacao_covid_jardim_do_lago_profissionais_saude-14-768x512.jpg 768w, https:\/\/jundiai.sp.gov.br\/noticias\/wp-content\/uploads\/sites\/32\/2021\/05\/vacinacao_covid_jardim_do_lago_profissionais_saude-14-450x300.jpg 450w\" sizes=\"auto, (max-width: 1280px) 100vw, 1280px\" \/><figcaption>Rubia amamenta o filho Gabriel: &#8220;A vacina \u00e9 uma prote\u00e7\u00e3o para n\u00f3s dois&#8221;<\/figcaption><\/figure>\n\n\n\n<p>Pessoas com comorbidades a partir de 40 anos e idosos a partir de 80 anos, que tomaram a primeira dose da vacina Oxford\/AstraZeneca no dia 06\/03 ainda podem realizar o agendamento da vacina contra a COVID-19 no <a href=\"https:\/\/vacina.jundiai.sp.gov.br\/agendamento\/?rand=857565147512\">site <\/a>e APP da Prefeitura. <\/p>\n\n\n\n<p>Os postos de vacina\u00e7\u00e3o recebem doa\u00e7\u00f5es de alimentos n\u00e3o perec\u00edveis para a Campanha Vacina\u00e7\u00e3o Solid\u00e1ria, que s\u00e3o destinadas para as institui\u00e7\u00f5es cadastradas no Fundo Social e para a Unidade de Gest\u00e3o de Assist\u00eancia e Desenvolvimento Social (UGADS), da Prefeitura de Jundia\u00ed, que faz o atendimento direto ao mun\u00edcipe em vulnerabilidade.\u00a0<\/p>\n\n\n\n<p>A \u2018Vacina\u00e7\u00e3o Solid\u00e1ria\u2019 tem apoio da Rede Jundia\u00ed de Coopera\u00e7\u00e3o, vinculada \u00e0 Unidade de Governo e Finan\u00e7as (UGGF), e outras Unidades de Gest\u00e3o da Prefeitura de Jundia\u00ed, al\u00e9m da rede Tauste Supermercados, que emprestou carrinhos met\u00e1licos para apoio direto nos pontos de vacina\u00e7\u00e3o de Jundia\u00ed. Os endere\u00e7os dos pontos de imuniza\u00e7\u00e3o est\u00e3o dispon\u00edveis&nbsp;<a href=\"https:\/\/jundiai.sp.gov.br\/coronavirus\/vacinacao-covid-19\/\">no site da Prefeitura de Jundia\u00ed<\/a>. Informa\u00e7\u00f5es: (11) 4521-2762, 4521-2929 e 4521-6833.<\/p>\n\n\n\n<p><br><strong>Assessoria de Imprensa<br>Fotos: Fot\u00f3grafos PMJ<\/strong><\/p>\n","protected":false},"excerpt":{"rendered":"<p>O s\u00e1bado (29) em Jundia\u00ed foi de vacina\u00e7\u00e3o contra a Covid-19. A Prefeitura de Jundia\u00ed, por meio da Unidade de Gest\u00e3o de Promo\u00e7\u00e3o de Sa\u00fade, organizou oito postos de vacina\u00e7\u00e3o e disponibilizou 6.410 doses para primeira e segunda dose do imunizante. Rafael Ferlim, 42 anos e hipertenso, aproveitou a ida ao Centro Esportivo Aramis Polli [&hellip;]<\/p>\n","protected":false},"author":70,"featured_media":269259,"comment_status":"closed","ping_status":"closed","sticky":false,"template":"","format":"standard","meta":{"footnotes":""},"categories":[2],"tags":[1500,1607,3,421,1835],"ods":[],"class_list":["post-269252","post","type-post","status-publish","format-standard","has-post-thumbnail","hentry","category-noticias","tag-coronavirus","tag-covid-19","tag-saude","tag-vacinacao","tag-vacinacao-solidaria"],"_links":{"self":[{"href":"https:\/\/jundiai.sp.gov.br\/noticias\/wp-json\/wp\/v2\/posts\/269252","targetHints":{"allow":["GET"]}}],"collection":[{"href":"https:\/\/jundiai.sp.gov.br\/noticias\/wp-json\/wp\/v2\/posts"}],"about":[{"href":"https:\/\/jundiai.sp.gov.br\/noticias\/wp-json\/wp\/v2\/types\/post"}],"author":[{"embeddable":true,"href":"https:\/\/jundiai.sp.gov.br\/noticias\/wp-json\/wp\/v2\/users\/70"}],"replies":[{"embeddable":true,"href":"https:\/\/jundiai.sp.gov.br\/noticias\/wp-json\/wp\/v2\/comments?post=269252"}],"version-history":[{"count":8,"href":"https:\/\/jundiai.sp.gov.br\/noticias\/wp-json\/wp\/v2\/posts\/269252\/revisions"}],"predecessor-version":[{"id":269263,"href":"https:\/\/jundiai.sp.gov.br\/noticias\/wp-json\/wp\/v2\/posts\/269252\/revisions\/269263"}],"wp:featuredmedia":[{"embeddable":true,"href":"https:\/\/jundiai.sp.gov.br\/noticias\/wp-json\/wp\/v2\/media\/269259"}],"wp:attachment":[{"href":"https:\/\/jundiai.sp.gov.br\/noticias\/wp-json\/wp\/v2\/media?parent=269252"}],"wp:term":[{"taxonomy":"category","embeddable":true,"href":"https:\/\/jundiai.sp.gov.br\/noticias\/wp-json\/wp\/v2\/categories?post=269252"},{"taxonomy":"post_tag","embeddable":true,"href":"https:\/\/jundiai.sp.gov.br\/noticias\/wp-json\/wp\/v2\/tags?post=269252"},{"taxonomy":"ods","embeddable":true,"href":"https:\/\/jundiai.sp.gov.br\/noticias\/wp-json\/wp\/v2\/ods?post=269252"}],"curies":[{"name":"wp","href":"https:\/\/api.w.org\/{rel}","templated":true}]}}