{"id":269277,"date":"2021-05-30T18:31:24","date_gmt":"2021-05-30T21:31:24","guid":{"rendered":"https:\/\/jundiai.sp.gov.br\/noticias\/?p=269277"},"modified":"2021-05-30T18:33:53","modified_gmt":"2021-05-30T21:33:53","slug":"boletim-informacoes-sobre-chuva-e-granizo","status":"publish","type":"post","link":"https:\/\/jundiai.sp.gov.br\/noticias\/2021\/05\/30\/boletim-informacoes-sobre-chuva-e-granizo\/","title":{"rendered":"Boletim &#8211; Informa\u00e7\u00f5es sobre chuva e granizo"},"content":{"rendered":"\n<p>Na tarde deste domingo (30), Jundia\u00ed foi acometida por uma chuva generalizada, acompanhada de vento e registro de granizo em diversos pontos da cidade. Os pluvi\u00f4metros da Defesa Civil, localizados na regi\u00e3o da Vila Graff, pr\u00f3ximos ao rio Jundia\u00ed, registraram 13.4 mil\u00edmetros; na regi\u00e3o do Santa Gertrudes &#8211; 8.4 mil\u00edmetros, regi\u00e3o do Jardim Florestal &#8211; 6.4 mil\u00edmetros e Fazenda Grande &#8211; 1 mil\u00edmetro.<\/p>\n\n\n\n<p>Ap\u00f3s o epis\u00f3dio meteorol\u00f3gico, foram registradas nove quedas de \u00e1rvores na regi\u00e3o da Rua do Retiro, Rua Bom Jesus de Pirapora, regi\u00e3o dos bairros \u00c1gua Doce, Jardim Paulista, Jardim Ermida e Jardim Pacaembu, que est\u00e3o sendo removidas pelas equipes da Unidade de Gest\u00e3o de Infraestrutura e Servi\u00e7os P\u00fablicos.&nbsp;<\/p>\n\n\n\n<p>A Unidade de Gest\u00e3o de Mobilidade e Tr\u00e2nsito sinalizou a avenida Antonio Pincinato, na regi\u00e3o do Eloy Chaves, devido ao volume de \u00e1gua na via, assim como sem\u00e1foros nas proximidades das avenidas Jundia\u00ed e Nove de Julho que est\u00e3o desligados por falta de energia.&nbsp;<\/p>\n\n\n\n<p>A Unidade de Gest\u00e3o de Agroneg\u00f3cio, Abastecimento e Turismo informa que foram registrados danos em produ\u00e7\u00e3o rural nas regi\u00f5es do Medeiros e da Malota.<\/p>\n\n\n\n<p>A Defesa Civil realiza vistoria, avalia\u00e7\u00e3o estrutural e entrega de lonas para prote\u00e7\u00e3o dos telhados de aproximadamente 20 im\u00f3veis que sofreram avarias na regi\u00e3o do Jardim Guanabara, Vila Alvorada&nbsp; e Gramad\u00e3o.<\/p>\n\n\n\n<p>Em caso de ocorr\u00eancias em virtude da chuva e granizo, a Defesa Civil pode ser contatada pelos telefones 199 ou (11) 4586-0666. O \u00f3rg\u00e3o orienta que em caso de fortes chuvas, ventos e descargas el\u00e9tricas as pessoas evitem sair de casa e desliguem aparelhos das tomadas. Quem estiver no tr\u00e2nsito ou na rua, deve procurar abrigo em locais seguros.<\/p>\n\n\n\n<p>Todo mun\u00edcipe tamb\u00e9m pode cadastrar seu celular, gratuitamente, para receber alertas meteorol\u00f3gicos da Defesa Civil via SMS. Os interessados devem enviar um SMS para o n\u00famero 40199 com o C\u00f3digo de Endere\u00e7amento Postal (CEP) de interesse.<\/p>\n\n\n\n<p>(Informa\u00e7\u00f5es atualizadas \u00e0s 18 horas de 30\/05\/2021).<\/p>\n\n\n\n<p><strong>Assessoria de Imprensa<\/strong><\/p>\n","protected":false},"excerpt":{"rendered":"<p>Na tarde deste domingo (30), Jundia\u00ed foi acometida por uma chuva generalizada, acompanhada de vento e registro de granizo em diversos pontos da cidade. Os pluvi\u00f4metros da Defesa Civil, localizados na regi\u00e3o da Vila Graff, pr\u00f3ximos ao rio Jundia\u00ed, registraram 13.4 mil\u00edmetros; na regi\u00e3o do Santa Gertrudes &#8211; 8.4 mil\u00edmetros, regi\u00e3o do Jardim Florestal &#8211; [&hellip;]<\/p>\n","protected":false},"author":70,"featured_media":259005,"comment_status":"closed","ping_status":"closed","sticky":false,"template":"","format":"standard","meta":{"footnotes":""},"categories":[2],"tags":[1457,1768,34,2028],"ods":[],"class_list":["post-269277","post","type-post","status-publish","format-standard","has-post-thumbnail","hentry","category-noticias","tag-boletim-meteorologico","tag-chuva","tag-defesa-civil","tag-granizo"],"_links":{"self":[{"href":"https:\/\/jundiai.sp.gov.br\/noticias\/wp-json\/wp\/v2\/posts\/269277","targetHints":{"allow":["GET"]}}],"collection":[{"href":"https:\/\/jundiai.sp.gov.br\/noticias\/wp-json\/wp\/v2\/posts"}],"about":[{"href":"https:\/\/jundiai.sp.gov.br\/noticias\/wp-json\/wp\/v2\/types\/post"}],"author":[{"embeddable":true,"href":"https:\/\/jundiai.sp.gov.br\/noticias\/wp-json\/wp\/v2\/users\/70"}],"replies":[{"embeddable":true,"href":"https:\/\/jundiai.sp.gov.br\/noticias\/wp-json\/wp\/v2\/comments?post=269277"}],"version-history":[{"count":1,"href":"https:\/\/jundiai.sp.gov.br\/noticias\/wp-json\/wp\/v2\/posts\/269277\/revisions"}],"predecessor-version":[{"id":269278,"href":"https:\/\/jundiai.sp.gov.br\/noticias\/wp-json\/wp\/v2\/posts\/269277\/revisions\/269278"}],"wp:featuredmedia":[{"embeddable":true,"href":"https:\/\/jundiai.sp.gov.br\/noticias\/wp-json\/wp\/v2\/media\/259005"}],"wp:attachment":[{"href":"https:\/\/jundiai.sp.gov.br\/noticias\/wp-json\/wp\/v2\/media?parent=269277"}],"wp:term":[{"taxonomy":"category","embeddable":true,"href":"https:\/\/jundiai.sp.gov.br\/noticias\/wp-json\/wp\/v2\/categories?post=269277"},{"taxonomy":"post_tag","embeddable":true,"href":"https:\/\/jundiai.sp.gov.br\/noticias\/wp-json\/wp\/v2\/tags?post=269277"},{"taxonomy":"ods","embeddable":true,"href":"https:\/\/jundiai.sp.gov.br\/noticias\/wp-json\/wp\/v2\/ods?post=269277"}],"curies":[{"name":"wp","href":"https:\/\/api.w.org\/{rel}","templated":true}]}}