{"id":269365,"date":"2021-06-01T10:45:56","date_gmt":"2021-06-01T13:45:56","guid":{"rendered":"https:\/\/jundiai.sp.gov.br\/noticias\/?p=269365"},"modified":"2021-06-01T10:45:56","modified_gmt":"2021-06-01T13:45:56","slug":"reuniao-semanal-de-plataformas-realiza-monitoramento-dos-projetos-prioritarios-do-governo","status":"publish","type":"post","link":"https:\/\/jundiai.sp.gov.br\/noticias\/2021\/06\/01\/reuniao-semanal-de-plataformas-realiza-monitoramento-dos-projetos-prioritarios-do-governo\/","title":{"rendered":"Reuni\u00e3o semanal de plataformas realiza monitoramento dos projetos priorit\u00e1rios do governo"},"content":{"rendered":"\n<p>A Unidade de Gest\u00e3o de Governo e Finan\u00e7as realizou, nesta segunda-feira (31), mais uma reuni\u00e3o para monitorar o andamento das obras e projetos priorit\u00e1rios do governo municipal. Muitos deles est\u00e3o em fase de conclus\u00e3o e devem ser entregues ainda este ano para os mun\u00edcipes. A reuni\u00e3o foi conduzida pelo gestor de Governo e Finan\u00e7as, Jos\u00e9 Antonio Parimoschi, e contou com gestores e t\u00e9cnicos das unidades de Educa\u00e7\u00e3o, Sa\u00fade, Cultura, Esporte e Lazer, Assist\u00eancia e Desenvolvimento Social, Seguran\u00e7a Municipal e Infraestrutura e Servi\u00e7os P\u00fablicos.&nbsp;<\/p>\n\n\n\n<p>Na pr\u00f3xima semana ser\u00e3o monitorados os projetos das pastas de Infraestrutura e Servi\u00e7os P\u00fablicos, Mobilidade e Transportes, Planejamento Urbano e Meio Ambiente, Agricultura, Abastecimento e Turismo e Desenvolvimento Econ\u00f4mico.&nbsp;<\/p>\n\n\n\n<figure class=\"wp-block-image size-large\"><img loading=\"lazy\" decoding=\"async\" width=\"1280\" height=\"721\" src=\"https:\/\/jundiai.sp.gov.br\/noticias\/wp-content\/uploads\/sites\/32\/2021\/06\/reuniao3-1280x721.png\" alt=\"reuni\u00e3o virtual de gestores\" class=\"wp-image-269367\" srcset=\"https:\/\/jundiai.sp.gov.br\/noticias\/wp-content\/uploads\/sites\/32\/2021\/06\/reuniao3-1280x721.png 1280w, https:\/\/jundiai.sp.gov.br\/noticias\/wp-content\/uploads\/sites\/32\/2021\/06\/reuniao3-300x169.png 300w, https:\/\/jundiai.sp.gov.br\/noticias\/wp-content\/uploads\/sites\/32\/2021\/06\/reuniao3-768x432.png 768w, https:\/\/jundiai.sp.gov.br\/noticias\/wp-content\/uploads\/sites\/32\/2021\/06\/reuniao3.png 1323w\" sizes=\"auto, (max-width: 1280px) 100vw, 1280px\" \/><figcaption>Reuni\u00e3o virtual contou com diversos gestores e t\u00e9cnicos e ocorreu sempre no in\u00edcio da semana<\/figcaption><\/figure>\n\n\n\n<p>\u201cComo j\u00e1 \u00e9 praxe, come\u00e7amos a semana monitorando a situa\u00e7\u00e3o de cada obra e projeto priorit\u00e1rio da Prefeitura. N\u00e3o existe entrega sem planejamento e sem monitoramento do projeto. Essa metodologia de gerenciamento de projetos garante a entrega de melhores resultados para a popula\u00e7\u00e3o\u201d, explica Parimoschi. \u201cTrabalhamos em plataformas, com as unidades de gest\u00e3o atuando de forma intersetorial, o que agiliza os trabalhos. Essa j\u00e1 \u00e9 uma marca de inova\u00e7\u00e3o da gest\u00e3o Luiz Fernando Machado.\u201d<\/p>\n\n\n\n<p>O pr\u00f3prio prefeito esteve, nesta segunda-feira (31), fazendo uma visita \u00e0s obras de constru\u00e7\u00e3o dos equipamentos Cl\u00ednica da Fam\u00edlia e Unidade de Pronto Atendimento da Ponte S\u00e3o Jo\u00e3o. O pr\u00e9dio tem quase tr\u00eas mil metros quadrados de constru\u00e7\u00e3o e ser\u00e1 o maior equipamento neste modelo de atendimento resolutivo na cidade. Seu atendimento ser\u00e1 direcionado a 100 mil pessoas, com consultas cl\u00ednicas e de especialidades, al\u00e9m de exames.<\/p>\n\n\n\n<p>\u201cA excel\u00eancia de nossos equipamentos p\u00fablicos deve muito \u00e0 sinergia no trabalho de diferentes plataformas de gest\u00e3o. De nada adianta ter Sa\u00fade de qualidade se a infraestrutura n\u00e3o acompanha\u201d, declara o prefeito. \u201cNa Ponte S\u00e3o Jo\u00e3o, a Cl\u00ednica da Fam\u00edlia e a Unidade de Pronto Atendimento formam um complexo de Sa\u00fade que re\u00fane a Aten\u00e7\u00e3o B\u00e1sica e a Urg\u00eancia e Emerg\u00eancia num \u00fanico pr\u00e9dio, promovendo a resolutividade \u00e0 popula\u00e7\u00e3o, sem a necessidade de deslocamentos, com exames de diagn\u00f3stico e consultas com especialistas.\u201d<\/p>\n\n\n\n<figure class=\"wp-block-image size-large\"><img loading=\"lazy\" decoding=\"async\" width=\"1280\" height=\"853\" src=\"https:\/\/jundiai.sp.gov.br\/noticias\/wp-content\/uploads\/sites\/32\/2021\/06\/fiscalizacao_upa_ponte_sao_joao-424.jpg\" alt=\"Prefeito Luiz Fernando e vice Gustavo Martinelli visitam obras da Cl\u00ednica da Fam\u00edlia e Unidade de Pronto Atendimento da Ponte S\u00e3o Jo\u00e3o\" class=\"wp-image-269368\" srcset=\"https:\/\/jundiai.sp.gov.br\/noticias\/wp-content\/uploads\/sites\/32\/2021\/06\/fiscalizacao_upa_ponte_sao_joao-424.jpg 1280w, https:\/\/jundiai.sp.gov.br\/noticias\/wp-content\/uploads\/sites\/32\/2021\/06\/fiscalizacao_upa_ponte_sao_joao-424-300x200.jpg 300w, https:\/\/jundiai.sp.gov.br\/noticias\/wp-content\/uploads\/sites\/32\/2021\/06\/fiscalizacao_upa_ponte_sao_joao-424-768x512.jpg 768w, https:\/\/jundiai.sp.gov.br\/noticias\/wp-content\/uploads\/sites\/32\/2021\/06\/fiscalizacao_upa_ponte_sao_joao-424-450x300.jpg 450w\" sizes=\"auto, (max-width: 1280px) 100vw, 1280px\" \/><figcaption>Prefeito Luiz Fernando e vice Gustavo Martinelli visitam obras da Cl\u00ednica da Fam\u00edlia e Unidade de Pronto Atendimento da Ponte S\u00e3o Jo\u00e3o<\/figcaption><\/figure>\n\n\n\n<p>Na \u00e1rea da Sa\u00fade, a reuni\u00e3o de plataformas abordou outras obras de Sa\u00fade, como a Cl\u00ednica da Fam\u00edlia e o Pronto Atendimento da Vila Hortol\u00e2ndia, que est\u00e1 prestes a ser conclu\u00edda, aguardando a instala\u00e7\u00e3o do sistema de ar condicionado. No mesmo bairro, foi colocada em discuss\u00e3o a obra da Casa de Apoio, que servir\u00e1 aos profissionais de sa\u00fade da mesma Cl\u00ednica da Fam\u00edlia e do PA, ainda em andamento. Tamb\u00e9m foi abordada a implanta\u00e7\u00e3o das UBSs S\u00e3o Camilo e Agapeama, ambas em est\u00e1gios bem adiantados.<\/p>\n\n\n\n<p><strong>Outras unidades<\/strong><br>Na \u00e1rea de Educa\u00e7\u00e3o, a obra da EMEB Professor Joaquim Candel\u00e1rio de Freitas, na Vila Hortol\u00e2ndia, foi colocada em pauta. Com 85% de sua estrutura conclu\u00edda, o espa\u00e7o ainda precisa receber elevador e gradil. \u201cPor causa da pandemia, a empresa contratada para fazer a obra tem dificuldades na aquisi\u00e7\u00e3o de muitos materiais utilizados na constru\u00e7\u00e3o, por conta da pandemia, o que tem causado atrasos na entrega\u201d, explicou a gestora de Educa\u00e7\u00e3o, Vasti Ferrari Marques. \u201c\u00c9 importante que pais e alunos que aguardam essa entrega tenham conhecimento dessa quest\u00e3o.\u201d<\/p>\n\n\n\n<p>Outra obra praticamente pronta \u00e9 a dos novos vesti\u00e1rios e cobertura da arquibancada da piscina do Bol\u00e3o, abordada pelo gestor de Esporte e Lazer, Lu\u00eds Claudio Tarallo. Na \u00e1rea de Assist\u00eancia e Desenvolvimento Social, a implanta\u00e7\u00e3o da nova sede da casa de passagem tamb\u00e9m aguarda a instala\u00e7\u00e3o de gradis e de acabamento para ser entregue \u00e0 popula\u00e7\u00e3o.<\/p>\n\n\n\n<p>A Unidade de Gest\u00e3o da Seguran\u00e7a Municipal apresentou o est\u00e1gio do projeto de implanta\u00e7\u00e3o da nova Central de Urg\u00eancia e Emerg\u00eancia (Guarda Municipal, SAMU\/SAEC e Defesa Civil), que est\u00e1 prestes a iniciar a licita\u00e7\u00e3o para contrata\u00e7\u00e3o da obra, bem como informou o in\u00edcio da constru\u00e7\u00e3o da Inspetoria e Canil da Guarda Municipal na Regi\u00e3o do Medeiros.&nbsp;<\/p>\n\n\n\n<p><strong>Assessoria de Imprensa<\/strong><\/p>\n","protected":false},"excerpt":{"rendered":"<p>A Unidade de Gest\u00e3o de Governo e Finan\u00e7as realizou, nesta segunda-feira (31), mais uma reuni\u00e3o para monitorar o andamento das obras e projetos priorit\u00e1rios do governo municipal. Muitos deles est\u00e3o em fase de conclus\u00e3o e devem ser entregues ainda este ano para os mun\u00edcipes. A reuni\u00e3o foi conduzida pelo gestor de Governo e Finan\u00e7as, Jos\u00e9 [&hellip;]<\/p>\n","protected":false},"author":71,"featured_media":269367,"comment_status":"closed","ping_status":"closed","sticky":false,"template":"","format":"standard","meta":{"footnotes":""},"categories":[2],"tags":[2037,983,347,1303,2036,1585,3],"ods":[],"class_list":["post-269365","post","type-post","status-publish","format-standard","has-post-thumbnail","hentry","category-noticias","tag-esporte","tag-governo-e-financas","tag-obras","tag-projetos","tag-projetos-prioriatio","tag-reuniao-de-plataforma","tag-saude"],"_links":{"self":[{"href":"https:\/\/jundiai.sp.gov.br\/noticias\/wp-json\/wp\/v2\/posts\/269365","targetHints":{"allow":["GET"]}}],"collection":[{"href":"https:\/\/jundiai.sp.gov.br\/noticias\/wp-json\/wp\/v2\/posts"}],"about":[{"href":"https:\/\/jundiai.sp.gov.br\/noticias\/wp-json\/wp\/v2\/types\/post"}],"author":[{"embeddable":true,"href":"https:\/\/jundiai.sp.gov.br\/noticias\/wp-json\/wp\/v2\/users\/71"}],"replies":[{"embeddable":true,"href":"https:\/\/jundiai.sp.gov.br\/noticias\/wp-json\/wp\/v2\/comments?post=269365"}],"version-history":[{"count":3,"href":"https:\/\/jundiai.sp.gov.br\/noticias\/wp-json\/wp\/v2\/posts\/269365\/revisions"}],"predecessor-version":[{"id":269371,"href":"https:\/\/jundiai.sp.gov.br\/noticias\/wp-json\/wp\/v2\/posts\/269365\/revisions\/269371"}],"wp:featuredmedia":[{"embeddable":true,"href":"https:\/\/jundiai.sp.gov.br\/noticias\/wp-json\/wp\/v2\/media\/269367"}],"wp:attachment":[{"href":"https:\/\/jundiai.sp.gov.br\/noticias\/wp-json\/wp\/v2\/media?parent=269365"}],"wp:term":[{"taxonomy":"category","embeddable":true,"href":"https:\/\/jundiai.sp.gov.br\/noticias\/wp-json\/wp\/v2\/categories?post=269365"},{"taxonomy":"post_tag","embeddable":true,"href":"https:\/\/jundiai.sp.gov.br\/noticias\/wp-json\/wp\/v2\/tags?post=269365"},{"taxonomy":"ods","embeddable":true,"href":"https:\/\/jundiai.sp.gov.br\/noticias\/wp-json\/wp\/v2\/ods?post=269365"}],"curies":[{"name":"wp","href":"https:\/\/api.w.org\/{rel}","templated":true}]}}