{"id":269606,"date":"2021-06-03T09:02:00","date_gmt":"2021-06-03T12:02:00","guid":{"rendered":"https:\/\/jundiai.sp.gov.br\/noticias\/?p=269606"},"modified":"2021-06-02T21:50:19","modified_gmt":"2021-06-03T00:50:19","slug":"clube-dos-surdos-comemora-50-anos-com-transmissao-ao-vivo","status":"publish","type":"post","link":"https:\/\/jundiai.sp.gov.br\/noticias\/2021\/06\/03\/clube-dos-surdos-comemora-50-anos-com-transmissao-ao-vivo\/","title":{"rendered":"Clube dos Surdos comemora 50 anos com transmiss\u00e3o ao vivo"},"content":{"rendered":"\n<p>A Associa\u00e7\u00e3o e Clube dos Surdos de Jundia\u00ed realizou, na noite desta quarta-feira (2), uma transmiss\u00e3o ao vivo para a comemora\u00e7\u00e3o de seu \u201cJubileu de Ouro\u201d, com 50 anos de funda\u00e7\u00e3o da institui\u00e7\u00e3o. O evento virtual contou com a participa\u00e7\u00e3o do prefeito de Jundia\u00ed, Luiz Fernando Machado, e teve o objetivo de conscientizar e mobilizar pessoas quanto \u00e0 necessidade de ter uma associa\u00e7\u00e3o voltada aos surdos.<\/p>\n\n\n\n<figure class=\"wp-block-image size-large\"><img loading=\"lazy\" decoding=\"async\" width=\"902\" height=\"505\" src=\"https:\/\/jundiai.sp.gov.br\/noticias\/wp-content\/uploads\/sites\/32\/2021\/06\/clube-dos-surdos-50-3-1.jpg\" alt=\"\" class=\"wp-image-269608\" srcset=\"https:\/\/jundiai.sp.gov.br\/noticias\/wp-content\/uploads\/sites\/32\/2021\/06\/clube-dos-surdos-50-3-1.jpg 902w, https:\/\/jundiai.sp.gov.br\/noticias\/wp-content\/uploads\/sites\/32\/2021\/06\/clube-dos-surdos-50-3-1-300x168.jpg 300w, https:\/\/jundiai.sp.gov.br\/noticias\/wp-content\/uploads\/sites\/32\/2021\/06\/clube-dos-surdos-50-3-1-768x430.jpg 768w\" sizes=\"auto, (max-width: 902px) 100vw, 902px\" \/><figcaption>Prefeito Luiz Fernando (\u00e0 direita) participou de transmiss\u00e3o ao vivo e deixou seu apoio \u00e0 entidade<\/figcaption><\/figure>\n\n\n\n<p>\u201cNossa cidade tem amor e respeito pelo Clube dos Surdos e esta \u00e9 uma chance de agradecer seus representantes por tudo o que fizeram e ainda fazem por nossa cidade. Queremos que o clube seja cada vez mais forte e mais pr\u00f3ximo das pessoas\u201d, declarou Luiz Fernando.<\/p>\n\n\n\n<p>\u201cPor causa do momento de pandemia, n\u00e3o fizemos um evento presencial, mas tamb\u00e9m n\u00e3o poder\u00edamos deixar essa data passar em branco\u201d, explicou, em libras, Irene Mantovani, presidente da Associa\u00e7\u00e3o e Clube dos Surdos, que fez a apresenta\u00e7\u00e3o de todos os presentes.<\/p>\n\n\n\n<p>O gestor da Casa Civil, Gustavo Maryssael, lembrou do trabalho da atual gest\u00e3o municipal na inclus\u00e3o e na valoriza\u00e7\u00e3o da pessoa com defici\u00eancia. \u201cPrecisamos, como cidad\u00e3os e gestores p\u00fablicos, agir cada vez mais de forma inclusiva.\u201d&nbsp;<\/p>\n\n\n\n<p>Tamb\u00e9m participaram da transmiss\u00e3o ao vivo a presidente do Conselho Municipal dos Direitos da Pessoa com Defici\u00eancia, Ivanilde Oliveira, o presidente da C\u00e2mara Municipal de Jundia\u00ed, Faouaz Taha, o gestor de Cultura de Jundia\u00ed, Marcelo Peroni, a superintendente da FTVTEC Jundia\u00ed, M\u00f4nica Gropelo, e o assessor de Pol\u00edticas para a Pessoa com Defici\u00eancia, Marco Antonio dos Santos.<\/p>\n\n\n\n<p><strong>Assessoria de Imprensa<\/strong><\/p>\n","protected":false},"excerpt":{"rendered":"<p>A Associa\u00e7\u00e3o e Clube dos Surdos de Jundia\u00ed realizou, na noite desta quarta-feira (2), uma transmiss\u00e3o ao vivo para a comemora\u00e7\u00e3o de seu \u201cJubileu de Ouro\u201d, com 50 anos de funda\u00e7\u00e3o da institui\u00e7\u00e3o. O evento virtual contou com a participa\u00e7\u00e3o do prefeito de Jundia\u00ed, Luiz Fernando Machado, e teve o objetivo de conscientizar e mobilizar [&hellip;]<\/p>\n","protected":false},"author":71,"featured_media":269608,"comment_status":"closed","ping_status":"closed","sticky":false,"template":"","format":"standard","meta":{"footnotes":""},"categories":[2],"tags":[1330],"ods":[],"class_list":["post-269606","post","type-post","status-publish","format-standard","has-post-thumbnail","hentry","category-noticias","tag-luiz-fernando-machado"],"_links":{"self":[{"href":"https:\/\/jundiai.sp.gov.br\/noticias\/wp-json\/wp\/v2\/posts\/269606","targetHints":{"allow":["GET"]}}],"collection":[{"href":"https:\/\/jundiai.sp.gov.br\/noticias\/wp-json\/wp\/v2\/posts"}],"about":[{"href":"https:\/\/jundiai.sp.gov.br\/noticias\/wp-json\/wp\/v2\/types\/post"}],"author":[{"embeddable":true,"href":"https:\/\/jundiai.sp.gov.br\/noticias\/wp-json\/wp\/v2\/users\/71"}],"replies":[{"embeddable":true,"href":"https:\/\/jundiai.sp.gov.br\/noticias\/wp-json\/wp\/v2\/comments?post=269606"}],"version-history":[{"count":2,"href":"https:\/\/jundiai.sp.gov.br\/noticias\/wp-json\/wp\/v2\/posts\/269606\/revisions"}],"predecessor-version":[{"id":269609,"href":"https:\/\/jundiai.sp.gov.br\/noticias\/wp-json\/wp\/v2\/posts\/269606\/revisions\/269609"}],"wp:featuredmedia":[{"embeddable":true,"href":"https:\/\/jundiai.sp.gov.br\/noticias\/wp-json\/wp\/v2\/media\/269608"}],"wp:attachment":[{"href":"https:\/\/jundiai.sp.gov.br\/noticias\/wp-json\/wp\/v2\/media?parent=269606"}],"wp:term":[{"taxonomy":"category","embeddable":true,"href":"https:\/\/jundiai.sp.gov.br\/noticias\/wp-json\/wp\/v2\/categories?post=269606"},{"taxonomy":"post_tag","embeddable":true,"href":"https:\/\/jundiai.sp.gov.br\/noticias\/wp-json\/wp\/v2\/tags?post=269606"},{"taxonomy":"ods","embeddable":true,"href":"https:\/\/jundiai.sp.gov.br\/noticias\/wp-json\/wp\/v2\/ods?post=269606"}],"curies":[{"name":"wp","href":"https:\/\/api.w.org\/{rel}","templated":true}]}}