{"id":269995,"date":"2021-06-10T14:16:00","date_gmt":"2021-06-10T17:16:00","guid":{"rendered":"https:\/\/jundiai.sp.gov.br\/noticias\/?p=269995"},"modified":"2021-06-10T13:28:15","modified_gmt":"2021-06-10T16:28:15","slug":"alunos-da-emeb-edward-aleixo-participam-de-plantio-de-arvores","status":"publish","type":"post","link":"https:\/\/jundiai.sp.gov.br\/noticias\/2021\/06\/10\/alunos-da-emeb-edward-aleixo-participam-de-plantio-de-arvores\/","title":{"rendered":"Alunos da EMEB Edward Aleixo participam de plantio de \u00e1rvores"},"content":{"rendered":"\n<p>Os alunos da Educa\u00e7\u00e3o Infantil I da EMEB Edward Aleixo participaram do plantio de mudas de \u00e1rvores, cedidas pelo Jardim Bot\u00e2nico de Jundia\u00ed. A a\u00e7\u00e3o faz parte do programa de desemparedamento da inf\u00e2ncia da Escola Inovadora, que preconiza as atividades ao ar livre e em espa\u00e7os abertos.&nbsp;<\/p>\n\n\n\n<p>A \u00e1rea do parque da escola recebeu 32 novas mudas das esp\u00e9cies Tamarindo, ip\u00ea-verde, embira-de-sapo, amendoim-bravo, grumixama, chuva-de-ouro, mutambo, pau-gon\u00e7alves, angico e maria-mole.&nbsp;<\/p>\n\n\n\n<p>\u201cA ideia de plantar \u00e1rvores surgiu em 2020, durante a montagem do Projeto Pedag\u00f3gico da escola, com o objetivo de ampliar o sombreamento da reestrutura\u00e7\u00e3o do parque da escola e deixando um espa\u00e7o mais agrad\u00e1vel para as atividades com as crian\u00e7as\u201d, contou a diretora da EMEB, Karina Vitor Barbosa Sousa.<\/p>\n\n\n\n<div class=\"wp-block-image\"><figure class=\"aligncenter size-large\"><img loading=\"lazy\" decoding=\"async\" width=\"640\" height=\"960\" src=\"https:\/\/jundiai.sp.gov.br\/noticias\/wp-content\/uploads\/sites\/32\/2021\/06\/plantio_arvores_edward_aleixo-1-640x960.jpg\" alt=\"\" class=\"wp-image-270001\" srcset=\"https:\/\/jundiai.sp.gov.br\/noticias\/wp-content\/uploads\/sites\/32\/2021\/06\/plantio_arvores_edward_aleixo-1-640x960.jpg 640w, https:\/\/jundiai.sp.gov.br\/noticias\/wp-content\/uploads\/sites\/32\/2021\/06\/plantio_arvores_edward_aleixo-1-300x450.jpg 300w, https:\/\/jundiai.sp.gov.br\/noticias\/wp-content\/uploads\/sites\/32\/2021\/06\/plantio_arvores_edward_aleixo-1.jpg 688w\" sizes=\"auto, (max-width: 640px) 100vw, 640px\" \/><figcaption>Crian\u00e7as ajudaram no plantio das mudas no parque da escola<\/figcaption><\/figure><\/div>\n\n\n\n<p>A escolha das esp\u00e9cies levou em conta as plantas nativas da Mata Atl\u00e2ntica e do Cerrado, al\u00e9m de ex\u00f3ticas frut\u00edferas. \u201cAs plantas fazem parte da cole\u00e7\u00e3o bot\u00e2nica do Jardim Bot\u00e2nico de Jundia\u00ed. A equipe realizou o plantio com a ajuda das crian\u00e7as\u201d, explicou o engenheiro Florestal do Jardim Bot\u00e2nico, Thiago Pinto Pires.&nbsp;<\/p>\n\n\n\n<p>A gestora de Educa\u00e7\u00e3o, Vast\u00ed Ferrari Marques, celebra a iniciativa dos educadores da EMEB Edward Aleixo. \u201cOferecemos forma\u00e7\u00f5es e incentivamos que as equipes das unidades escolares vivenciem as experi\u00eancias para que possam desenvolver as atividades com os alunos. Esse \u00e9 mais um exemplo de iniciativa de sucesso aplicada dentro do desemparedamento da inf\u00e2ncia, da Escola Inovadora\u201d.<\/p>\n\n\n\n<p><strong>Assessoria de Imprensa<br>Fotos: Divulga\u00e7\u00e3o<\/strong><\/p>\n","protected":false},"excerpt":{"rendered":"<p>Os alunos da Educa\u00e7\u00e3o Infantil I da EMEB Edward Aleixo participaram do plantio de mudas de \u00e1rvores, cedidas pelo Jardim Bot\u00e2nico de Jundia\u00ed. A a\u00e7\u00e3o faz parte do programa de desemparedamento da inf\u00e2ncia da Escola Inovadora, que preconiza as atividades ao ar livre e em espa\u00e7os abertos.&nbsp; A \u00e1rea do parque da escola recebeu 32 [&hellip;]<\/p>\n","protected":false},"author":70,"featured_media":270001,"comment_status":"closed","ping_status":"closed","sticky":false,"template":"","format":"standard","meta":{"footnotes":""},"categories":[2],"tags":[6,1061,1904],"ods":[],"class_list":["post-269995","post","type-post","status-publish","format-standard","has-post-thumbnail","hentry","category-noticias","tag-educacao","tag-escola-inovadora","tag-plantio-de-arvores"],"_links":{"self":[{"href":"https:\/\/jundiai.sp.gov.br\/noticias\/wp-json\/wp\/v2\/posts\/269995","targetHints":{"allow":["GET"]}}],"collection":[{"href":"https:\/\/jundiai.sp.gov.br\/noticias\/wp-json\/wp\/v2\/posts"}],"about":[{"href":"https:\/\/jundiai.sp.gov.br\/noticias\/wp-json\/wp\/v2\/types\/post"}],"author":[{"embeddable":true,"href":"https:\/\/jundiai.sp.gov.br\/noticias\/wp-json\/wp\/v2\/users\/70"}],"replies":[{"embeddable":true,"href":"https:\/\/jundiai.sp.gov.br\/noticias\/wp-json\/wp\/v2\/comments?post=269995"}],"version-history":[{"count":2,"href":"https:\/\/jundiai.sp.gov.br\/noticias\/wp-json\/wp\/v2\/posts\/269995\/revisions"}],"predecessor-version":[{"id":270002,"href":"https:\/\/jundiai.sp.gov.br\/noticias\/wp-json\/wp\/v2\/posts\/269995\/revisions\/270002"}],"wp:featuredmedia":[{"embeddable":true,"href":"https:\/\/jundiai.sp.gov.br\/noticias\/wp-json\/wp\/v2\/media\/270001"}],"wp:attachment":[{"href":"https:\/\/jundiai.sp.gov.br\/noticias\/wp-json\/wp\/v2\/media?parent=269995"}],"wp:term":[{"taxonomy":"category","embeddable":true,"href":"https:\/\/jundiai.sp.gov.br\/noticias\/wp-json\/wp\/v2\/categories?post=269995"},{"taxonomy":"post_tag","embeddable":true,"href":"https:\/\/jundiai.sp.gov.br\/noticias\/wp-json\/wp\/v2\/tags?post=269995"},{"taxonomy":"ods","embeddable":true,"href":"https:\/\/jundiai.sp.gov.br\/noticias\/wp-json\/wp\/v2\/ods?post=269995"}],"curies":[{"name":"wp","href":"https:\/\/api.w.org\/{rel}","templated":true}]}}