{"id":270163,"date":"2021-06-12T12:50:30","date_gmt":"2021-06-12T15:50:30","guid":{"rendered":"https:\/\/jundiai.sp.gov.br\/noticias\/?p=270163"},"modified":"2021-06-12T12:58:45","modified_gmt":"2021-06-12T15:58:45","slug":"cadastro-no-site-vacinaja-agiliza-o-atendimento-no-dia-da-vacinacao","status":"publish","type":"post","link":"https:\/\/jundiai.sp.gov.br\/noticias\/2021\/06\/12\/cadastro-no-site-vacinaja-agiliza-o-atendimento-no-dia-da-vacinacao\/","title":{"rendered":"Cadastro no site Vacinaj\u00e1 agiliza o atendimento no dia da vacina\u00e7\u00e3o"},"content":{"rendered":"\n<p>A professora de L\u00edngua Inglesa e psic\u00f3loga escolar Aline Mazetto Moreira recebeu a primeira dose da vacina da Pfizer contra a Covid-19, neste s\u00e1bado (12), na Nova UBS Jardim do Lago, e teve o atendimento na triagem agilizado por conta do cadastro realizado anteriormente no site <a rel=\"noreferrer noopener\" href=\"https:\/\/vacinaja.sp.gov.br\/\" target=\"_blank\">vacinaja.sp.gov.br<\/a>.\u00a0<\/p>\n\n\n\n<p>\u201cFiz o meu cadastro com anteced\u00eancia. Sempre me atualizo sobre as informa\u00e7\u00f5es da vacina\u00e7\u00e3o. Isso agiliza o atendimento e tamb\u00e9m evita aglomera\u00e7\u00f5es\u201d, comentou Aline. A professora ainda contou sobre a vacina\u00e7\u00e3o. \u201cMe faltam palavras para descrever este momento. N\u00e3o tinha conseguido agendar como psic\u00f3loga, mas agora deu certo\u201d, disse.\u00a0<\/p>\n\n\n\n<figure class=\"wp-block-image size-large\"><img loading=\"lazy\" decoding=\"async\" width=\"1280\" height=\"853\" src=\"https:\/\/jundiai.sp.gov.br\/noticias\/wp-content\/uploads\/sites\/32\/2021\/06\/vacinacao_covid_profissionais-educacao_ubs-jardim-do-lago-181.jpg\" alt=\"\" class=\"wp-image-270168\" srcset=\"https:\/\/jundiai.sp.gov.br\/noticias\/wp-content\/uploads\/sites\/32\/2021\/06\/vacinacao_covid_profissionais-educacao_ubs-jardim-do-lago-181.jpg 1280w, https:\/\/jundiai.sp.gov.br\/noticias\/wp-content\/uploads\/sites\/32\/2021\/06\/vacinacao_covid_profissionais-educacao_ubs-jardim-do-lago-181-300x200.jpg 300w, https:\/\/jundiai.sp.gov.br\/noticias\/wp-content\/uploads\/sites\/32\/2021\/06\/vacinacao_covid_profissionais-educacao_ubs-jardim-do-lago-181-768x512.jpg 768w, https:\/\/jundiai.sp.gov.br\/noticias\/wp-content\/uploads\/sites\/32\/2021\/06\/vacinacao_covid_profissionais-educacao_ubs-jardim-do-lago-181-450x300.jpg 450w\" sizes=\"auto, (max-width: 1280px) 100vw, 1280px\" \/><figcaption>Aline fez o agendamento pr\u00e9vio no Vacinaj\u00e1 e agilizou o atendimento <\/figcaption><\/figure>\n\n\n\n<p>No CECE Aramis Polli, Evelin Aparecida Almeida Prado tem defici\u00eancia intelectual bem leve e aproveitou o s\u00e1bado para tomar a primeira dose da vacina da Oxford\/AstraZeneca. Ela tamb\u00e9m fez o preenchimento pr\u00e9vio no site. \u201cEu j\u00e1 estava no aguardo da vacina e fiz o cadastro no m\u00eas de mar\u00e7o. Estou muito feliz. A vacina \u00e9 uma al\u00edvio porque trabalho com bastante pessoas na empresa\u201d, explicou Evelin.&nbsp;<\/p>\n\n\n\n<figure class=\"wp-block-image size-large\"><img loading=\"lazy\" decoding=\"async\" width=\"1280\" height=\"854\" src=\"https:\/\/jundiai.sp.gov.br\/noticias\/wp-content\/uploads\/sites\/32\/2021\/06\/vacinacao-covid_pcd_cece-aramis-polli-76.jpg\" alt=\"Imagem mostra mulher segurando cart\u00e3o de vacina\u00e7\u00e3o na m\u00e3o\" class=\"wp-image-270169\" srcset=\"https:\/\/jundiai.sp.gov.br\/noticias\/wp-content\/uploads\/sites\/32\/2021\/06\/vacinacao-covid_pcd_cece-aramis-polli-76.jpg 1280w, https:\/\/jundiai.sp.gov.br\/noticias\/wp-content\/uploads\/sites\/32\/2021\/06\/vacinacao-covid_pcd_cece-aramis-polli-76-300x200.jpg 300w, https:\/\/jundiai.sp.gov.br\/noticias\/wp-content\/uploads\/sites\/32\/2021\/06\/vacinacao-covid_pcd_cece-aramis-polli-76-768x512.jpg 768w, https:\/\/jundiai.sp.gov.br\/noticias\/wp-content\/uploads\/sites\/32\/2021\/06\/vacinacao-covid_pcd_cece-aramis-polli-76-450x300.jpg 450w\" sizes=\"auto, (max-width: 1280px) 100vw, 1280px\" \/><figcaption>O cadastro de Evelin no Vacinaj\u00e1 foi feito em mar\u00e7o deste ano<\/figcaption><\/figure>\n\n\n\n<p>\u201cO Vacinaj\u00e1 \u00e9 um banco de dados onde s\u00e3o lan\u00e7adas as informa\u00e7\u00f5es referentes \u00e0s doses aplicadas na cidade. O cadastro pr\u00e9vio no site agiliza o atendimento no momento da vacina\u00e7\u00e3o\u201d, explica a enfermeira da Vigil\u00e2ncia Epidemiol\u00f3gica de Jundia\u00ed, Maria do Carmo Possidente.<\/p>\n\n\n\n<p><strong>Vacina com emo\u00e7\u00e3o<\/strong><\/p>\n\n\n\n<p>No Jardim do Lago, o agendamento foi para profissionais de educa\u00e7\u00e3o, gestantes e pu\u00e9rperas e o momento da vacina\u00e7\u00e3o foi de emo\u00e7\u00e3o. Com l\u00e1grimas de alegria nos olhos, a professora J\u00e9ssica Bruno Rozin contou que o dia \u00e9 muito especial. \u201c\u00c9 uma conquista do SUS e de todos.&nbsp; Tomei a vacina da Pfeizer e temos que acreditar na ci\u00eancia e agradecer. \u00c9 um dia para comemorar!\u201d, contou emocionada.<\/p>\n\n\n\n<p>As l\u00e1grimas nos olhos da professora Ana Carolina Anholini, come\u00e7aram a cair antes de tomar a vacina. Educadora h\u00e1 20 anos, ela falou sobre a emo\u00e7\u00e3o vivenciada no momento. \u201c\u00c9 um misto de emo\u00e7\u00e3o, de alegria pela vacina, de tristeza por tantas vidas perdidas sem ter a oportunidade da vacina. Que tenhamos esperan\u00e7a de que o imunizante vai chegar para as outras pessoas e sejamos respons\u00e1veis e continuemos usando m\u00e1scaras e cuidados das outras pessoas que ainda n\u00e3o foram vacinadas\u201d, afirmou Ana Carolina que ainda agradeceu aos profissionais de sa\u00fade. \u201cMuito obrigada pelo trabalho de voc\u00eas\u201d, salientou.<\/p>\n\n\n\n<figure class=\"wp-block-image size-large\"><img loading=\"lazy\" decoding=\"async\" width=\"1280\" height=\"854\" src=\"https:\/\/jundiai.sp.gov.br\/noticias\/wp-content\/uploads\/sites\/32\/2021\/06\/vacinacao_covid_profissionais-educacao_ubs-jardim-do-lago-5.jpg\" alt=\"Mulher, com roupa branca, est\u00e1 com as m\u00e3os em ora\u00e7\u00e3o e chorando de emo\u00e7\u00e3o\" class=\"wp-image-270170\" srcset=\"https:\/\/jundiai.sp.gov.br\/noticias\/wp-content\/uploads\/sites\/32\/2021\/06\/vacinacao_covid_profissionais-educacao_ubs-jardim-do-lago-5.jpg 1280w, https:\/\/jundiai.sp.gov.br\/noticias\/wp-content\/uploads\/sites\/32\/2021\/06\/vacinacao_covid_profissionais-educacao_ubs-jardim-do-lago-5-300x200.jpg 300w, https:\/\/jundiai.sp.gov.br\/noticias\/wp-content\/uploads\/sites\/32\/2021\/06\/vacinacao_covid_profissionais-educacao_ubs-jardim-do-lago-5-768x512.jpg 768w, https:\/\/jundiai.sp.gov.br\/noticias\/wp-content\/uploads\/sites\/32\/2021\/06\/vacinacao_covid_profissionais-educacao_ubs-jardim-do-lago-5-450x300.jpg 450w\" sizes=\"auto, (max-width: 1280px) 100vw, 1280px\" \/><figcaption>Ana Carolina chorou de emo\u00e7\u00e3o e agradeceu aos profissionais de sa\u00fade<\/figcaption><\/figure>\n\n\n\n<p><strong>Assessoria de Imprensa<br>Fotos: Fot\u00f3grafos PMJ<\/strong><\/p>\n","protected":false},"excerpt":{"rendered":"<p>A professora de L\u00edngua Inglesa e psic\u00f3loga escolar Aline Mazetto Moreira recebeu a primeira dose da vacina da Pfizer contra a Covid-19, neste s\u00e1bado (12), na Nova UBS Jardim do Lago, e teve o atendimento na triagem agilizado por conta do cadastro realizado anteriormente no site vacinaja.sp.gov.br.\u00a0 \u201cFiz o meu cadastro com anteced\u00eancia. Sempre me [&hellip;]<\/p>\n","protected":false},"author":70,"featured_media":270171,"comment_status":"closed","ping_status":"closed","sticky":false,"template":"","format":"standard","meta":{"footnotes":""},"categories":[2],"tags":[1500,1607,3,421],"ods":[],"class_list":["post-270163","post","type-post","status-publish","format-standard","has-post-thumbnail","hentry","category-noticias","tag-coronavirus","tag-covid-19","tag-saude","tag-vacinacao"],"_links":{"self":[{"href":"https:\/\/jundiai.sp.gov.br\/noticias\/wp-json\/wp\/v2\/posts\/270163","targetHints":{"allow":["GET"]}}],"collection":[{"href":"https:\/\/jundiai.sp.gov.br\/noticias\/wp-json\/wp\/v2\/posts"}],"about":[{"href":"https:\/\/jundiai.sp.gov.br\/noticias\/wp-json\/wp\/v2\/types\/post"}],"author":[{"embeddable":true,"href":"https:\/\/jundiai.sp.gov.br\/noticias\/wp-json\/wp\/v2\/users\/70"}],"replies":[{"embeddable":true,"href":"https:\/\/jundiai.sp.gov.br\/noticias\/wp-json\/wp\/v2\/comments?post=270163"}],"version-history":[{"count":5,"href":"https:\/\/jundiai.sp.gov.br\/noticias\/wp-json\/wp\/v2\/posts\/270163\/revisions"}],"predecessor-version":[{"id":270183,"href":"https:\/\/jundiai.sp.gov.br\/noticias\/wp-json\/wp\/v2\/posts\/270163\/revisions\/270183"}],"wp:featuredmedia":[{"embeddable":true,"href":"https:\/\/jundiai.sp.gov.br\/noticias\/wp-json\/wp\/v2\/media\/270171"}],"wp:attachment":[{"href":"https:\/\/jundiai.sp.gov.br\/noticias\/wp-json\/wp\/v2\/media?parent=270163"}],"wp:term":[{"taxonomy":"category","embeddable":true,"href":"https:\/\/jundiai.sp.gov.br\/noticias\/wp-json\/wp\/v2\/categories?post=270163"},{"taxonomy":"post_tag","embeddable":true,"href":"https:\/\/jundiai.sp.gov.br\/noticias\/wp-json\/wp\/v2\/tags?post=270163"},{"taxonomy":"ods","embeddable":true,"href":"https:\/\/jundiai.sp.gov.br\/noticias\/wp-json\/wp\/v2\/ods?post=270163"}],"curies":[{"name":"wp","href":"https:\/\/api.w.org\/{rel}","templated":true}]}}