{"id":270507,"date":"2021-06-17T18:28:13","date_gmt":"2021-06-17T21:28:13","guid":{"rendered":"https:\/\/jundiai.sp.gov.br\/noticias\/?p=270507"},"modified":"2021-06-17T18:28:13","modified_gmt":"2021-06-17T21:28:13","slug":"simposio-do-patrimonio-cultural-os-impactos-da-pandemia-no-foco-das-discussoes","status":"publish","type":"post","link":"https:\/\/jundiai.sp.gov.br\/noticias\/2021\/06\/17\/simposio-do-patrimonio-cultural-os-impactos-da-pandemia-no-foco-das-discussoes\/","title":{"rendered":"Simp\u00f3sio do Patrim\u00f4nio Cultural: os impactos da pandemia no foco das discuss\u00f5es"},"content":{"rendered":"\n<p>Debater e refletir como a pandemia tem impactado nas esferas da cultura e do turismo, e discutir sobre os reflexos das medidas de enfrentamento da pandemia realizadas na din\u00e2mica do turismo e nas formas de utiliza\u00e7\u00e3o dos equipamentos culturais e do patrim\u00f4nio cultural e ambiental durante a fase de restri\u00e7\u00f5es \u00e0 circula\u00e7\u00e3o de pessoas e de ado\u00e7\u00e3o dos protocolos sanit\u00e1rios s\u00e3o o foco das atividades do 9\u00b0 Simp\u00f3sio do Patrim\u00f4nio Material e Imaterial de Jundia\u00ed-2021.<\/p>\n\n\n\n<p>O evento, que tamb\u00e9m integra as a\u00e7\u00f5es do M\u00eas do Patrim\u00f4nio Hist\u00f3rico e Cultural, acontecer\u00e1 de 25 a 28 de agosto tendo como tema central as rela\u00e7\u00f5es entre&nbsp;Turismo, Territ\u00f3rio e Educa\u00e7\u00e3o Patrimonial: desafios no contexto da pandemia da Covid-19 numa realiza\u00e7\u00e3o da Prefeitura de Jundia\u00ed, por meio da Unidade de Gest\u00e3o de Cultura e do Departamento de Patrim\u00f4nio Hist\u00f3rico. <\/p>\n\n\n\n<p>Professores, estudantes e acad\u00eamicos de diversas \u00e1reas, como historiadores, arquitetos e urbanistas, al\u00e9m de profissionais de outras \u00e1reas e entusiastas s\u00e3o convidados para participar gratuitamente das atividades que acontecer\u00e3o online.<\/p>\n\n\n\n<p>A programa\u00e7\u00e3o ser\u00e1 dividida em tr\u00eas eixos tem\u00e1ticos: Educa\u00e7\u00e3o Patrimonial, Cultura e Trabalho; Planejamento Territorial e o Direito \u00e0 cidade e Turismo Cultural e Patrim\u00f4nio com as discuss\u00f5es acad\u00eamicas acontecendo por meio de webconfer\u00eancias.<\/p>\n\n\n\n<p>O Simp\u00f3sio conta com as parceiras do Centro Paula Souza, Fatec de Itu Dom Amaury Castanho e Fatec Jundia\u00ed Deputado Ary Fossen sendo um evento do calend\u00e1rio municipal atrelado ao m\u00eas do Patrim\u00f4nio.<\/p>\n\n\n\n<p>As&nbsp; inscri\u00e7\u00f5es podem ser feitas no site <a href=\"http:\/\/www.even3.com.br\/simposiopatrimoniojundiai\">www.even3.com.br\/simposiopatrimoniojundiai<\/a><\/p>\n\n\n\n<p><strong>Assessoria de Imprensa<br>Foto: Fot\u00f3grafos PMJ<\/strong><\/p>\n","protected":false},"excerpt":{"rendered":"<p>Debater e refletir como a pandemia tem impactado nas esferas da cultura e do turismo, e discutir sobre os reflexos das medidas de enfrentamento da pandemia realizadas na din\u00e2mica do turismo e nas formas de utiliza\u00e7\u00e3o dos equipamentos culturais e do patrim\u00f4nio cultural e ambiental durante a fase de restri\u00e7\u00f5es \u00e0 circula\u00e7\u00e3o de pessoas e [&hellip;]<\/p>\n","protected":false},"author":50,"featured_media":270513,"comment_status":"closed","ping_status":"closed","sticky":false,"template":"","format":"standard","meta":{"footnotes":""},"categories":[2],"tags":[29,1097],"ods":[],"class_list":["post-270507","post","type-post","status-publish","format-standard","has-post-thumbnail","hentry","category-noticias","tag-cultura","tag-mes-do-patrimonio-historico-e-cultural"],"_links":{"self":[{"href":"https:\/\/jundiai.sp.gov.br\/noticias\/wp-json\/wp\/v2\/posts\/270507","targetHints":{"allow":["GET"]}}],"collection":[{"href":"https:\/\/jundiai.sp.gov.br\/noticias\/wp-json\/wp\/v2\/posts"}],"about":[{"href":"https:\/\/jundiai.sp.gov.br\/noticias\/wp-json\/wp\/v2\/types\/post"}],"author":[{"embeddable":true,"href":"https:\/\/jundiai.sp.gov.br\/noticias\/wp-json\/wp\/v2\/users\/50"}],"replies":[{"embeddable":true,"href":"https:\/\/jundiai.sp.gov.br\/noticias\/wp-json\/wp\/v2\/comments?post=270507"}],"version-history":[{"count":2,"href":"https:\/\/jundiai.sp.gov.br\/noticias\/wp-json\/wp\/v2\/posts\/270507\/revisions"}],"predecessor-version":[{"id":270514,"href":"https:\/\/jundiai.sp.gov.br\/noticias\/wp-json\/wp\/v2\/posts\/270507\/revisions\/270514"}],"wp:featuredmedia":[{"embeddable":true,"href":"https:\/\/jundiai.sp.gov.br\/noticias\/wp-json\/wp\/v2\/media\/270513"}],"wp:attachment":[{"href":"https:\/\/jundiai.sp.gov.br\/noticias\/wp-json\/wp\/v2\/media?parent=270507"}],"wp:term":[{"taxonomy":"category","embeddable":true,"href":"https:\/\/jundiai.sp.gov.br\/noticias\/wp-json\/wp\/v2\/categories?post=270507"},{"taxonomy":"post_tag","embeddable":true,"href":"https:\/\/jundiai.sp.gov.br\/noticias\/wp-json\/wp\/v2\/tags?post=270507"},{"taxonomy":"ods","embeddable":true,"href":"https:\/\/jundiai.sp.gov.br\/noticias\/wp-json\/wp\/v2\/ods?post=270507"}],"curies":[{"name":"wp","href":"https:\/\/api.w.org\/{rel}","templated":true}]}}