{"id":270759,"date":"2021-06-21T15:36:09","date_gmt":"2021-06-21T18:36:09","guid":{"rendered":"https:\/\/jundiai.sp.gov.br\/noticias\/?p=270759"},"modified":"2021-06-21T15:36:09","modified_gmt":"2021-06-21T18:36:09","slug":"funss-divulga-lista-de-contemplados-em-curso-que-ensinara-tecnicas-de-confeitaria","status":"publish","type":"post","link":"https:\/\/jundiai.sp.gov.br\/noticias\/2021\/06\/21\/funss-divulga-lista-de-contemplados-em-curso-que-ensinara-tecnicas-de-confeitaria\/","title":{"rendered":"Funss divulga lista de contemplados em curso que ensinar\u00e1 t\u00e9cnicas de confeitaria"},"content":{"rendered":"\n<p>O Fundo Social divulga, nesta segunda-feira (21), a lista com os nomes dos alunos matriculados no curso presencial \u201cT\u00e9cnicas de Fabrica\u00e7\u00e3o de Produtos de Confeitaria\u201d. A capacita\u00e7\u00e3o ser\u00e1 realizada em parceria com o Senai Jundia\u00ed e o Sebrae Jundia\u00ed.<\/p>\n\n\n\n<p>Veja a lista de contemplados:<\/p>\n\n\n\n<ol class=\"wp-block-list\" type=\"1\"><li>Giselle Marques Romero<\/li><li>Bruna Rita Meri De Souza Silva&nbsp;<\/li><li>Rosemeire Aparecida Santos Maia<\/li><li>Cleberson do Nascimento Ribeiro<\/li><li>Danielle Cristina Lima Guerino Jacinto<\/li><li>Andrea Mari Juliati da Costa<\/li><li>Nathalia Mariane de Oliveira<\/li><li>Martina Grimaldi<\/li><li>Silvia Regina Ienne<\/li><li>Isabelle Iacubecz<\/li><li>Gislaine Martins Aveiro<\/li><li>Maria Aparecida da Silva Donati<\/li><li>Michele Silva Guimar\u00e3es<\/li><li>Cristiane Sousa de Almeida Cruz<\/li><li>Luana Corr\u00eaa da Silva<\/li><li>Fernanda Aparecida Rosa Dochi<\/li><\/ol>\n\n\n\n<p>As inscri\u00e7\u00f5es foram realizadas pela internet, at\u00e9 a \u00faltima quinta-feira (17). O crit\u00e9rio de preenchimento das vagas foi a ordem de envio do formul\u00e1rio, que considera hora, minuto e segundo. As fichas n\u00e3o contempladas est\u00e3o, automaticamente, na lista de espera e poder\u00e3o ser convocadas em caso de desist\u00eancia.<\/p>\n\n\n\n<p>Por se tratar de um curso de qualifica\u00e7\u00e3o profissional presencial, ser\u00e3o seguidas todas as normas de seguran\u00e7a sanit\u00e1rias como distanciamento social, capacidade m\u00e1xima da sala e uso de \u00e1lcool em gel, entre outros. O uso de m\u00e1scara \u00e9 obrigat\u00f3rio. N\u00e3o ser\u00e1 permitida a entrada e a perman\u00eancia de alunos sem m\u00e1scara. Os alunos tamb\u00e9m dever\u00e3o seguir as recomenda\u00e7\u00f5es de vestimenta e higiene para manipula\u00e7\u00e3o de alimentos. Dados detalhados ser\u00e3o repassados por meio do contato de WhatsApp informado no ato da inscri\u00e7\u00e3o.<\/p>\n\n\n\n<p>O curso presencial de \u201cT\u00e9cnicas de Fabrica\u00e7\u00e3o de Produtos de Confeitaria&#8221; ser\u00e1 realizado nos dias: 28, 29 e 30 de junho, 01, 05, 06, 07, 08, 12, 13, 1 4 e 15 de julho. As aulas ser\u00e3o sempre das 8h \u00e0s 12h, no Fundo Social, dentro do Parque da Uva. O acesso \u00e9 pela avenida Dona Manoela Lacerda de Vergueiro, s\/n, port\u00e3o 03, bairro Anhangaba\u00fa. O funcionamento da unidade \u00e9 de segunda a sexta-feira, das 8h \u00e0s 17h, exceto feriados. Informa\u00e7\u00f5es: (11) 4521-2762, 4521-2929 e 4521-6833.<\/p>\n\n\n\n<p><strong><em>Assessoria de Imprensa<\/em><\/strong><\/p>\n\n\n\n<p><strong><em>Foto: Fot\u00f3grafo PMJ<\/em><\/strong><\/p>\n","protected":false},"excerpt":{"rendered":"<p>O Fundo Social divulga, nesta segunda-feira (21), a lista com os nomes dos alunos matriculados no curso presencial \u201cT\u00e9cnicas de Fabrica\u00e7\u00e3o de Produtos de Confeitaria\u201d. A capacita\u00e7\u00e3o ser\u00e1 realizada em parceria com o Senai Jundia\u00ed e o Sebrae Jundia\u00ed. Veja a lista de contemplados: Giselle Marques Romero Bruna Rita Meri De Souza Silva&nbsp; Rosemeire Aparecida [&hellip;]<\/p>\n","protected":false},"author":49,"featured_media":270762,"comment_status":"closed","ping_status":"closed","sticky":false,"template":"","format":"standard","meta":{"footnotes":""},"categories":[2],"tags":[1039,416],"ods":[],"class_list":["post-270759","post","type-post","status-publish","format-standard","has-post-thumbnail","hentry","category-noticias","tag-cursos-funss","tag-fundo-social-de-solidariedade-funss"],"_links":{"self":[{"href":"https:\/\/jundiai.sp.gov.br\/noticias\/wp-json\/wp\/v2\/posts\/270759","targetHints":{"allow":["GET"]}}],"collection":[{"href":"https:\/\/jundiai.sp.gov.br\/noticias\/wp-json\/wp\/v2\/posts"}],"about":[{"href":"https:\/\/jundiai.sp.gov.br\/noticias\/wp-json\/wp\/v2\/types\/post"}],"author":[{"embeddable":true,"href":"https:\/\/jundiai.sp.gov.br\/noticias\/wp-json\/wp\/v2\/users\/49"}],"replies":[{"embeddable":true,"href":"https:\/\/jundiai.sp.gov.br\/noticias\/wp-json\/wp\/v2\/comments?post=270759"}],"version-history":[{"count":1,"href":"https:\/\/jundiai.sp.gov.br\/noticias\/wp-json\/wp\/v2\/posts\/270759\/revisions"}],"predecessor-version":[{"id":270763,"href":"https:\/\/jundiai.sp.gov.br\/noticias\/wp-json\/wp\/v2\/posts\/270759\/revisions\/270763"}],"wp:featuredmedia":[{"embeddable":true,"href":"https:\/\/jundiai.sp.gov.br\/noticias\/wp-json\/wp\/v2\/media\/270762"}],"wp:attachment":[{"href":"https:\/\/jundiai.sp.gov.br\/noticias\/wp-json\/wp\/v2\/media?parent=270759"}],"wp:term":[{"taxonomy":"category","embeddable":true,"href":"https:\/\/jundiai.sp.gov.br\/noticias\/wp-json\/wp\/v2\/categories?post=270759"},{"taxonomy":"post_tag","embeddable":true,"href":"https:\/\/jundiai.sp.gov.br\/noticias\/wp-json\/wp\/v2\/tags?post=270759"},{"taxonomy":"ods","embeddable":true,"href":"https:\/\/jundiai.sp.gov.br\/noticias\/wp-json\/wp\/v2\/ods?post=270759"}],"curies":[{"name":"wp","href":"https:\/\/api.w.org\/{rel}","templated":true}]}}