{"id":271321,"date":"2021-07-05T15:51:33","date_gmt":"2021-07-05T18:51:33","guid":{"rendered":"https:\/\/jundiai.sp.gov.br\/noticias\/?p=271321"},"modified":"2021-07-05T15:51:33","modified_gmt":"2021-07-05T18:51:33","slug":"obras-em-novas-ubss-seguem-em-bairros-de-jundiai","status":"publish","type":"post","link":"https:\/\/jundiai.sp.gov.br\/noticias\/2021\/07\/05\/obras-em-novas-ubss-seguem-em-bairros-de-jundiai\/","title":{"rendered":"Obras em Novas UBSs seguem em bairros de Jundia\u00ed"},"content":{"rendered":"\n<p>Constru\u00e7\u00f5es e reformas em pr\u00e9dios de Unidades B\u00e1sicas de Sa\u00fade (UBS) dos bairros Agapeama, S\u00e3o Camilo, Retiro e Santa Gertrudes seguem a todo vapor, sendo realizadas pela Prefeitura de Jundia\u00ed. Os espa\u00e7os, ap\u00f3s as adequa\u00e7\u00f5es f\u00edsicas, passar\u00e3o a contar com o conceito Nova UBS de atendimento, ou seja, ambi\u00eancia, acessibilidade, humaniza\u00e7\u00e3o e resolutividade no atendimento \u00e0 popula\u00e7\u00e3o. A inclus\u00e3o do projeto &#8216;P\u00e9 de Inf\u00e2ncia&#8217;, iniciativa da Cidade das Crian\u00e7as, \u00e9 novidade que est\u00e1 sendo inserida nas adequa\u00e7\u00f5es que est\u00e3o em andamento. <\/p>\n\n\n\n<p>&#8220;Sa\u00fade de qualidade \u00e9 essencial e os investimentos realizados em Jundia\u00ed refor\u00e7am a import\u00e2ncia dessas a\u00e7\u00f5es. O fortalecimento da Aten\u00e7\u00e3o B\u00e1sica, com o conceito Nova UBS e a Cl\u00ednica da Fam\u00edlia, proporcionaram \u00e0 cidade enfrentar a pandemia da COVID-19 com atendimento \u00e0 popula\u00e7\u00e3o, ao longo do per\u00edodo, sem deixar ningu\u00e9m para tr\u00e1s. As obras que est\u00e3o em andamento complementam as a\u00e7\u00f5es planejadas no Plano Plurianual (PPA) e abrem caminho para outras unidades que tamb\u00e9m receber\u00e3o as mesmas interven\u00e7\u00f5es&#8221;, comenta o prefeito Luiz Fernando Machado. Ao todo, as obras somam R$ 2,1 milh\u00f5es em execu\u00e7\u00e3o somente nos bairros citados para os equipamentos de Nova UBSs.<\/p>\n\n\n\n<figure class=\"wp-block-image size-large\"><img loading=\"lazy\" decoding=\"async\" width=\"1280\" height=\"853\" src=\"https:\/\/jundiai.sp.gov.br\/noticias\/wp-content\/uploads\/sites\/32\/2021\/07\/ubs-agapeama-3.jpg\" alt=\"\" class=\"wp-image-271634\" srcset=\"https:\/\/jundiai.sp.gov.br\/noticias\/wp-content\/uploads\/sites\/32\/2021\/07\/ubs-agapeama-3.jpg 1280w, https:\/\/jundiai.sp.gov.br\/noticias\/wp-content\/uploads\/sites\/32\/2021\/07\/ubs-agapeama-3-300x200.jpg 300w, https:\/\/jundiai.sp.gov.br\/noticias\/wp-content\/uploads\/sites\/32\/2021\/07\/ubs-agapeama-3-768x512.jpg 768w, https:\/\/jundiai.sp.gov.br\/noticias\/wp-content\/uploads\/sites\/32\/2021\/07\/ubs-agapeama-3-450x300.jpg 450w\" sizes=\"auto, (max-width: 1280px) 100vw, 1280px\" \/><figcaption>UBS Agapeama est\u00e1 em fase final de obras<\/figcaption><\/figure>\n\n\n\n<p>\u00c0 Nova UBS Retiro faltam detalhes como a coloca\u00e7\u00e3o de placas de identidade visual, al\u00e9m de caracterizar a unidade com as artes do projeto P\u00e9 de Inf\u00e2ncia, um projeto da Urban 95 para incentivar comportamentos positivos na primeira inf\u00e2ncia, da Prefeitura de Jundia\u00ed, se tornando a primeira UBS do munic\u00edpio de Jundia\u00ed que adotar\u00e1 o projeto. Com 99% da interven\u00e7\u00e3o realizada, a unidade recebeu investimento R$ 628 mil.<\/p>\n\n\n\n<p>A Nova UBS Agapeama, que j\u00e1 est\u00e1 em fase de finaliza\u00e7\u00e3o, teve execu\u00e7\u00e3o de pavimento asf\u00e1ltico no estacionamento, revis\u00e3o e reparos nos port\u00f5es para ve\u00edculos e pedestres, rebaixamento das guias, instala\u00e7\u00e3o de port\u00e3o, equipamentos sanit\u00e1rios e escovodr\u00e1mo, adequa\u00e7\u00e3o da sala de dispensa\u00e7\u00e3o de medicamentos, reparos gerais, al\u00e9m de revestimentos e cobertura. Com investimento de R$ 321 mil, o pr\u00e9dio est\u00e1 com 99% das obras conclu\u00eddas. <\/p>\n\n\n\n<p>Com investimento que inclui a reforma interna do pr\u00e9dio, adequa\u00e7\u00e3o de sala de curativo e ger\u00eancia, pintura interna e externa de paredes e janelas, trocas de pe\u00e7as sanit\u00e1rias, instala\u00e7\u00e3o de arm\u00e1rios e a adequa\u00e7\u00e3o das partes el\u00e9trica e hidr\u00e1ulica do pr\u00e9dio, a Nova UBS Jardim S\u00e3o Camilo tamb\u00e9m entra em fase final para a entrega do conceito completo \u00e0 popula\u00e7\u00e3o. Outra melhoria que ser\u00e1 agregada ao servi\u00e7o ser\u00e1 o estacionamento, ao lado.  A obra est\u00e1 com 90% de conclus\u00e3o e o investimento foi de R$ 275,7 mil. <\/p>\n\n\n\n<figure class=\"wp-block-image size-large\"><img loading=\"lazy\" decoding=\"async\" width=\"1280\" height=\"853\" src=\"https:\/\/jundiai.sp.gov.br\/noticias\/wp-content\/uploads\/sites\/32\/2021\/07\/ubs-santa-gertrudes-48.jpg\" alt=\"\" class=\"wp-image-271606\" srcset=\"https:\/\/jundiai.sp.gov.br\/noticias\/wp-content\/uploads\/sites\/32\/2021\/07\/ubs-santa-gertrudes-48.jpg 1280w, https:\/\/jundiai.sp.gov.br\/noticias\/wp-content\/uploads\/sites\/32\/2021\/07\/ubs-santa-gertrudes-48-300x200.jpg 300w, https:\/\/jundiai.sp.gov.br\/noticias\/wp-content\/uploads\/sites\/32\/2021\/07\/ubs-santa-gertrudes-48-768x512.jpg 768w, https:\/\/jundiai.sp.gov.br\/noticias\/wp-content\/uploads\/sites\/32\/2021\/07\/ubs-santa-gertrudes-48-450x300.jpg 450w\" sizes=\"auto, (max-width: 1280px) 100vw, 1280px\" \/><figcaption>UBS Santa Gertrudes recebe investimento de R$ 910,6 mil em amplia\u00e7\u00f5es e adequa\u00e7\u00f5es<\/figcaption><\/figure>\n\n\n\n<p>No Jardim Santa Gertrudes, as obras da UBS est\u00e3o com percentual de execu\u00e7\u00e3o de 82% e previs\u00e3o de entrega para novembro. No pr\u00e9dio, foram constru\u00eddos banheiros para funcion\u00e1rios e pacientes, salas da ger\u00eancia e de agentes comunit\u00e1rios de sa\u00fade, almoxarifado, tr\u00eas consult\u00f3rios m\u00e9dicos, sala de espera para 80 lugares, e reforma das salas de vacina e reuni\u00f5es, assim como a cobertura para ambul\u00e2ncias.\u00a0A obra est\u00e1 com 82% de conclus\u00e3o, em um investimento estrutural de R$ 910,6 mil.<\/p>\n\n\n\n<p>&#8220;A interven\u00e7\u00e3o no Santa Gertrudes foi a maior at\u00e9 ent\u00e3o j\u00e1 realizada para o Conceito Nova UBS. A regi\u00e3o tem se desenvolvido ao longo dos anos e o aumento da popula\u00e7\u00e3o demanda mais espa\u00e7o para o atendimento, bem como maior resolutividade, j\u00e1 que o bairro \u00e9 distante da regi\u00e3o Central. Al\u00e9m da parte f\u00edsica, os programas Posso Ajudar e Guardi\u00e3o da Sa\u00fade ser\u00e3o implementados na unidade para garantir a qualifica\u00e7\u00e3o do atendimento e a agilidade para o usu\u00e1rio&#8221;, explica o gestor da Unidade de Gest\u00e3o de Promo\u00e7\u00e3o da Sa\u00fade (UGPS) Tiago Texera. <\/p>\n\n\n\n<p><strong>Assessoria de Imprensa<br>Fotos: Fot\u00f3grafos PMJ<\/strong><\/p>\n","protected":false},"excerpt":{"rendered":"<p>Constru\u00e7\u00f5es e reformas em pr\u00e9dios de Unidades B\u00e1sicas de Sa\u00fade (UBS) dos bairros Agapeama, S\u00e3o Camilo, Retiro e Santa Gertrudes seguem a todo vapor, sendo realizadas pela Prefeitura de Jundia\u00ed. Os espa\u00e7os, ap\u00f3s as adequa\u00e7\u00f5es f\u00edsicas, passar\u00e3o a contar com o conceito Nova UBS de atendimento, ou seja, ambi\u00eancia, acessibilidade, humaniza\u00e7\u00e3o e resolutividade no atendimento [&hellip;]<\/p>\n","protected":false},"author":39,"featured_media":271634,"comment_status":"closed","ping_status":"closed","sticky":false,"template":"","format":"standard","meta":{"footnotes":""},"categories":[2],"tags":[1073,1176,981],"ods":[],"class_list":["post-271321","post","type-post","status-publish","format-standard","has-post-thumbnail","hentry","category-noticias","tag-nova-ubs","tag-prefeito-luiz-fernando-machado","tag-promocao-da-saude"],"_links":{"self":[{"href":"https:\/\/jundiai.sp.gov.br\/noticias\/wp-json\/wp\/v2\/posts\/271321","targetHints":{"allow":["GET"]}}],"collection":[{"href":"https:\/\/jundiai.sp.gov.br\/noticias\/wp-json\/wp\/v2\/posts"}],"about":[{"href":"https:\/\/jundiai.sp.gov.br\/noticias\/wp-json\/wp\/v2\/types\/post"}],"author":[{"embeddable":true,"href":"https:\/\/jundiai.sp.gov.br\/noticias\/wp-json\/wp\/v2\/users\/39"}],"replies":[{"embeddable":true,"href":"https:\/\/jundiai.sp.gov.br\/noticias\/wp-json\/wp\/v2\/comments?post=271321"}],"version-history":[{"count":21,"href":"https:\/\/jundiai.sp.gov.br\/noticias\/wp-json\/wp\/v2\/posts\/271321\/revisions"}],"predecessor-version":[{"id":271636,"href":"https:\/\/jundiai.sp.gov.br\/noticias\/wp-json\/wp\/v2\/posts\/271321\/revisions\/271636"}],"wp:featuredmedia":[{"embeddable":true,"href":"https:\/\/jundiai.sp.gov.br\/noticias\/wp-json\/wp\/v2\/media\/271634"}],"wp:attachment":[{"href":"https:\/\/jundiai.sp.gov.br\/noticias\/wp-json\/wp\/v2\/media?parent=271321"}],"wp:term":[{"taxonomy":"category","embeddable":true,"href":"https:\/\/jundiai.sp.gov.br\/noticias\/wp-json\/wp\/v2\/categories?post=271321"},{"taxonomy":"post_tag","embeddable":true,"href":"https:\/\/jundiai.sp.gov.br\/noticias\/wp-json\/wp\/v2\/tags?post=271321"},{"taxonomy":"ods","embeddable":true,"href":"https:\/\/jundiai.sp.gov.br\/noticias\/wp-json\/wp\/v2\/ods?post=271321"}],"curies":[{"name":"wp","href":"https:\/\/api.w.org\/{rel}","templated":true}]}}