{"id":271650,"date":"2021-07-06T08:00:15","date_gmt":"2021-07-06T11:00:15","guid":{"rendered":"https:\/\/jundiai.sp.gov.br\/noticias\/?p=271650"},"modified":"2021-07-06T08:00:15","modified_gmt":"2021-07-06T11:00:15","slug":"nos-proximos-dias-vacinacao-contra-influenza-sera-aberta-para-toda-a-populacao","status":"publish","type":"post","link":"https:\/\/jundiai.sp.gov.br\/noticias\/2021\/07\/06\/nos-proximos-dias-vacinacao-contra-influenza-sera-aberta-para-toda-a-populacao\/","title":{"rendered":"Nos pr\u00f3ximos dias, vacina\u00e7\u00e3o contra Influenza ser\u00e1 aberta para toda a popula\u00e7\u00e3o"},"content":{"rendered":"\n<p>A Prefeitura de Jundia\u00ed aguarda a libera\u00e7\u00e3o da vacina\u00e7\u00e3o para pessoas a partir de seis meses de idade contra a Influenza. O Minist\u00e9rio da Sa\u00fade encaminhou orienta\u00e7\u00e3o aos Estados, nesta segunda-feira (5), para a amplia\u00e7\u00e3o do p\u00fablico. Assim que liberada a aplica\u00e7\u00e3o, a oferta ser\u00e1 amplamente divulgada pelos canais oficiais. <\/p>\n\n\n\n<p>Jundia\u00ed, de acordo com dados do Minist\u00e9rio da Sa\u00fade, vacinou 51% dos p\u00fablicos determinados como alvo (crian\u00e7as entre seis meses e menores de seis anos, gr\u00e1vidas, pu\u00e9rperas, pessoas com 60 anos ou mais, al\u00e9m de trabalhadores da Sa\u00fade e da Educa\u00e7\u00e3o).<\/p>\n\n\n\n<figure class=\"wp-block-image size-large\"><img loading=\"lazy\" decoding=\"async\" width=\"1280\" height=\"854\" src=\"https:\/\/jundiai.sp.gov.br\/noticias\/wp-content\/uploads\/sites\/32\/2021\/07\/vacinacao_influenza_parque-da-uva-60.jpg\" alt=\"\" class=\"wp-image-271685\" srcset=\"https:\/\/jundiai.sp.gov.br\/noticias\/wp-content\/uploads\/sites\/32\/2021\/07\/vacinacao_influenza_parque-da-uva-60.jpg 1280w, https:\/\/jundiai.sp.gov.br\/noticias\/wp-content\/uploads\/sites\/32\/2021\/07\/vacinacao_influenza_parque-da-uva-60-300x200.jpg 300w, https:\/\/jundiai.sp.gov.br\/noticias\/wp-content\/uploads\/sites\/32\/2021\/07\/vacinacao_influenza_parque-da-uva-60-768x512.jpg 768w, https:\/\/jundiai.sp.gov.br\/noticias\/wp-content\/uploads\/sites\/32\/2021\/07\/vacinacao_influenza_parque-da-uva-60-450x300.jpg 450w\" sizes=\"auto, (max-width: 1280px) 100vw, 1280px\" \/><figcaption>Vacina\u00e7\u00e3o contra influenza ser\u00e1 aberta para toda a popula\u00e7\u00e3o, ap\u00f3s baixa ades\u00e3o dos p\u00fablicos priorit\u00e1rios determinados pelo Minist\u00e9rio da Sa\u00fade<\/figcaption><\/figure>\n\n\n\n<p>Segundo dados do Minist\u00e9rio da Sa\u00fade, desde o in\u00edcio da vacina\u00e7\u00e3o contra Influenza, Jundia\u00ed aplicou 85.910 doses, ou seja, 51% da popula\u00e7\u00e3o estimada em 163.566 pessoas. <\/p>\n\n\n\n<p><strong>Assessoria de Imprensa<br>Fotos: Fot\u00f3grafos PMJ<\/strong><\/p>\n","protected":false},"excerpt":{"rendered":"<p>A Prefeitura de Jundia\u00ed aguarda a libera\u00e7\u00e3o da vacina\u00e7\u00e3o para pessoas a partir de seis meses de idade contra a Influenza. O Minist\u00e9rio da Sa\u00fade encaminhou orienta\u00e7\u00e3o aos Estados, nesta segunda-feira (5), para a amplia\u00e7\u00e3o do p\u00fablico. Assim que liberada a aplica\u00e7\u00e3o, a oferta ser\u00e1 amplamente divulgada pelos canais oficiais. Jundia\u00ed, de acordo com dados [&hellip;]<\/p>\n","protected":false},"author":39,"featured_media":271685,"comment_status":"closed","ping_status":"closed","sticky":false,"template":"","format":"standard","meta":{"footnotes":""},"categories":[2],"tags":[1879,1880,421],"ods":[],"class_list":["post-271650","post","type-post","status-publish","format-standard","has-post-thumbnail","hentry","category-noticias","tag-influenza","tag-vacina-contra-gripe","tag-vacinacao"],"_links":{"self":[{"href":"https:\/\/jundiai.sp.gov.br\/noticias\/wp-json\/wp\/v2\/posts\/271650","targetHints":{"allow":["GET"]}}],"collection":[{"href":"https:\/\/jundiai.sp.gov.br\/noticias\/wp-json\/wp\/v2\/posts"}],"about":[{"href":"https:\/\/jundiai.sp.gov.br\/noticias\/wp-json\/wp\/v2\/types\/post"}],"author":[{"embeddable":true,"href":"https:\/\/jundiai.sp.gov.br\/noticias\/wp-json\/wp\/v2\/users\/39"}],"replies":[{"embeddable":true,"href":"https:\/\/jundiai.sp.gov.br\/noticias\/wp-json\/wp\/v2\/comments?post=271650"}],"version-history":[{"count":8,"href":"https:\/\/jundiai.sp.gov.br\/noticias\/wp-json\/wp\/v2\/posts\/271650\/revisions"}],"predecessor-version":[{"id":271686,"href":"https:\/\/jundiai.sp.gov.br\/noticias\/wp-json\/wp\/v2\/posts\/271650\/revisions\/271686"}],"wp:featuredmedia":[{"embeddable":true,"href":"https:\/\/jundiai.sp.gov.br\/noticias\/wp-json\/wp\/v2\/media\/271685"}],"wp:attachment":[{"href":"https:\/\/jundiai.sp.gov.br\/noticias\/wp-json\/wp\/v2\/media?parent=271650"}],"wp:term":[{"taxonomy":"category","embeddable":true,"href":"https:\/\/jundiai.sp.gov.br\/noticias\/wp-json\/wp\/v2\/categories?post=271650"},{"taxonomy":"post_tag","embeddable":true,"href":"https:\/\/jundiai.sp.gov.br\/noticias\/wp-json\/wp\/v2\/tags?post=271650"},{"taxonomy":"ods","embeddable":true,"href":"https:\/\/jundiai.sp.gov.br\/noticias\/wp-json\/wp\/v2\/ods?post=271650"}],"curies":[{"name":"wp","href":"https:\/\/api.w.org\/{rel}","templated":true}]}}