{"id":272233,"date":"2021-07-14T18:39:05","date_gmt":"2021-07-14T21:39:05","guid":{"rendered":"https:\/\/jundiai.sp.gov.br\/noticias\/?p=272233"},"modified":"2021-10-07T14:59:57","modified_gmt":"2021-10-07T17:59:57","slug":"conferencia-dos-direitos-da-pessoa-com-deficiencia-chega-a-sua-13a-edicao-com-debate-tematico","status":"publish","type":"post","link":"https:\/\/jundiai.sp.gov.br\/noticias\/2021\/07\/14\/conferencia-dos-direitos-da-pessoa-com-deficiencia-chega-a-sua-13a-edicao-com-debate-tematico\/","title":{"rendered":"Confer\u00eancia dos Direitos da Pessoa com Defici\u00eancia chega \u00e0 sua 13\u00aa edi\u00e7\u00e3o com debate tem\u00e1tico"},"content":{"rendered":"\n<p>O Conselho Municipal dos Direitos da Pessoa com Defici\u00eancia (CMDPCD) de Jundia\u00ed deu in\u00edcio, na manh\u00e3 desta quarta-feira (14), \u00e0 programa\u00e7\u00e3o da 13\u00aa edi\u00e7\u00e3o de sua Confer\u00eancia, realizada a cada dois anos. O evento foi transmitido ao vivo, em uma edi\u00e7\u00e3o especial do Painel Jundia\u00ed da TVTEC, com tradu\u00e7\u00e3o simult\u00e2nea em L\u00edngua Brasileira de Sinais (Libras).<\/p>\n\n\n\n<p>O encontro on-line contou com a palestra \u201cConselho de direitos como instrumento de transforma\u00e7\u00e3o social\u201d, com a participa\u00e7\u00e3o especial de Paulo Ferronato, que \u00e9 militante da causa e presidente do Conselho Municipal em Xanxer\u00ea, Santa Catarina. A abertura do encontro contou ainda com uma apresenta\u00e7\u00e3o de coreografia inclusiva de Camila Rosolen, que \u00e9 atleta do Programa de Esportes e Atividades Motoras Adaptadas (Peama) da Prefeitura.<\/p>\n\n\n\n<p>\u201cA Confer\u00eancia possui um tempo determinado para que seus participantes possam debater e propor melhorias, mas seu legado e seus frutos perduram por muitos anos. Eu desejo que nesta Confer\u00eancia voc\u00eas possam tornar ainda mais efetivas as pol\u00edticas p\u00fablicas voltadas para as pessoas com defici\u00eancia no Munic\u00edpio, reiterando a import\u00e2ncia que lideran\u00e7as comprometidas t\u00eam tido em construir uma Jundia\u00ed cada vez melhor\u201d, reiterou o prefeito Luiz Fernando Machado.<\/p>\n\n\n\n<figure class=\"wp-block-image size-large\"><img loading=\"lazy\" decoding=\"async\" width=\"1280\" height=\"720\" src=\"https:\/\/jundiai.sp.gov.br\/noticias\/wp-content\/uploads\/sites\/32\/2021\/07\/conferencia-pessoa-com-deficiencia-1.png\" alt=\"\" class=\"wp-image-272249\" srcset=\"https:\/\/jundiai.sp.gov.br\/noticias\/wp-content\/uploads\/sites\/32\/2021\/07\/conferencia-pessoa-com-deficiencia-1.png 1280w, https:\/\/jundiai.sp.gov.br\/noticias\/wp-content\/uploads\/sites\/32\/2021\/07\/conferencia-pessoa-com-deficiencia-1-300x169.png 300w, https:\/\/jundiai.sp.gov.br\/noticias\/wp-content\/uploads\/sites\/32\/2021\/07\/conferencia-pessoa-com-deficiencia-1-768x432.png 768w\" sizes=\"auto, (max-width: 1280px) 100vw, 1280px\" \/><figcaption>A confer\u00eancia foi transmitida ao vivo, em uma edi\u00e7\u00e3o especial do Painel Jundia\u00ed da TVTEC<\/figcaption><\/figure>\n\n\n\n<p>Gustavo Maryssael de Campos, gestor da Unidade de Gest\u00e3o da Casa Civil (UGCC), \u00e0 qual o CMDPCD \u00e9 vinculado, refor\u00e7ou a disponibilidade da Prefeitura para o di\u00e1logo sobre o tema. \u201cJundia\u00ed conta com 32 conselhos, que tratam de diferentes temas, mas todos com grande import\u00e2ncia, enquanto ferramentas potentes de intera\u00e7\u00e3o entre a sociedade e o poder p\u00fablico. Trata-se da constru\u00e7\u00e3o de pontes, da cria\u00e7\u00e3o de condi\u00e7\u00f5es de pol\u00edticas inclusivas, revelando o interesse e sensibilidade do governo para o assunto. Exemplos disso s\u00e3o a cria\u00e7\u00e3o de uma assessoria para tratar do tema e a garantia da tradu\u00e7\u00e3o em Libras em transmiss\u00f5es com esta\u201d.<\/p>\n\n\n\n<p>A presidente do CMDPCD, Ivanilde Oliveira de Jesus, fez um balan\u00e7o dos 27 anos do Conselho. \u201cO Conselho tem visto, felizmente, tanto o crescimento na conscientiza\u00e7\u00e3o da popula\u00e7\u00e3o como o aumento da disponibilidade para di\u00e1logo por parte do Executivo e do Legislativo. Estas s\u00e3o as nossas maiores conquistas. De acordo com o \u00faltimo censo nacional, de mais de uma d\u00e9cada atr\u00e1s, quase 25% da popula\u00e7\u00e3o brasileira \u00e9 composta por pessoas com defici\u00eancia. Ou seja, uma em cada quatro pessoas possui uma defici\u00eancia. Queremos que elas deixem de ser invis\u00edveis e, quando notadas, sejam vistas enquanto pessoas n\u00e3o por suas defici\u00eancias\u201d.<\/p>\n\n\n\n<p>O assessor de Pol\u00edticas para a Pessoa com Defici\u00eancia da UGCC, Marco Antonio dos Santos, reiterou a experi\u00eancia exitosa de Jundia\u00ed. \u201cEntre os 645 munic\u00edpios paulistas, somente 150 possuem um Conselho para pessoas com defici\u00eancias. J\u00e1 durante a pandemia, somente 40 conseguiram manter suas atividades. Diante das dificuldades, Jundia\u00ed foi capaz de se reinventar e criar condi\u00e7\u00f5es para que os trabalhos pudessem ter continuidade\u201d.<\/p>\n\n\n\n<figure class=\"wp-block-image size-large\"><img loading=\"lazy\" decoding=\"async\" width=\"1280\" height=\"854\" src=\"https:\/\/jundiai.sp.gov.br\/noticias\/wp-content\/uploads\/sites\/32\/2021\/07\/conferencia_municipal_pessoas_deficiencia-10.jpg\" alt=\"\" class=\"wp-image-272251\" srcset=\"https:\/\/jundiai.sp.gov.br\/noticias\/wp-content\/uploads\/sites\/32\/2021\/07\/conferencia_municipal_pessoas_deficiencia-10.jpg 1280w, https:\/\/jundiai.sp.gov.br\/noticias\/wp-content\/uploads\/sites\/32\/2021\/07\/conferencia_municipal_pessoas_deficiencia-10-300x200.jpg 300w, https:\/\/jundiai.sp.gov.br\/noticias\/wp-content\/uploads\/sites\/32\/2021\/07\/conferencia_municipal_pessoas_deficiencia-10-768x512.jpg 768w, https:\/\/jundiai.sp.gov.br\/noticias\/wp-content\/uploads\/sites\/32\/2021\/07\/conferencia_municipal_pessoas_deficiencia-10-450x300.jpg 450w\" sizes=\"auto, (max-width: 1280px) 100vw, 1280px\" \/><figcaption>Gustavo Maryssael: &#8220;interesse e sensibilidade do governo para o assunto&#8221;<\/figcaption><\/figure>\n\n\n\n<p>Paulo Ferronato refor\u00e7ou a import\u00e2ncia da participa\u00e7\u00e3o para a garantia de direitos. \u201cForam a mobiliza\u00e7\u00e3o e a organiza\u00e7\u00e3o das pessoas com defici\u00eancia que, a partir da d\u00e9cada de 1980, garantiram n\u00e3o s\u00f3 a cria\u00e7\u00e3o de leis espec\u00edficas para o tema como, atrav\u00e9s da cobran\u00e7a, permitiram que as leis virassem direitos efetivos. As pol\u00edticas devem garantir equidade entre as pessoas, deixando para tr\u00e1s a invisibilidade e a marginaliza\u00e7\u00e3o que muitas pessoas com defici\u00eancia ainda enfrentam como realidade\u201d.<\/p>\n\n\n\n<p>O presidente da C\u00e2mara Municipal, o vereador Faouaz Taha, tamb\u00e9m reiterou a disponibilidade do Legislativo para a discuss\u00e3o das pautas e a import\u00e2ncia da participa\u00e7\u00e3o de pessoas com defici\u00eancia no debate sobre o tema inclusivo.<\/p>\n\n\n\n<p><strong>Mais Confer\u00eancia<\/strong><br>A programa\u00e7\u00e3o da 13\u00aa Confer\u00eancia segue nesta quinta-feira (15), a partir das 14h, com a elei\u00e7\u00e3o on-line dos novos representantes da sociedade civil do CMDPCD.<\/p>\n\n\n\n<p><strong>Assessoria de Imprensa<br>Fotos: Divulga\u00e7\u00e3o<\/strong><\/p>\n","protected":false},"excerpt":{"rendered":"<p>O Conselho Municipal dos Direitos da Pessoa com Defici\u00eancia (CMDPCD) de Jundia\u00ed deu in\u00edcio, na manh\u00e3 desta quarta-feira (14), \u00e0 programa\u00e7\u00e3o da 13\u00aa edi\u00e7\u00e3o de sua Confer\u00eancia, realizada a cada dois anos. O evento foi transmitido ao vivo, em uma edi\u00e7\u00e3o especial do Painel Jundia\u00ed da TVTEC, com tradu\u00e7\u00e3o simult\u00e2nea em L\u00edngua Brasileira de Sinais [&hellip;]<\/p>\n","protected":false},"author":14,"featured_media":272249,"comment_status":"closed","ping_status":"closed","sticky":false,"template":"","format":"standard","meta":{"footnotes":""},"categories":[2],"tags":[1031,62,1440,1176,1035],"ods":[],"class_list":["post-272233","post","type-post","status-publish","format-standard","has-post-thumbnail","hentry","category-noticias","tag-assessoria-de-politicas-para-pessoa-com-deficiencia","tag-casa-civil","tag-conselho-municipal-dos-direitos-da-pessoa-com-deficiencia","tag-prefeito-luiz-fernando-machado","tag-tvtec"],"_links":{"self":[{"href":"https:\/\/jundiai.sp.gov.br\/noticias\/wp-json\/wp\/v2\/posts\/272233","targetHints":{"allow":["GET"]}}],"collection":[{"href":"https:\/\/jundiai.sp.gov.br\/noticias\/wp-json\/wp\/v2\/posts"}],"about":[{"href":"https:\/\/jundiai.sp.gov.br\/noticias\/wp-json\/wp\/v2\/types\/post"}],"author":[{"embeddable":true,"href":"https:\/\/jundiai.sp.gov.br\/noticias\/wp-json\/wp\/v2\/users\/14"}],"replies":[{"embeddable":true,"href":"https:\/\/jundiai.sp.gov.br\/noticias\/wp-json\/wp\/v2\/comments?post=272233"}],"version-history":[{"count":3,"href":"https:\/\/jundiai.sp.gov.br\/noticias\/wp-json\/wp\/v2\/posts\/272233\/revisions"}],"predecessor-version":[{"id":272252,"href":"https:\/\/jundiai.sp.gov.br\/noticias\/wp-json\/wp\/v2\/posts\/272233\/revisions\/272252"}],"wp:featuredmedia":[{"embeddable":true,"href":"https:\/\/jundiai.sp.gov.br\/noticias\/wp-json\/wp\/v2\/media\/272249"}],"wp:attachment":[{"href":"https:\/\/jundiai.sp.gov.br\/noticias\/wp-json\/wp\/v2\/media?parent=272233"}],"wp:term":[{"taxonomy":"category","embeddable":true,"href":"https:\/\/jundiai.sp.gov.br\/noticias\/wp-json\/wp\/v2\/categories?post=272233"},{"taxonomy":"post_tag","embeddable":true,"href":"https:\/\/jundiai.sp.gov.br\/noticias\/wp-json\/wp\/v2\/tags?post=272233"},{"taxonomy":"ods","embeddable":true,"href":"https:\/\/jundiai.sp.gov.br\/noticias\/wp-json\/wp\/v2\/ods?post=272233"}],"curies":[{"name":"wp","href":"https:\/\/api.w.org\/{rel}","templated":true}]}}